{"id":9131,"date":"2023-01-27T14:29:56","date_gmt":"2023-01-27T17:29:56","guid":{"rendered":"https:\/\/machupicchubrasil.com.br\/blog\/?p=9131"},"modified":"2023-01-27T14:30:59","modified_gmt":"2023-01-27T17:30:59","slug":"o-que-esta-acontecendo-no-peru-entenda-a-crise-politica","status":"publish","type":"post","link":"https:\/\/machupicchubrasil.com.br\/blog\/o-que-esta-acontecendo-no-peru-entenda-a-crise-politica\/","title":{"rendered":"O que est\u00e1 acontecendo no Peru? Entenda a crise pol\u00edtica"},"content":{"rendered":"<p>O Peru se tornou assunto no notici\u00e1rio internacional nas \u00faltimas semanas por conta da crise pol\u00edtica que afeta o pa\u00eds. Protestos tomaram conta das ruas de algumas cidades peruanas, gerando impactos na popula\u00e7\u00e3o local e em turistas que planejavam visitar o pa\u00eds.<\/p>\n<p>Continue a leitura para entender o que est\u00e1 acontecendo, como fica o turismo em meio \u00e0 crise pol\u00edtica no Peru e como se preparar para visitar o pa\u00eds no futuro.<\/p>\n<p><img loading=\"lazy\" decoding=\"async\" class=\"img-fluid alignnone wp-image-9132 size-full\" src=\"https:\/\/machupicchubrasil.com.br\/blog\/wp-content\/uploads\/2023\/01\/cusco.png\" alt=\"\" width=\"1920\" height=\"1080\" srcset=\"https:\/\/machupicchubrasil.com.br\/blog\/wp-content\/uploads\/2023\/01\/cusco.png 1920w, https:\/\/machupicchubrasil.com.br\/blog\/wp-content\/uploads\/2023\/01\/cusco-300x169.png 300w, https:\/\/machupicchubrasil.com.br\/blog\/wp-content\/uploads\/2023\/01\/cusco-1024x576.png 1024w, https:\/\/machupicchubrasil.com.br\/blog\/wp-content\/uploads\/2023\/01\/cusco-768x432.png 768w, https:\/\/machupicchubrasil.com.br\/blog\/wp-content\/uploads\/2023\/01\/cusco-1536x864.png 1536w, https:\/\/machupicchubrasil.com.br\/blog\/wp-content\/uploads\/2023\/01\/cusco-700x394.png 700w, https:\/\/machupicchubrasil.com.br\/blog\/wp-content\/uploads\/2023\/01\/cusco-350x197.png 350w\" sizes=\"auto, (max-width: 1920px) 100vw, 1920px\" \/><\/p>\n<h3><strong>A origem da crise pol\u00edtica no Peru<\/strong><\/h3>\n<p>A crise pol\u00edtica no Peru teve in\u00edcio depois que o presidente Pedro Castillo tentou dissolver o Congresso, em 7 de dezembro. Enfrentando processos de impeachment e sem ter o apoio dos parlamentares, do poder Judici\u00e1rio e do ex\u00e9rcito, ele foi derrubado do cargo e condenado a 18 meses de pris\u00e3o pela tentativa de golpe. Quem assumiu o cargo de presidente foi a vice de Castillo, Dina Boluarte.<\/p>\n<p>Diante dos acontecimentos, parte da popula\u00e7\u00e3o foi \u00e0s ruas, principalmente em cidades do sul do Peru. Os manifestantes t\u00eam diferentes demandas, como a soltura de Castillo, a ren\u00fancia de Boluarte, o fechamento do Congresso e a elabora\u00e7\u00e3o de uma nova Constitui\u00e7\u00e3o.<\/p>\n<p>Os protestos desde ent\u00e3o t\u00eam sido marcados por viol\u00eancia e j\u00e1 causaram a morte de dezenas de pessoas. Tamb\u00e9m houve impactos na vida da popula\u00e7\u00e3o local e tamb\u00e9m de turistas, devido ao bloqueio de estradas, inc\u00eandio de pr\u00e9dios e invas\u00e3o de aeroportos.<\/p>\n<p><img loading=\"lazy\" decoding=\"async\" class=\"img-fluid alignnone wp-image-9133 size-full\" src=\"https:\/\/machupicchubrasil.com.br\/blog\/wp-content\/uploads\/2023\/01\/presidente.png\" alt=\"\" width=\"1920\" height=\"1080\" srcset=\"https:\/\/machupicchubrasil.com.br\/blog\/wp-content\/uploads\/2023\/01\/presidente.png 1920w, https:\/\/machupicchubrasil.com.br\/blog\/wp-content\/uploads\/2023\/01\/presidente-300x169.png 300w, https:\/\/machupicchubrasil.com.br\/blog\/wp-content\/uploads\/2023\/01\/presidente-1024x576.png 1024w, https:\/\/machupicchubrasil.com.br\/blog\/wp-content\/uploads\/2023\/01\/presidente-768x432.png 768w, https:\/\/machupicchubrasil.com.br\/blog\/wp-content\/uploads\/2023\/01\/presidente-1536x864.png 1536w, https:\/\/machupicchubrasil.com.br\/blog\/wp-content\/uploads\/2023\/01\/presidente-700x394.png 700w, https:\/\/machupicchubrasil.com.br\/blog\/wp-content\/uploads\/2023\/01\/presidente-350x197.png 350w\" sizes=\"auto, (max-width: 1920px) 100vw, 1920px\" \/><\/p>\n<h3><strong>Como a crise pol\u00edtica afeta o turismo no Peru<\/strong><\/h3>\n<p>No momento da reda\u00e7\u00e3o deste texto, <a href=\"https:\/\/www.cnnbrasil.com.br\/internacional\/peru-fecha-entrada-a-machu-picchu-devido-a-protestos-no-pais\/\">est\u00e3o suspensas as visitas<\/a> a Machu Picchu, principal destino tur\u00edstico do Peru. A decis\u00e3o foi tomada pelo Minist\u00e9rio da Cultura no dia 21 de janeiro em fun\u00e7\u00e3o da crise pol\u00edtica no pa\u00eds e vale por tempo indeterminado. Quem tem ingressos comprados para visitar a cidade Inca ter\u00e1 direito ao reembolso.<\/p>\n<p>Al\u00e9m disso, o acesso no momento est\u00e1 comprometido em cidades como Puno e <a href=\"https:\/\/www.machupicchubrasil.com.br\/destinos\/arequipa\/\">Arequipa<\/a>, no sul do Peru, regi\u00e3o mais afetada pelos protestos. <a href=\"https:\/\/machupicchubrasil.com.br\/blog\/categoria\/destinos\/lima\/\">Lima<\/a> chegou a ser afetada por protestos no dia 19 de janeiro, quando pessoas de diferentes partes do pa\u00eds viajaram at\u00e9 a capital para participar de atos pol\u00edticos.<\/p>\n<p><img loading=\"lazy\" decoding=\"async\" class=\"img-fluid alignnone wp-image-9135 size-full\" src=\"https:\/\/machupicchubrasil.com.br\/blog\/wp-content\/uploads\/2023\/01\/montanha-colorida.png\" alt=\"\" width=\"1920\" height=\"1080\" srcset=\"https:\/\/machupicchubrasil.com.br\/blog\/wp-content\/uploads\/2023\/01\/montanha-colorida.png 1920w, https:\/\/machupicchubrasil.com.br\/blog\/wp-content\/uploads\/2023\/01\/montanha-colorida-300x169.png 300w, https:\/\/machupicchubrasil.com.br\/blog\/wp-content\/uploads\/2023\/01\/montanha-colorida-1024x576.png 1024w, https:\/\/machupicchubrasil.com.br\/blog\/wp-content\/uploads\/2023\/01\/montanha-colorida-768x432.png 768w, https:\/\/machupicchubrasil.com.br\/blog\/wp-content\/uploads\/2023\/01\/montanha-colorida-1536x864.png 1536w, https:\/\/machupicchubrasil.com.br\/blog\/wp-content\/uploads\/2023\/01\/montanha-colorida-700x394.png 700w, https:\/\/machupicchubrasil.com.br\/blog\/wp-content\/uploads\/2023\/01\/montanha-colorida-350x197.png 350w\" sizes=\"auto, (max-width: 1920px) 100vw, 1920px\" \/><\/p>\n<h3><strong>A atua\u00e7\u00e3o da Machu Picchu Brasil durante a crise<\/strong><\/h3>\n<p>Clientes da Machu Picchu Brasil que j\u00e1 se encontravam no Peru quando os protestos come\u00e7aram tiveram assist\u00eancia completa da nossa equipe para garantir sua seguran\u00e7a. Todos os dias, ao fim da noite, a equipe oferecia atualiza\u00e7\u00f5es sobre a possibilidade ou n\u00e3o de realiza\u00e7\u00e3o de passeios no dia seguinte. Quem n\u00e3o conseguiu realizar os passeios contratados ser\u00e1 reembolsado.<\/p>\n<p>Clientes que ainda est\u00e3o com viagem marcada para o Peru at\u00e9 o dia 15 de Fevereiro de 2023 est\u00e3o sendo contatados pela equipe de Sucesso do Cliente da Machu Picchu Brasil para remarcar sua viagem at\u00e9 31 de dezembro de 2023, sem ter que pagar a multa contratual de 20%.<\/p>\n<p>Ser\u00e1 preciso pagar apenas a diferen\u00e7a tarif\u00e1ria da passagem a\u00e9rea, tendo em vista que essa \u00e9 uma pol\u00edtica das empresas de avia\u00e7\u00e3o referente aos embarques mais a futuro, n\u00e3o sendo poss\u00edvel interfer\u00eancia da ag\u00eancia sobre essa regra. Havendo flexibiliza\u00e7\u00e3o das pol\u00edticas das companhias (que est\u00e3o acontecendo de forma gradativa tomando como base a data de embarque), essas pol\u00edticas ser\u00e3o seguidas devidamente.<\/p>\n<p>Importante frisar que a Machu Picchu Brasil vem acompanhando os protestos desde o seu in\u00edcio e atua com os passageiros propondo as solu\u00e7\u00f5es vi\u00e1veis no momento, mediante a situa\u00e7\u00e3o do pa\u00eds (como condi\u00e7\u00f5es dos aeroportos e dos acessos \u00e0 Machu Picchu).<\/p>\n<p><img loading=\"lazy\" decoding=\"async\" class=\"img-fluid alignnone wp-image-9134 size-full\" src=\"https:\/\/machupicchubrasil.com.br\/blog\/wp-content\/uploads\/2023\/01\/machu-picchu.png\" alt=\"\" width=\"1920\" height=\"1080\" srcset=\"https:\/\/machupicchubrasil.com.br\/blog\/wp-content\/uploads\/2023\/01\/machu-picchu.png 1920w, https:\/\/machupicchubrasil.com.br\/blog\/wp-content\/uploads\/2023\/01\/machu-picchu-300x169.png 300w, https:\/\/machupicchubrasil.com.br\/blog\/wp-content\/uploads\/2023\/01\/machu-picchu-1024x576.png 1024w, https:\/\/machupicchubrasil.com.br\/blog\/wp-content\/uploads\/2023\/01\/machu-picchu-768x432.png 768w, https:\/\/machupicchubrasil.com.br\/blog\/wp-content\/uploads\/2023\/01\/machu-picchu-1536x864.png 1536w, https:\/\/machupicchubrasil.com.br\/blog\/wp-content\/uploads\/2023\/01\/machu-picchu-700x394.png 700w, https:\/\/machupicchubrasil.com.br\/blog\/wp-content\/uploads\/2023\/01\/machu-picchu-350x197.png 350w\" sizes=\"auto, (max-width: 1920px) 100vw, 1920px\" \/><\/p>\n<h3><strong>Quando vai ser poss\u00edvel viajar ao Peru sem protestos?<\/strong><\/h3>\n<p>N\u00e3o h\u00e1 uma resposta para o fim da crise pol\u00edtica no Peru, mas as autoridades afirmam que est\u00e3o trabalhando para control\u00e1-la. \u00c9 importante acompanhar o notici\u00e1rio para entender os rumos que a crise tomar\u00e1 a partir de agora, pois isso ajuda voc\u00ea a se planejar e identificar qual ser\u00e1 o melhor momento para voltar a visitar este pa\u00eds de cultura t\u00e3o rica e atra\u00e7\u00f5es tur\u00edsticas \u00fanicas, incluindo uma das 7 Maravilhas do Mundo Moderno (Machu Picchu).<\/p>\n<p>Ao se planejar, busque o apoio de ag\u00eancias especializadas no Peru, como a <a href=\"https:\/\/machupicchubrasil.com.br\/\">Machu Picchu Brasil<\/a>. Como a ag\u00eancia tem equipes no Brasil, para se comunicar com voc\u00ea, e no Peru, para entender de perto a situa\u00e7\u00e3o no pa\u00eds, h\u00e1 toda a seguran\u00e7a de agendar sua viagem em um momento seguro, que te permitir\u00e1 desfrutar de tudo o que o Peru tem de bom para oferecer.<\/p>\n<p>O sonho de conhecer Machu Picchu e visitar esse pa\u00eds que \u00e9 uma das joias da Am\u00e9rica do Sul n\u00e3o precisa ser deixado de lado! O Peru \u00e9 um pa\u00eds de cultura milenar, culin\u00e1ria mundialmente reconhecida e atrativos que causam o desejo em todos os apaixonados por viagens que enxergam no <a href=\"https:\/\/machupicchubrasil.com.br\/blog\/peru-ganha-tres-premios-no-world-travel-awards-2022\/\">Peru um destino dos sonhos<\/a>!<\/p>\n<p>Ent\u00e3o, a expectativa e desejo \u00e9 que a situa\u00e7\u00e3o no Peru se normalize o mais breve poss\u00edvel e que as viagens possam voltar a acontecer de forma tranquila e prazerosa.<\/p>\n<p><a href=\"https:\/\/www.machupicchubrasil.com.br\/contato\/\"><strong>Entre em contato com a nossa equipe<\/strong><\/a><strong> e saiba o melhor momento para visitar o Peru.<\/strong><\/p>\n<p><a href=\"https:\/\/api.whatsapp.com\/send?phone=551125282456&amp;text=ol%C3%A3%C2%A1!%20tenho%20interesse%20em%20viajar%20para%20o%20peru%20e%20gostaria%20de%20falar%20com%20um%20especialista.\"><img loading=\"lazy\" decoding=\"async\" class=\"alignnone wp-image-9036 size-full\" src=\"https:\/\/machupicchubrasil.com.br\/blog\/wp-content\/uploads\/2022\/10\/banner-10.png\" alt=\"\" width=\"800\" height=\"331\" srcset=\"https:\/\/machupicchubrasil.com.br\/blog\/wp-content\/uploads\/2022\/10\/banner-10.png 800w, https:\/\/machupicchubrasil.com.br\/blog\/wp-content\/uploads\/2022\/10\/banner-10-300x124.png 300w, https:\/\/machupicchubrasil.com.br\/blog\/wp-content\/uploads\/2022\/10\/banner-10-768x318.png 768w\" sizes=\"auto, (max-width: 800px) 100vw, 800px\" \/><\/a><\/p>\n","protected":false},"excerpt":{"rendered":"<p>O Peru se tornou assunto no notici\u00e1rio internacional nas \u00faltimas semanas por conta da crise pol\u00edtica que afeta o pa\u00eds. Protestos tomaram conta das ruas de algumas cidades peruanas, gerando impactos na popula\u00e7\u00e3o local e em turistas que planejavam visitar o pa\u00eds. Continue a leitura para entender o que est\u00e1 acontecendo, como fica o turismo [&hellip;]<\/p>\n","protected":false},"author":5,"featured_media":9133,"comment_status":"open","ping_status":"open","sticky":false,"template":"","format":"standard","meta":{"footnotes":""},"categories":[8,13,577],"tags":[760,765,761,763,61,764,762],"class_list":["post-9131","post","type-post","status-publish","format-standard","has-post-thumbnail","hentry","category-cusco","category-machu-picchu","category-noticias-peru","tag-crise-politica","tag-dina-boluarte","tag-greve","tag-greves-peru","tag-peru","tag-presidente-castillo","tag-protesto-no-peru"],"acf":[],"yoast_head":"<!-- This site is optimized with the Yoast SEO plugin v24.9 - https:\/\/yoast.com\/wordpress\/plugins\/seo\/ -->\n<title>O que est\u00e1 acontecendo no Peru? Entenda a crise pol\u00edtica<\/title>\n<meta name=\"description\" content=\"Crise pol\u00edtica no Peru, entenda o que est\u00e1 acontecendo. Protestos tomaram conta das ruas de algumas cidades peruanas.\" \/>\n<meta name=\"robots\" content=\"index, follow, max-snippet:-1, max-image-preview:large, max-video-preview:-1\" \/>\n<link rel=\"canonical\" href=\"https:\/\/machupicchubrasil.com.br\/blog\/o-que-esta-acontecendo-no-peru-entenda-a-crise-politica\/\" \/>\n<meta property=\"og:locale\" content=\"pt_BR\" \/>\n<meta property=\"og:type\" content=\"article\" \/>\n<meta property=\"og:title\" content=\"O que est\u00e1 acontecendo no Peru? Entenda a crise pol\u00edtica\" \/>\n<meta property=\"og:description\" content=\"Crise pol\u00edtica no Peru, entenda o que est\u00e1 acontecendo. Protestos tomaram conta das ruas de algumas cidades peruanas.\" \/>\n<meta property=\"og:url\" content=\"https:\/\/machupicchubrasil.com.br\/blog\/o-que-esta-acontecendo-no-peru-entenda-a-crise-politica\/\" \/>\n<meta property=\"og:site_name\" content=\"Machu Picchu Brasil | Pacotes para Machu Picchu no Peru\" \/>\n<meta property=\"article:published_time\" content=\"2023-01-27T17:29:56+00:00\" \/>\n<meta property=\"article:modified_time\" content=\"2023-01-27T17:30:59+00:00\" \/>\n<meta property=\"og:image\" content=\"https:\/\/machupicchubrasil.com.br\/blog\/wp-content\/uploads\/2023\/01\/presidente.png\" \/>\n\t<meta property=\"og:image:width\" content=\"1920\" \/>\n\t<meta property=\"og:image:height\" content=\"1080\" \/>\n\t<meta property=\"og:image:type\" content=\"image\/png\" \/>\n<meta name=\"author\" content=\"Jonas Correa\" \/>\n<meta name=\"twitter:card\" content=\"summary_large_image\" \/>\n<meta name=\"twitter:label1\" content=\"Escrito por\" \/>\n\t<meta name=\"twitter:data1\" content=\"Jonas Correa\" \/>\n\t<meta name=\"twitter:label2\" content=\"Est. tempo de leitura\" \/>\n\t<meta name=\"twitter:data2\" content=\"6 minutos\" \/>\n<script type=\"application\/ld+json\" class=\"yoast-schema-graph\">{\"@context\":\"https:\/\/schema.org\",\"@graph\":[{\"@type\":\"WebPage\",\"@id\":\"https:\/\/machupicchubrasil.com.br\/blog\/o-que-esta-acontecendo-no-peru-entenda-a-crise-politica\/\",\"url\":\"https:\/\/machupicchubrasil.com.br\/blog\/o-que-esta-acontecendo-no-peru-entenda-a-crise-politica\/\",\"name\":\"O que est\u00e1 acontecendo no Peru? Entenda a crise pol\u00edtica\",\"isPartOf\":{\"@id\":\"https:\/\/machupicchubrasil.com.br\/blog\/#website\"},\"primaryImageOfPage\":{\"@id\":\"https:\/\/machupicchubrasil.com.br\/blog\/o-que-esta-acontecendo-no-peru-entenda-a-crise-politica\/#primaryimage\"},\"image\":{\"@id\":\"https:\/\/machupicchubrasil.com.br\/blog\/o-que-esta-acontecendo-no-peru-entenda-a-crise-politica\/#primaryimage\"},\"thumbnailUrl\":\"https:\/\/machupicchubrasil.com.br\/blog\/wp-content\/uploads\/2023\/01\/presidente.png\",\"datePublished\":\"2023-01-27T17:29:56+00:00\",\"dateModified\":\"2023-01-27T17:30:59+00:00\",\"author\":{\"@id\":\"https:\/\/machupicchubrasil.com.br\/blog\/#\/schema\/person\/35b6f86a33e92d5788751b1755dea24f\"},\"description\":\"Crise pol\u00edtica no Peru, entenda o que est\u00e1 acontecendo. Protestos tomaram conta das ruas de algumas cidades peruanas.\",\"breadcrumb\":{\"@id\":\"https:\/\/machupicchubrasil.com.br\/blog\/o-que-esta-acontecendo-no-peru-entenda-a-crise-politica\/#breadcrumb\"},\"inLanguage\":\"pt-BR\",\"potentialAction\":[{\"@type\":\"ReadAction\",\"target\":[\"https:\/\/machupicchubrasil.com.br\/blog\/o-que-esta-acontecendo-no-peru-entenda-a-crise-politica\/\"]}]},{\"@type\":\"ImageObject\",\"inLanguage\":\"pt-BR\",\"@id\":\"https:\/\/machupicchubrasil.com.br\/blog\/o-que-esta-acontecendo-no-peru-entenda-a-crise-politica\/#primaryimage\",\"url\":\"https:\/\/machupicchubrasil.com.br\/blog\/wp-content\/uploads\/2023\/01\/presidente.png\",\"contentUrl\":\"https:\/\/machupicchubrasil.com.br\/blog\/wp-content\/uploads\/2023\/01\/presidente.png\",\"width\":1920,\"height\":1080},{\"@type\":\"BreadcrumbList\",\"@id\":\"https:\/\/machupicchubrasil.com.br\/blog\/o-que-esta-acontecendo-no-peru-entenda-a-crise-politica\/#breadcrumb\",\"itemListElement\":[{\"@type\":\"ListItem\",\"position\":1,\"name\":\"In\u00edcio\",\"item\":\"https:\/\/machupicchubrasil.com.br\/blog\/\"},{\"@type\":\"ListItem\",\"position\":2,\"name\":\"O que est\u00e1 acontecendo no Peru? Entenda a crise pol\u00edtica\"}]},{\"@type\":\"WebSite\",\"@id\":\"https:\/\/machupicchubrasil.com.br\/blog\/#website\",\"url\":\"https:\/\/machupicchubrasil.com.br\/blog\/\",\"name\":\"Machu Picchu Brasil | Pacotes para Machu Picchu no Peru\",\"description\":\"Machu Picchu Brasil - Experi\u00eancia e Seguran\u00e7a no Peru\",\"potentialAction\":[{\"@type\":\"SearchAction\",\"target\":{\"@type\":\"EntryPoint\",\"urlTemplate\":\"https:\/\/machupicchubrasil.com.br\/blog\/?s={search_term_string}\"},\"query-input\":{\"@type\":\"PropertyValueSpecification\",\"valueRequired\":true,\"valueName\":\"search_term_string\"}}],\"inLanguage\":\"pt-BR\"},{\"@type\":\"Person\",\"@id\":\"https:\/\/machupicchubrasil.com.br\/blog\/#\/schema\/person\/35b6f86a33e92d5788751b1755dea24f\",\"name\":\"Jonas Correa\",\"image\":{\"@type\":\"ImageObject\",\"inLanguage\":\"pt-BR\",\"@id\":\"https:\/\/machupicchubrasil.com.br\/blog\/#\/schema\/person\/image\/\",\"url\":\"https:\/\/secure.gravatar.com\/avatar\/732a0a39ea5cf4f53b9ae55219d2908c54ee657b6f5be0a5963176060f70e4a3?s=96&d=mm&r=g\",\"contentUrl\":\"https:\/\/secure.gravatar.com\/avatar\/732a0a39ea5cf4f53b9ae55219d2908c54ee657b6f5be0a5963176060f70e4a3?s=96&d=mm&r=g\",\"caption\":\"Jonas Correa\"},\"url\":\"https:\/\/machupicchubrasil.com.br\/blog\/author\/jonas\/\"}]}<\/script>\n<!-- \/ Yoast SEO plugin. -->","yoast_head_json":{"title":"O que est\u00e1 acontecendo no Peru? Entenda a crise pol\u00edtica","description":"Crise pol\u00edtica no Peru, entenda o que est\u00e1 acontecendo. Protestos tomaram conta das ruas de algumas cidades peruanas.","robots":{"index":"index","follow":"follow","max-snippet":"max-snippet:-1","max-image-preview":"max-image-preview:large","max-video-preview":"max-video-preview:-1"},"canonical":"https:\/\/machupicchubrasil.com.br\/blog\/o-que-esta-acontecendo-no-peru-entenda-a-crise-politica\/","og_locale":"pt_BR","og_type":"article","og_title":"O que est\u00e1 acontecendo no Peru? Entenda a crise pol\u00edtica","og_description":"Crise pol\u00edtica no Peru, entenda o que est\u00e1 acontecendo. Protestos tomaram conta das ruas de algumas cidades peruanas.","og_url":"https:\/\/machupicchubrasil.com.br\/blog\/o-que-esta-acontecendo-no-peru-entenda-a-crise-politica\/","og_site_name":"Machu Picchu Brasil | Pacotes para Machu Picchu no Peru","article_published_time":"2023-01-27T17:29:56+00:00","article_modified_time":"2023-01-27T17:30:59+00:00","og_image":[{"width":1920,"height":1080,"url":"https:\/\/machupicchubrasil.com.br\/blog\/wp-content\/uploads\/2023\/01\/presidente.png","type":"image\/png"}],"author":"Jonas Correa","twitter_card":"summary_large_image","twitter_misc":{"Escrito por":"Jonas Correa","Est. tempo de leitura":"6 minutos"},"schema":{"@context":"https:\/\/schema.org","@graph":[{"@type":"WebPage","@id":"https:\/\/machupicchubrasil.com.br\/blog\/o-que-esta-acontecendo-no-peru-entenda-a-crise-politica\/","url":"https:\/\/machupicchubrasil.com.br\/blog\/o-que-esta-acontecendo-no-peru-entenda-a-crise-politica\/","name":"O que est\u00e1 acontecendo no Peru? Entenda a crise pol\u00edtica","isPartOf":{"@id":"https:\/\/machupicchubrasil.com.br\/blog\/#website"},"primaryImageOfPage":{"@id":"https:\/\/machupicchubrasil.com.br\/blog\/o-que-esta-acontecendo-no-peru-entenda-a-crise-politica\/#primaryimage"},"image":{"@id":"https:\/\/machupicchubrasil.com.br\/blog\/o-que-esta-acontecendo-no-peru-entenda-a-crise-politica\/#primaryimage"},"thumbnailUrl":"https:\/\/machupicchubrasil.com.br\/blog\/wp-content\/uploads\/2023\/01\/presidente.png","datePublished":"2023-01-27T17:29:56+00:00","dateModified":"2023-01-27T17:30:59+00:00","author":{"@id":"https:\/\/machupicchubrasil.com.br\/blog\/#\/schema\/person\/35b6f86a33e92d5788751b1755dea24f"},"description":"Crise pol\u00edtica no Peru, entenda o que est\u00e1 acontecendo. Protestos tomaram conta das ruas de algumas cidades peruanas.","breadcrumb":{"@id":"https:\/\/machupicchubrasil.com.br\/blog\/o-que-esta-acontecendo-no-peru-entenda-a-crise-politica\/#breadcrumb"},"inLanguage":"pt-BR","potentialAction":[{"@type":"ReadAction","target":["https:\/\/machupicchubrasil.com.br\/blog\/o-que-esta-acontecendo-no-peru-entenda-a-crise-politica\/"]}]},{"@type":"ImageObject","inLanguage":"pt-BR","@id":"https:\/\/machupicchubrasil.com.br\/blog\/o-que-esta-acontecendo-no-peru-entenda-a-crise-politica\/#primaryimage","url":"https:\/\/machupicchubrasil.com.br\/blog\/wp-content\/uploads\/2023\/01\/presidente.png","contentUrl":"https:\/\/machupicchubrasil.com.br\/blog\/wp-content\/uploads\/2023\/01\/presidente.png","width":1920,"height":1080},{"@type":"BreadcrumbList","@id":"https:\/\/machupicchubrasil.com.br\/blog\/o-que-esta-acontecendo-no-peru-entenda-a-crise-politica\/#breadcrumb","itemListElement":[{"@type":"ListItem","position":1,"name":"In\u00edcio","item":"https:\/\/machupicchubrasil.com.br\/blog\/"},{"@type":"ListItem","position":2,"name":"O que est\u00e1 acontecendo no Peru? Entenda a crise pol\u00edtica"}]},{"@type":"WebSite","@id":"https:\/\/machupicchubrasil.com.br\/blog\/#website","url":"https:\/\/machupicchubrasil.com.br\/blog\/","name":"Machu Picchu Brasil | Pacotes para Machu Picchu no Peru","description":"Machu Picchu Brasil - Experi\u00eancia e Seguran\u00e7a no Peru","potentialAction":[{"@type":"SearchAction","target":{"@type":"EntryPoint","urlTemplate":"https:\/\/machupicchubrasil.com.br\/blog\/?s={search_term_string}"},"query-input":{"@type":"PropertyValueSpecification","valueRequired":true,"valueName":"search_term_string"}}],"inLanguage":"pt-BR"},{"@type":"Person","@id":"https:\/\/machupicchubrasil.com.br\/blog\/#\/schema\/person\/35b6f86a33e92d5788751b1755dea24f","name":"Jonas Correa","image":{"@type":"ImageObject","inLanguage":"pt-BR","@id":"https:\/\/machupicchubrasil.com.br\/blog\/#\/schema\/person\/image\/","url":"https:\/\/secure.gravatar.com\/avatar\/732a0a39ea5cf4f53b9ae55219d2908c54ee657b6f5be0a5963176060f70e4a3?s=96&d=mm&r=g","contentUrl":"https:\/\/secure.gravatar.com\/avatar\/732a0a39ea5cf4f53b9ae55219d2908c54ee657b6f5be0a5963176060f70e4a3?s=96&d=mm&r=g","caption":"Jonas Correa"},"url":"https:\/\/machupicchubrasil.com.br\/blog\/author\/jonas\/"}]}},"_links":{"self":[{"href":"https:\/\/machupicchubrasil.com.br\/blog\/wp-json\/wp\/v2\/posts\/9131","targetHints":{"allow":["GET"]}}],"collection":[{"href":"https:\/\/machupicchubrasil.com.br\/blog\/wp-json\/wp\/v2\/posts"}],"about":[{"href":"https:\/\/machupicchubrasil.com.br\/blog\/wp-json\/wp\/v2\/types\/post"}],"author":[{"embeddable":true,"href":"https:\/\/machupicchubrasil.com.br\/blog\/wp-json\/wp\/v2\/users\/5"}],"replies":[{"embeddable":true,"href":"https:\/\/machupicchubrasil.com.br\/blog\/wp-json\/wp\/v2\/comments?post=9131"}],"version-history":[{"count":1,"href":"https:\/\/machupicchubrasil.com.br\/blog\/wp-json\/wp\/v2\/posts\/9131\/revisions"}],"predecessor-version":[{"id":9136,"href":"https:\/\/machupicchubrasil.com.br\/blog\/wp-json\/wp\/v2\/posts\/9131\/revisions\/9136"}],"wp:featuredmedia":[{"embeddable":true,"href":"https:\/\/machupicchubrasil.com.br\/blog\/wp-json\/wp\/v2\/media\/9133"}],"wp:attachment":[{"href":"https:\/\/machupicchubrasil.com.br\/blog\/wp-json\/wp\/v2\/media?parent=9131"}],"wp:term":[{"taxonomy":"category","embeddable":true,"href":"https:\/\/machupicchubrasil.com.br\/blog\/wp-json\/wp\/v2\/categories?post=9131"},{"taxonomy":"post_tag","embeddable":true,"href":"https:\/\/machupicchubrasil.com.br\/blog\/wp-json\/wp\/v2\/tags?post=9131"}],"curies":[{"name":"wp","href":"https:\/\/api.w.org\/{rel}","templated":true}]}}