{"id":7425,"date":"2021-01-18T23:28:45","date_gmt":"2021-01-18T23:28:45","guid":{"rendered":"https:\/\/machupicchubrasil.com.br\/blog\/?p=7425"},"modified":"2021-07-23T08:24:03","modified_gmt":"2021-07-23T08:24:03","slug":"viajar-na-pandemia","status":"publish","type":"post","link":"https:\/\/machupicchubrasil.com.br\/blog\/viajar-na-pandemia\/","title":{"rendered":"Viajar na pandemia: um manual de boas pr\u00e1ticas"},"content":{"rendered":"\r\n<p>A pandemia do coronav\u00edrus atrapalhou muitos planos de viagem em 2020 \u2013 fronteiras fechadas, voos cancelados e muita incerteza. Em 2021 o cen\u00e1rio j\u00e1 come\u00e7ou a mudar! A vontade de <strong>viajar na pandemia <\/strong>est\u00e1 maior do que nunca e hoje j\u00e1 \u00e9 poss\u00edvel realizar a viagem dos seus sonhos.<\/p>\r\n\r\n\r\n\r\n<p>Mas, \u00e9 claro, \u00e9 preciso algumas<strong> recomenda\u00e7\u00f5es muito importantes<\/strong> para que sua experi\u00eancia seja a melhor poss\u00edvel nesse momento.<\/p>\r\n\r\n\r\n\r\n<p>Muitos destinos j\u00e1 possuem o selo \u201c<strong>Safe Travels<\/strong>\u201d \u2013 criado pela WTTC (World Travel &amp; Tourism Council), que \u00e9 o Conselho Mundial de Viagens e Turismo. O seu objetivo \u00e9 reconhecer os destinos tur\u00edsticos que adotaram <strong>protocolos de sa\u00fade e biosseguran\u00e7a <\/strong>para receber os viajantes adequadamente neste per\u00edodo.<\/p>\r\n\r\n\r\n\r\n<p>Portanto, pode viajar! Mas, para isso, \u00e9 preciso estar atento a alguns <strong>cuidados<\/strong> para fazer uma viagem tranquila, preservando a sua sa\u00fade e a de quem estiver ao seu redor.<\/p>\r\n\r\n\r\n\r\n<p>Separamos algumas <strong>dicas fundamentais<\/strong> para viajar na pandemia. Vamos conferir?<\/p>\r\n\r\n\r\n\r\n<h4 class=\"wp-block-heading\"><strong><span class=\"has-inline-color has-vivid-cyan-blue-color\">Como fazer uma viagem segura?<\/span><\/strong><\/h4>\r\n\r\n\r\n\r\n<p><strong><span class=\"has-inline-color has-vivid-cyan-blue-color\">Para embarcar <br \/><\/span><\/strong>Lembre-se de usar uma <strong>m\u00e1scara descart\u00e1vel<\/strong> (do tipo N-95) e <strong>protetor facial<\/strong> (face shield) quando for embarcar nos voos. N\u00e3o esque\u00e7a de levar <strong>m\u00e1scara extra<\/strong> para trocar durante o voo, pois a recomenda\u00e7\u00e3o \u00e9 trocar o utens\u00edlio a cada 2 horas.<\/p>\r\n\r\n\r\n\r\n<p><strong><span class=\"has-inline-color has-vivid-cyan-blue-color\">Nos hot\u00e9is<br \/><\/span><\/strong>Muitos hot\u00e9is est\u00e3o servindo o <strong>caf\u00e9 da manh\u00e3 sob demanda<\/strong>. Ou seja, o h\u00f3spede se direciona at\u00e9 o sal\u00e3o que ser\u00e1 servida a refei\u00e7\u00e3o, mas dever\u00e1 pedir o que deseja comer a um funcion\u00e1rio do hotel. Assim, o prato ser\u00e1 preparado e servido diretamente na mesa.<\/p>\r\n\r\n\r\n\r\n<p>Os hot\u00e9is, atualmente, <strong>n\u00e3o est\u00e3o servindo o caf\u00e9 da manh\u00e3 tipo buffet<\/strong> por medida de seguran\u00e7a para os h\u00f3spedes. Sempre que for se locomover pelo hotel, esteja de m\u00e1scara.<\/p>\r\n\r\n\r\n\r\n<p><strong><span class=\"has-inline-color has-vivid-cyan-blue-color\">Durante os passeios<\/span><\/strong><\/p>\r\n\r\n\r\n\r\n<figure class=\"wp-block-image size-large\"><img decoding=\"async\" class=\"wp-image-7428\" src=\"https:\/\/machupicchubrasil.com.br\/blog\/wp-content\/uploads\/2021\/01\/passeio-1.jpg\" alt=\"\" \/><\/figure>\r\n\r\n\r\n\r\n<p>Esteja sempre com m\u00e1scara durante o tour inteiro. Neste caso, poder\u00e1 utilizar m\u00e1scara de pano sem problemas. N\u00e3o esque\u00e7a que ela precisa estar<strong> cobrindo o nariz e a boca<\/strong>! Evite tocar na m\u00e1scara e, na hora que for retir\u00e1-la, pegue-a pelo el\u00e1stico das laterais. Mesmo aquelas feitas de pano tamb\u00e9m <strong>precisam ser trocadas a cada 2 horas<\/strong>.<\/p>\r\n\r\n\r\n\r\n<p><strong><span class=\"has-inline-color has-vivid-cyan-blue-color\">Higienize as m\u00e3os<br \/><\/span><\/strong>Lave bem as m\u00e3os com <strong>\u00e1gua e sab\u00e3o<\/strong> sempre que poss\u00edvel. Quando n\u00e3o puder, utilize o <strong>\u00e1lcool em gel<\/strong>. Sempre leve com voc\u00ea um frasco para utilizar durante os tours ou mesmo quando for simplesmente caminhar pela cidade..<\/p>\r\n\r\n\r\n\r\n<p><strong><span class=\"has-inline-color has-vivid-cyan-blue-color\">Check-in online<\/span><br \/><\/strong>Ao viajar na pandemia, opte pelo check-in online dos seus voos. Assim, voc\u00ea <strong>evita diversos pontos de contato \u201cdesnecess\u00e1rios\u201d<\/strong>. Voc\u00ea poder\u00e1 apresentar seu cart\u00e3o de embarque diretamente em seu smartphone na hora do embarque.<\/p>\r\n\r\n\r\n\r\n<p><strong><span class=\"has-inline-color has-vivid-cyan-blue-color\">Bagagem<\/span><br \/><\/strong>Se poss\u00edvel, tente viajar somente com a <strong>bagagem de m\u00e3o<\/strong>. Dessa forma, voc\u00ea tamb\u00e9m evitar\u00e1 diversos pontos de contato que podem ser arriscados e poupar\u00e1 seu tempo quando chegar ao destino.<\/p>\r\n\r\n\r\n\r\n<p>Geralmente, o local das esteiras de bagagem fica com aglomera\u00e7\u00e3o dos viajantes esperando suas malas despachadas chegarem. Mas se voc\u00ea viajar apenas com mala de m\u00e3o,<strong> n\u00e3o precisar\u00e1 ficar esperando no meio da aglomera\u00e7\u00e3o<\/strong>.<\/p>\r\n\r\n\r\n\r\n<p><strong><span class=\"has-inline-color has-vivid-cyan-blue-color\">Contato<\/span><\/strong><\/p>\r\n\r\n\r\n\r\n<figure class=\"wp-block-image size-large\"><img decoding=\"async\" class=\"wp-image-7429\" src=\"https:\/\/machupicchubrasil.com.br\/blog\/wp-content\/uploads\/2021\/01\/covid-viagem.jpg\" alt=\"\" \/><\/figure>\r\n\r\n\r\n\r\n<p>Evite cumprimentar as pessoas com abra\u00e7os ou toques com as m\u00e3os. Sabemos que faz parte da nossa cultura e que \u00e9 algo natural nosso, por\u00e9m, em per\u00edodo de pandemia, \u00e9 importante <strong>evitar cumprimentos calorosos<\/strong>.<\/p>\r\n\r\n\r\n\r\n<p><strong><span class=\"has-inline-color has-vivid-cyan-blue-color\">Aglomera\u00e7\u00f5es<\/span><br \/><\/strong>Sempre que for poss\u00edvel, evite locais muito cheios, especialmente se for um ambiente fechado. Tente manter uma <strong>dist\u00e2ncia segura<\/strong> dos demais visitantes e n\u00e3o deixe para comprar ingressos na hora, pois assim n\u00e3o precisar\u00e1 pegar filas!<\/p>\r\n\r\n\r\n\r\n<p><strong><span class=\"has-inline-color has-vivid-cyan-blue-color\">Restaurantes<\/span><br \/><\/strong>D\u00ea prefer\u00eancias para restaurantes e bares que estejam respeitando o <strong>distanciamento entre as mesas<\/strong> e trabalhando com a<strong> lota\u00e7\u00e3o reduzida<\/strong>. Sempre que for se levantar para ir ao banheiro ou para pagar a conta, esteja usando m\u00e1scara.<\/p>\r\n\r\n\r\n\r\n<p><strong><span class=\"has-inline-color has-vivid-cyan-blue-color\">Seguro Viagem<br \/><\/span><\/strong>Para qualquer viagem internacional, o <strong>seguro viagem \u00e9 extremamente recomendado<\/strong>. Ao viajar na pandemia, essa necessidade se torna ainda mais intensa! Mesmo que o seguro n\u00e3o possua cobertura espec\u00edfica para a covid-19, \u00e9 importante ter um, assim voc\u00ea poder\u00e1 ficar mais tranquilo, sabendo que <strong>ter\u00e1 cobertura caso passe por algum problema<\/strong>.<\/p>\r\n\r\n\r\n\r\n<h4 class=\"wp-block-heading\"><strong><span class=\"has-inline-color has-vivid-cyan-blue-color\">Como a pandemia pode interferir na minha viagem?<\/span><\/strong><\/h4>\r\n\r\n\r\n\r\n<p>Todo mundo precisou se adaptar ao \u201cnovo normal\u201d, buscando trazer o <strong>m\u00e1ximo de seguran\u00e7a poss\u00edvel<\/strong> para si mesmo e para quem est\u00e1 ao redor. O mesmo aconteceu com hot\u00e9is, restaurantes, companhias a\u00e9reas e todo o segmento tur\u00edstico.<\/p>\r\n\r\n\r\n\r\n<p>Listamos algumas mudan\u00e7as que ocorreram e podem impactar na hora de viajar na pandemia:<\/p>\r\n\r\n\r\n\r\n<p><strong><span class=\"has-inline-color has-vivid-cyan-blue-color\">A m\u00e1scara \u00e9 obrigat\u00f3ria<\/span><br \/><\/strong>Esteja ciente de que a <strong>m\u00e1scara <\/strong>\u00e9 muito importante para evitar o cont\u00e1gio do coronav\u00edrus. Portanto, ao viajar na pandemia, ela <strong>dever\u00e1 ser utilizada em todos os momentos<\/strong>, desde a sa\u00edda do Brasil at\u00e9 o seu retorno.<\/p>\r\n\r\n\r\n\r\n<p><strong><span class=\"has-inline-color has-vivid-cyan-blue-color\">Fa\u00e7a o teste de covid para embarcar<br \/><\/span><\/strong>Muitos pa\u00edses est\u00e3o solicitando o <strong>exame do PCR negativo<\/strong> para aceitar a entrada do visitante no pa\u00eds. Para alguns destinos, somente o exame de <strong>Ant\u00edgeno <\/strong>negativo j\u00e1 \u00e9 suficiente. Entretanto, para outros \u00e9 necess\u00e1rio apresentar o PCR (prova molecular) comprovando o resultado negativo. Muito importante estar atento ao <strong>prazo permitido para fazer o exame<\/strong>! Caso o exame seja realizado fora do limite exigido, isso poder\u00e1 te impedir de entrar no pa\u00eds. Fique atento!<\/p>\r\n\r\n\r\n\r\n<p><strong><span class=\"has-inline-color has-vivid-cyan-blue-color\">Temperatura<\/span><\/strong><\/p>\r\n\r\n\r\n\r\n<figure class=\"wp-block-image size-large\"><img decoding=\"async\" class=\"wp-image-7430\" src=\"https:\/\/machupicchubrasil.com.br\/blog\/wp-content\/uploads\/2021\/01\/temperatura-covid.jpg\" alt=\"\" \/><\/figure>\r\n\r\n\r\n\r\n<p>Em hot\u00e9is, embarques, restaurantes, museus, passeios e lojas <strong>a sua temperatura poder\u00e1 ser medida por um term\u00f4metro digital<\/strong>. Geralmente mede-se a temperatura pelo punho ou pela testa.<\/p>\r\n\r\n\r\n\r\n<p><strong><span class=\"has-inline-color has-vivid-cyan-blue-color\">Padr\u00f5es de higiene<br \/><\/span><\/strong>Os estabelecimentos, bem como os hot\u00e9is e as companhias a\u00e9reas, est\u00e3o com <strong>novos padr\u00f5es de higiene<\/strong> neste momento de pandemia. A limpeza dos ambientes est\u00e1 mais frequente e rigorosa, \u00e1lcool em gel est\u00e1 sendo disponibilizado aos consumidores, os funcion\u00e1rios est\u00e3o utilizando m\u00e1scara e podem estar utilizando tamb\u00e9m o protetor facial e inclusive luvas.<\/p>\r\n\r\n\r\n\r\n<p><strong><span class=\"has-inline-color has-vivid-cyan-blue-color\">Redu\u00e7\u00e3o da capacidade m\u00e1xima<br \/><\/span><\/strong>Muitos empreendimentos est\u00e3o com sua <strong>capacidade de lota\u00e7\u00e3o reduzida<\/strong> para evitar aglomera\u00e7\u00f5es e garantir um distanciamento seguro entre os clientes. Quando for sair para comer em algum restaurante, <strong>opte por locais que estejam adequados nesse novo conceito<\/strong>, tendo mesas vazias marcando o distanciamento entre as mesas ocupadas.<\/p>\r\n\r\n\r\n\r\n<p><strong><span class=\"has-inline-color has-vivid-cyan-blue-color\">Quarentena obrigat\u00f3ria<br \/><\/span><\/strong>V\u00e1rios <strong>governos est\u00e3o decretando quarentena obrigat\u00f3ria a todos os turistas que cheguem ao pa\u00eds<\/strong>. Geralmente, o per\u00edodo de isolamento \u00e9 de 14 dias e o turista estrangeiro fica acomodado em algum espa\u00e7o pertencente ao Governo que estar\u00e1 adaptado para este tipo de situa\u00e7\u00e3o (como Vila Ol\u00edmpica, Universidades, escolas, etc).<\/p>\r\n\r\n\r\n\r\n<p>O passageiro pode optar por ficar hospedado em um hotel durante esse per\u00edodo de isolamento, mas o hotel precisa fazer parte da lista dos recomendados pelo <strong>Minist\u00e9rio da Sa\u00fade<\/strong> <strong>do pa\u00eds<\/strong>. Os custos para ficar no hotel s\u00e3o por conta do pr\u00f3prio passageiro.<\/p>\r\n\r\n\r\n\r\n<p><strong><span class=\"has-inline-color has-vivid-cyan-blue-color\">Documenta\u00e7\u00e3o extra<br \/><\/span><\/strong>Al\u00e9m do exame negativo para a covid-19, muitos pa\u00edses est\u00e3o exigindo que o visitante preencha um formul\u00e1rio online chamado \u201c<strong>Declara\u00e7\u00e3o Jurada de Sa\u00fade<\/strong>\u201d. Este formul\u00e1rio \u00e9 disponibilizado no site oficial dos governos e dever\u00e1 ser respondido antes do embarque.<\/p>\r\n\r\n\r\n\r\n<p>Esteja atento se seu pa\u00eds de destino est\u00e1 exigindo esta declara\u00e7\u00e3o. Para o<strong> retorno ao Brasil<\/strong>, tamb\u00e9m \u00e9 exigido o preenchimento do formul\u00e1rio online de Declara\u00e7\u00e3o de Sa\u00fade do Viajante dispon\u00edvel no site da <a href=\"https:\/\/formulario.anvisa.gov.br\/\">Anvisa<\/a>, al\u00e9m do exame PCR negativo.<\/p>\r\n\r\n\r\n\r\n<p><strong><span class=\"has-inline-color has-vivid-cyan-blue-color\">Exame PCR de retorno ao Brasil<br \/><\/span><\/strong><\/p>\r\n\r\n\r\n\r\n<figure class=\"wp-block-image size-large\"><img decoding=\"async\" class=\"wp-image-7431\" src=\"https:\/\/machupicchubrasil.com.br\/blog\/wp-content\/uploads\/2021\/01\/exame-pcr.jpg\" alt=\"\" \/><\/figure>\r\n\r\n\r\n\r\n<p>Desde o dia 30 de dezembro de 2020 o Brasil est\u00e1 exigindo o exame PCR com resultado negativo de todas as pessoas que estejam chegando ao pa\u00eds. O <strong>exame dever\u00e1 ser feito em at\u00e9 72 horas antes do embarque<\/strong> e o resultado dever\u00e1 ser apresentado no ato do embarque em seu pa\u00eds de origem.<\/p>\r\n\r\n\r\n\r\n<p>Fique atento, pois o Brasil n\u00e3o est\u00e1 aceitando outros tipos de exames, somente o PCR. Tamb\u00e9m esteja atento ao prazo que o exame pode ser realizado! <a href=\"https:\/\/www.gov.br\/anvisa\/pt-br\/assuntos\/noticias-anvisa\/2020\/entrada-no-brasil-conheca-novas-regras\" target=\"_blank\" rel=\"noreferrer noopener\">Saiba mais<\/a>.<\/p>\r\n\r\n\r\n\r\n<p><strong><span class=\"has-inline-color has-vivid-cyan-blue-color\">Exame PCR positivo<br \/><\/span><\/strong>Infelizmente pode acontecer que, ao regressar ao Brasil, o turista teste positivo para a covid-19.<\/p>\r\n\r\n\r\n\r\n<p>Em casos assim, <strong>ser\u00e1 necess\u00e1rio cumprir a quarentena no pa\u00eds<\/strong> at\u00e9 a realiza\u00e7\u00e3o de um novo exame que d\u00ea resultado negativo para covid-19. Custos de di\u00e1rias extras, remarca\u00e7\u00e3o de voos, alimenta\u00e7\u00e3o, entre outros, ficam por conta do passageiro nestes casos.<\/p>\r\n\r\n\r\n\r\n<p>Em caso de o passageiro possuir um seguro viagem com cobertura para a covid-19, <strong>deve-se entrar em contato com a seguradora<\/strong> para dar entrada nos procedimentos.<\/p>\r\n\r\n\r\n\r\n<h4 class=\"wp-block-heading\"><strong><span class=\"has-inline-color has-vivid-cyan-blue-color\">Gostaram das nossas dicas para viajar na pandemia?<\/span><\/strong><\/h4>\r\n\r\n\r\n\r\n<p>Essas foram as nossas dicas para voc\u00ea poder fazer uma <strong>viagem segura e tranquila<\/strong> enquanto a vacina n\u00e3o chega.<\/p>\r\n\r\n\r\n\r\n<p>Importante mencionar que<strong> novas exig\u00eancias podem surgir a qualquer momento<\/strong>, portanto, as informa\u00e7\u00f5es contidas aqui est\u00e3o pass\u00edveis de altera\u00e7\u00f5es.<\/p>\r\n\r\n\r\n\r\n<p>Nestes momentos, o suporte de um <strong>agente de viagem<\/strong> poder\u00e1 fazer toda a diferen\u00e7a na sua experi\u00eancia de viagem. Isso porque ele estar\u00e1 apto para passar as informa\u00e7\u00f5es oficiais de cada pa\u00eds, garantir suas reservas com anteced\u00eancia e te dar todas as instru\u00e7\u00f5es necess\u00e1rias para que voc\u00ea possa <strong>aproveitar sua viagem da melhor forma poss\u00edvel<\/strong>!<\/p>\r\n\r\n\r\n\r\n<h3 class=\"has-text-align-center wp-block-heading\"><span class=\"has-inline-color has-vivid-cyan-blue-color\">Viaje com seguran\u00e7a e apoio profissional.<\/span><\/h3>\r\n\r\n\r\n\r\n<div class=\"wp-block-buttons aligncenter is-layout-flex wp-block-buttons-is-layout-flex\">\r\n<div class=\"wp-block-button is-style-fill\"><a class=\"wp-block-button__link\" href=\"https:\/\/www.machupicchubrasil.com.br\/contato\/\" target=\"_blank\" rel=\"noreferrer noopener\">\u00a0Fale com especialistas!<\/a><\/div>\r\n<\/div>\r\n\r\n\r\n\r\n<p>&nbsp;<\/p>\r\n","protected":false},"excerpt":{"rendered":"<p>A pandemia do coronav\u00edrus atrapalhou muitos planos de viagem em 2020 \u2013 fronteiras fechadas, voos cancelados e muita incerteza. Em 2021 o cen\u00e1rio j\u00e1 come\u00e7ou a mudar! A vontade de viajar na pandemia est\u00e1 maior do que nunca e hoje j\u00e1 \u00e9 poss\u00edvel realizar a viagem dos seus sonhos. Mas, \u00e9 claro, \u00e9 preciso algumas [&hellip;]<\/p>\n","protected":false},"author":1,"featured_media":7714,"comment_status":"open","ping_status":"open","sticky":false,"template":"","format":"standard","meta":{"footnotes":""},"categories":[34,1,47],"tags":[529,551,552],"class_list":["post-7425","post","type-post","status-publish","format-standard","has-post-thumbnail","hentry","category-dicas-uteis","category-uncategorized","category-viagens-em-familia","tag-coronavirus","tag-covid","tag-pandemia"],"acf":[],"yoast_head":"<!-- This site is optimized with the Yoast SEO plugin v24.9 - https:\/\/yoast.com\/wordpress\/plugins\/seo\/ -->\n<title>Viajar na pandemia: um manual de boas pr\u00e1ticas<\/title>\n<meta name=\"description\" content=\"Conhe\u00e7a os principais cuidados que voc\u00ea deve tomar ao viajar na pandemia para garantir uma experi\u00eancia segura e inesquec\u00edvel!\" \/>\n<meta name=\"robots\" content=\"index, follow, max-snippet:-1, max-image-preview:large, max-video-preview:-1\" \/>\n<link rel=\"canonical\" href=\"https:\/\/machupicchubrasil.com.br\/blog\/viajar-na-pandemia\/\" \/>\n<meta property=\"og:locale\" content=\"pt_BR\" \/>\n<meta property=\"og:type\" content=\"article\" \/>\n<meta property=\"og:title\" content=\"Viajar na pandemia: um manual de boas pr\u00e1ticas\" \/>\n<meta property=\"og:description\" content=\"Conhe\u00e7a os principais cuidados que voc\u00ea deve tomar ao viajar na pandemia para garantir uma experi\u00eancia segura e inesquec\u00edvel!\" \/>\n<meta property=\"og:url\" content=\"https:\/\/machupicchubrasil.com.br\/blog\/viajar-na-pandemia\/\" \/>\n<meta property=\"og:site_name\" content=\"Machu Picchu Brasil | Pacotes para Machu Picchu no Peru\" \/>\n<meta property=\"article:published_time\" content=\"2021-01-18T23:28:45+00:00\" \/>\n<meta property=\"article:modified_time\" content=\"2021-07-23T08:24:03+00:00\" \/>\n<meta property=\"og:image\" content=\"https:\/\/machupicchubrasil.com.br\/blog\/wp-content\/uploads\/2021\/01\/viagem-pos-pandemia-1024x576.png\" \/>\n\t<meta property=\"og:image:width\" content=\"1024\" \/>\n\t<meta property=\"og:image:height\" content=\"576\" \/>\n\t<meta property=\"og:image:type\" content=\"image\/png\" \/>\n<meta name=\"author\" content=\"Adm- MKT\" \/>\n<meta name=\"twitter:card\" content=\"summary_large_image\" \/>\n<meta name=\"twitter:label1\" content=\"Escrito por\" \/>\n\t<meta name=\"twitter:data1\" content=\"Adm- MKT\" \/>\n\t<meta name=\"twitter:label2\" content=\"Est. tempo de leitura\" \/>\n\t<meta name=\"twitter:data2\" content=\"8 minutos\" \/>\n<script type=\"application\/ld+json\" class=\"yoast-schema-graph\">{\"@context\":\"https:\/\/schema.org\",\"@graph\":[{\"@type\":\"WebPage\",\"@id\":\"https:\/\/machupicchubrasil.com.br\/blog\/viajar-na-pandemia\/\",\"url\":\"https:\/\/machupicchubrasil.com.br\/blog\/viajar-na-pandemia\/\",\"name\":\"Viajar na pandemia: um manual de boas pr\u00e1ticas\",\"isPartOf\":{\"@id\":\"https:\/\/machupicchubrasil.com.br\/blog\/#website\"},\"primaryImageOfPage\":{\"@id\":\"https:\/\/machupicchubrasil.com.br\/blog\/viajar-na-pandemia\/#primaryimage\"},\"image\":{\"@id\":\"https:\/\/machupicchubrasil.com.br\/blog\/viajar-na-pandemia\/#primaryimage\"},\"thumbnailUrl\":\"https:\/\/machupicchubrasil.com.br\/blog\/wp-content\/uploads\/2021\/01\/viagem-pos-pandemia.png\",\"datePublished\":\"2021-01-18T23:28:45+00:00\",\"dateModified\":\"2021-07-23T08:24:03+00:00\",\"author\":{\"@id\":\"https:\/\/machupicchubrasil.com.br\/blog\/#\/schema\/person\/8c88e6e1a1c2554f025e5d4f94f9e88f\"},\"description\":\"Conhe\u00e7a os principais cuidados que voc\u00ea deve tomar ao viajar na pandemia para garantir uma experi\u00eancia segura e inesquec\u00edvel!\",\"breadcrumb\":{\"@id\":\"https:\/\/machupicchubrasil.com.br\/blog\/viajar-na-pandemia\/#breadcrumb\"},\"inLanguage\":\"pt-BR\",\"potentialAction\":[{\"@type\":\"ReadAction\",\"target\":[\"https:\/\/machupicchubrasil.com.br\/blog\/viajar-na-pandemia\/\"]}]},{\"@type\":\"ImageObject\",\"inLanguage\":\"pt-BR\",\"@id\":\"https:\/\/machupicchubrasil.com.br\/blog\/viajar-na-pandemia\/#primaryimage\",\"url\":\"https:\/\/machupicchubrasil.com.br\/blog\/wp-content\/uploads\/2021\/01\/viagem-pos-pandemia.png\",\"contentUrl\":\"https:\/\/machupicchubrasil.com.br\/blog\/wp-content\/uploads\/2021\/01\/viagem-pos-pandemia.png\",\"width\":1920,\"height\":1080,\"caption\":\"viagem p\u00f3s pandemia\"},{\"@type\":\"BreadcrumbList\",\"@id\":\"https:\/\/machupicchubrasil.com.br\/blog\/viajar-na-pandemia\/#breadcrumb\",\"itemListElement\":[{\"@type\":\"ListItem\",\"position\":1,\"name\":\"In\u00edcio\",\"item\":\"https:\/\/machupicchubrasil.com.br\/blog\/\"},{\"@type\":\"ListItem\",\"position\":2,\"name\":\"Viajar na pandemia: um manual de boas pr\u00e1ticas\"}]},{\"@type\":\"WebSite\",\"@id\":\"https:\/\/machupicchubrasil.com.br\/blog\/#website\",\"url\":\"https:\/\/machupicchubrasil.com.br\/blog\/\",\"name\":\"Machu Picchu Brasil | Pacotes para Machu Picchu no Peru\",\"description\":\"Machu Picchu Brasil - Experi\u00eancia e Seguran\u00e7a no Peru\",\"potentialAction\":[{\"@type\":\"SearchAction\",\"target\":{\"@type\":\"EntryPoint\",\"urlTemplate\":\"https:\/\/machupicchubrasil.com.br\/blog\/?s={search_term_string}\"},\"query-input\":{\"@type\":\"PropertyValueSpecification\",\"valueRequired\":true,\"valueName\":\"search_term_string\"}}],\"inLanguage\":\"pt-BR\"},{\"@type\":\"Person\",\"@id\":\"https:\/\/machupicchubrasil.com.br\/blog\/#\/schema\/person\/8c88e6e1a1c2554f025e5d4f94f9e88f\",\"name\":\"Adm- MKT\",\"image\":{\"@type\":\"ImageObject\",\"inLanguage\":\"pt-BR\",\"@id\":\"https:\/\/machupicchubrasil.com.br\/blog\/#\/schema\/person\/image\/\",\"url\":\"https:\/\/secure.gravatar.com\/avatar\/9bca0540686e5d221169413db3a41fe316fd34a90e724cebca20d9da28ef19db?s=96&d=mm&r=g\",\"contentUrl\":\"https:\/\/secure.gravatar.com\/avatar\/9bca0540686e5d221169413db3a41fe316fd34a90e724cebca20d9da28ef19db?s=96&d=mm&r=g\",\"caption\":\"Adm- MKT\"},\"sameAs\":[\"http:\/\/bloghomologacao.machupicchubrasil.com.br\"],\"url\":\"https:\/\/machupicchubrasil.com.br\/blog\/author\/admin\/\"}]}<\/script>\n<!-- \/ Yoast SEO plugin. -->","yoast_head_json":{"title":"Viajar na pandemia: um manual de boas pr\u00e1ticas","description":"Conhe\u00e7a os principais cuidados que voc\u00ea deve tomar ao viajar na pandemia para garantir uma experi\u00eancia segura e inesquec\u00edvel!","robots":{"index":"index","follow":"follow","max-snippet":"max-snippet:-1","max-image-preview":"max-image-preview:large","max-video-preview":"max-video-preview:-1"},"canonical":"https:\/\/machupicchubrasil.com.br\/blog\/viajar-na-pandemia\/","og_locale":"pt_BR","og_type":"article","og_title":"Viajar na pandemia: um manual de boas pr\u00e1ticas","og_description":"Conhe\u00e7a os principais cuidados que voc\u00ea deve tomar ao viajar na pandemia para garantir uma experi\u00eancia segura e inesquec\u00edvel!","og_url":"https:\/\/machupicchubrasil.com.br\/blog\/viajar-na-pandemia\/","og_site_name":"Machu Picchu Brasil | Pacotes para Machu Picchu no Peru","article_published_time":"2021-01-18T23:28:45+00:00","article_modified_time":"2021-07-23T08:24:03+00:00","og_image":[{"width":1024,"height":576,"url":"https:\/\/machupicchubrasil.com.br\/blog\/wp-content\/uploads\/2021\/01\/viagem-pos-pandemia-1024x576.png","type":"image\/png"}],"author":"Adm- MKT","twitter_card":"summary_large_image","twitter_misc":{"Escrito por":"Adm- MKT","Est. tempo de leitura":"8 minutos"},"schema":{"@context":"https:\/\/schema.org","@graph":[{"@type":"WebPage","@id":"https:\/\/machupicchubrasil.com.br\/blog\/viajar-na-pandemia\/","url":"https:\/\/machupicchubrasil.com.br\/blog\/viajar-na-pandemia\/","name":"Viajar na pandemia: um manual de boas pr\u00e1ticas","isPartOf":{"@id":"https:\/\/machupicchubrasil.com.br\/blog\/#website"},"primaryImageOfPage":{"@id":"https:\/\/machupicchubrasil.com.br\/blog\/viajar-na-pandemia\/#primaryimage"},"image":{"@id":"https:\/\/machupicchubrasil.com.br\/blog\/viajar-na-pandemia\/#primaryimage"},"thumbnailUrl":"https:\/\/machupicchubrasil.com.br\/blog\/wp-content\/uploads\/2021\/01\/viagem-pos-pandemia.png","datePublished":"2021-01-18T23:28:45+00:00","dateModified":"2021-07-23T08:24:03+00:00","author":{"@id":"https:\/\/machupicchubrasil.com.br\/blog\/#\/schema\/person\/8c88e6e1a1c2554f025e5d4f94f9e88f"},"description":"Conhe\u00e7a os principais cuidados que voc\u00ea deve tomar ao viajar na pandemia para garantir uma experi\u00eancia segura e inesquec\u00edvel!","breadcrumb":{"@id":"https:\/\/machupicchubrasil.com.br\/blog\/viajar-na-pandemia\/#breadcrumb"},"inLanguage":"pt-BR","potentialAction":[{"@type":"ReadAction","target":["https:\/\/machupicchubrasil.com.br\/blog\/viajar-na-pandemia\/"]}]},{"@type":"ImageObject","inLanguage":"pt-BR","@id":"https:\/\/machupicchubrasil.com.br\/blog\/viajar-na-pandemia\/#primaryimage","url":"https:\/\/machupicchubrasil.com.br\/blog\/wp-content\/uploads\/2021\/01\/viagem-pos-pandemia.png","contentUrl":"https:\/\/machupicchubrasil.com.br\/blog\/wp-content\/uploads\/2021\/01\/viagem-pos-pandemia.png","width":1920,"height":1080,"caption":"viagem p\u00f3s pandemia"},{"@type":"BreadcrumbList","@id":"https:\/\/machupicchubrasil.com.br\/blog\/viajar-na-pandemia\/#breadcrumb","itemListElement":[{"@type":"ListItem","position":1,"name":"In\u00edcio","item":"https:\/\/machupicchubrasil.com.br\/blog\/"},{"@type":"ListItem","position":2,"name":"Viajar na pandemia: um manual de boas pr\u00e1ticas"}]},{"@type":"WebSite","@id":"https:\/\/machupicchubrasil.com.br\/blog\/#website","url":"https:\/\/machupicchubrasil.com.br\/blog\/","name":"Machu Picchu Brasil | Pacotes para Machu Picchu no Peru","description":"Machu Picchu Brasil - Experi\u00eancia e Seguran\u00e7a no Peru","potentialAction":[{"@type":"SearchAction","target":{"@type":"EntryPoint","urlTemplate":"https:\/\/machupicchubrasil.com.br\/blog\/?s={search_term_string}"},"query-input":{"@type":"PropertyValueSpecification","valueRequired":true,"valueName":"search_term_string"}}],"inLanguage":"pt-BR"},{"@type":"Person","@id":"https:\/\/machupicchubrasil.com.br\/blog\/#\/schema\/person\/8c88e6e1a1c2554f025e5d4f94f9e88f","name":"Adm- MKT","image":{"@type":"ImageObject","inLanguage":"pt-BR","@id":"https:\/\/machupicchubrasil.com.br\/blog\/#\/schema\/person\/image\/","url":"https:\/\/secure.gravatar.com\/avatar\/9bca0540686e5d221169413db3a41fe316fd34a90e724cebca20d9da28ef19db?s=96&d=mm&r=g","contentUrl":"https:\/\/secure.gravatar.com\/avatar\/9bca0540686e5d221169413db3a41fe316fd34a90e724cebca20d9da28ef19db?s=96&d=mm&r=g","caption":"Adm- MKT"},"sameAs":["http:\/\/bloghomologacao.machupicchubrasil.com.br"],"url":"https:\/\/machupicchubrasil.com.br\/blog\/author\/admin\/"}]}},"_links":{"self":[{"href":"https:\/\/machupicchubrasil.com.br\/blog\/wp-json\/wp\/v2\/posts\/7425","targetHints":{"allow":["GET"]}}],"collection":[{"href":"https:\/\/machupicchubrasil.com.br\/blog\/wp-json\/wp\/v2\/posts"}],"about":[{"href":"https:\/\/machupicchubrasil.com.br\/blog\/wp-json\/wp\/v2\/types\/post"}],"author":[{"embeddable":true,"href":"https:\/\/machupicchubrasil.com.br\/blog\/wp-json\/wp\/v2\/users\/1"}],"replies":[{"embeddable":true,"href":"https:\/\/machupicchubrasil.com.br\/blog\/wp-json\/wp\/v2\/comments?post=7425"}],"version-history":[{"count":2,"href":"https:\/\/machupicchubrasil.com.br\/blog\/wp-json\/wp\/v2\/posts\/7425\/revisions"}],"predecessor-version":[{"id":7715,"href":"https:\/\/machupicchubrasil.com.br\/blog\/wp-json\/wp\/v2\/posts\/7425\/revisions\/7715"}],"wp:featuredmedia":[{"embeddable":true,"href":"https:\/\/machupicchubrasil.com.br\/blog\/wp-json\/wp\/v2\/media\/7714"}],"wp:attachment":[{"href":"https:\/\/machupicchubrasil.com.br\/blog\/wp-json\/wp\/v2\/media?parent=7425"}],"wp:term":[{"taxonomy":"category","embeddable":true,"href":"https:\/\/machupicchubrasil.com.br\/blog\/wp-json\/wp\/v2\/categories?post=7425"},{"taxonomy":"post_tag","embeddable":true,"href":"https:\/\/machupicchubrasil.com.br\/blog\/wp-json\/wp\/v2\/tags?post=7425"}],"curies":[{"name":"wp","href":"https:\/\/api.w.org\/{rel}","templated":true}]}}