{"id":691,"date":"2013-12-20T21:32:28","date_gmt":"2013-12-20T21:32:28","guid":{"rendered":"http:\/\/blog.machupicchubrasil.com.br\/?p=691"},"modified":"2013-12-20T21:32:28","modified_gmt":"2013-12-20T21:32:28","slug":"festa-de-natal-2013","status":"publish","type":"post","link":"https:\/\/machupicchubrasil.com.br\/blog\/festa-de-natal-2013\/","title":{"rendered":"Festa de Natal 2013"},"content":{"rendered":"<h2>Festa de Natal 2013<\/h2>\n<p>Como todos os anos acontece, a <a href=\"http:\/\/www.machupicchubrasil.com.br\/\">Ag\u00eancia de Turismo<\/a> <strong>Machu Picchu Brasil<\/strong> organiza uma grande <strong>Festa de Natal<\/strong> para as crian\u00e7as carentes da regi\u00e3o de <strong>Cusco<\/strong> &#8211; <strong>Peru<\/strong>, mais um ano com o apoio de Volunt\u00e1rios, faremos nossa grande festa no povoado de Coya no Valle Sagrado dos Incas.<\/p>\n<p>Ser\u00e1 uma grande festa de natal, com presenta de palha\u00e7os, presentes de natal, a famosa chocolatada muito tradicional em <strong>Cusco<\/strong> ( Chocolate + Panetone ), e ser\u00e1 realizada na \u00fanica escola do povoado de Coya, que conta com 250 crian\u00e7as carentes, e que necessita muito de nosso apoio.<\/p>\n<p>Este ano foi escolhida uma escola p\u00fablica, principalmente para incentivar as crian\u00e7as ao prazer de ir a escola e fazer disso parte de sua casa.<\/p>\n<p>A Festa ser\u00e1 no dia 21\/12\/2013 &#8211; a partir das 09h00 &#8211;\u00a0Col\u00e9gio Prim\u00e1rio Clorinda Matto de Turner &#8211; Coya<\/p>\n<p>&nbsp;<\/p>\n<p style=\"text-align: center;\">\u00a0<img loading=\"lazy\" decoding=\"async\" class=\"aligncenter size-full wp-image-694\" style=\"border: 5px solid black;\" title=\"festa de natal\" src=\"https:\/\/machupicchubrasil.com.br\/blog\/wp-content\/uploads\/2013\/12\/coya.jpg\" alt=\"festa de natal\" width=\"320\" height=\"240\" srcset=\"https:\/\/machupicchubrasil.com.br\/blog\/wp-content\/uploads\/2013\/12\/coya.jpg 320w, https:\/\/machupicchubrasil.com.br\/blog\/wp-content\/uploads\/2013\/12\/coya-300x225.jpg 300w\" sizes=\"auto, (max-width: 320px) 100vw, 320px\" \/><\/p>\n<p>&nbsp;<\/p>\n<p>Abaixo um pouco de informa\u00e7\u00e3o sobre o povoado de Coya :<\/p>\n<p><span style=\"font-size: 1.17em;\">Coya<\/span><\/p>\n<p>A 50 min de <strong>Cusco<\/strong>, est\u00e1 o pequeno povoado de Coya bem no meio do <strong>Valle Sagrado dos Incas<\/strong>, onde vive por volta de 3000 pessoas, na grande maioria agricultores que vivem da sua pr\u00f3pria terra, uma vida simples e com poucos recursos.<\/p>\n<p>Todos as crian\u00e7as de 0 a 15 anos frequentam esta escola, praticamente todas as crian\u00e7as deste povoado.<\/p>\n<p>&nbsp;<\/p>\n<p>&nbsp;<\/p>\n","protected":false},"excerpt":{"rendered":"<p>Festa de Natal 2013 Como todos os anos acontece, a Ag\u00eancia de Turismo Machu Picchu Brasil organiza uma grande Festa de Natal para as crian\u00e7as carentes da regi\u00e3o de Cusco &#8211; Peru, mais um ano com o apoio de Volunt\u00e1rios, faremos nossa grande festa no povoado de Coya no Valle Sagrado dos Incas. Ser\u00e1 uma [&hellip;]<\/p>\n","protected":false},"author":1,"featured_media":694,"comment_status":"open","ping_status":"open","sticky":false,"template":"","format":"standard","meta":{"footnotes":""},"categories":[1],"tags":[228,50,67,61],"class_list":["post-691","post","type-post","status-publish","format-standard","has-post-thumbnail","hentry","category-uncategorized","tag-agencia-de-turismo","tag-cusco","tag-machu-picchu-brasil","tag-peru"],"acf":[],"yoast_head":"<!-- This site is optimized with the Yoast SEO plugin v24.9 - https:\/\/yoast.com\/wordpress\/plugins\/seo\/ -->\n<title>Festa de Natal 2013 - Machu Picchu Brasil | Pacotes para Machu Picchu no Peru<\/title>\n<meta name=\"robots\" content=\"index, follow, max-snippet:-1, max-image-preview:large, max-video-preview:-1\" \/>\n<link rel=\"canonical\" href=\"https:\/\/machupicchubrasil.com.br\/blog\/festa-de-natal-2013\/\" \/>\n<meta property=\"og:locale\" content=\"pt_BR\" \/>\n<meta property=\"og:type\" content=\"article\" \/>\n<meta property=\"og:title\" content=\"Festa de Natal 2013 - Machu Picchu Brasil | Pacotes para Machu Picchu no Peru\" \/>\n<meta property=\"og:description\" content=\"Festa de Natal 2013 Como todos os anos acontece, a Ag\u00eancia de Turismo Machu Picchu Brasil organiza uma grande Festa de Natal para as crian\u00e7as carentes da regi\u00e3o de Cusco &#8211; Peru, mais um ano com o apoio de Volunt\u00e1rios, faremos nossa grande festa no povoado de Coya no Valle Sagrado dos Incas. Ser\u00e1 uma [&hellip;]\" \/>\n<meta property=\"og:url\" content=\"https:\/\/machupicchubrasil.com.br\/blog\/festa-de-natal-2013\/\" \/>\n<meta property=\"og:site_name\" content=\"Machu Picchu Brasil | Pacotes para Machu Picchu no Peru\" \/>\n<meta property=\"article:published_time\" content=\"2013-12-20T21:32:28+00:00\" \/>\n<meta property=\"og:image\" content=\"https:\/\/machupicchubrasil.com.br\/blog\/wp-content\/uploads\/2013\/12\/coya.jpg\" \/>\n\t<meta property=\"og:image:width\" content=\"320\" \/>\n\t<meta property=\"og:image:height\" content=\"240\" \/>\n\t<meta property=\"og:image:type\" content=\"image\/jpeg\" \/>\n<meta name=\"author\" content=\"Adm- MKT\" \/>\n<meta name=\"twitter:card\" content=\"summary_large_image\" \/>\n<meta name=\"twitter:label1\" content=\"Escrito por\" \/>\n\t<meta name=\"twitter:data1\" content=\"Adm- MKT\" \/>\n\t<meta name=\"twitter:label2\" content=\"Est. tempo de leitura\" \/>\n\t<meta name=\"twitter:data2\" content=\"1 minuto\" \/>\n<script type=\"application\/ld+json\" class=\"yoast-schema-graph\">{\"@context\":\"https:\/\/schema.org\",\"@graph\":[{\"@type\":\"WebPage\",\"@id\":\"https:\/\/machupicchubrasil.com.br\/blog\/festa-de-natal-2013\/\",\"url\":\"https:\/\/machupicchubrasil.com.br\/blog\/festa-de-natal-2013\/\",\"name\":\"Festa de Natal 2013 - Machu Picchu Brasil | Pacotes para Machu Picchu no Peru\",\"isPartOf\":{\"@id\":\"https:\/\/machupicchubrasil.com.br\/blog\/#website\"},\"primaryImageOfPage\":{\"@id\":\"https:\/\/machupicchubrasil.com.br\/blog\/festa-de-natal-2013\/#primaryimage\"},\"image\":{\"@id\":\"https:\/\/machupicchubrasil.com.br\/blog\/festa-de-natal-2013\/#primaryimage\"},\"thumbnailUrl\":\"https:\/\/machupicchubrasil.com.br\/blog\/wp-content\/uploads\/2013\/12\/coya.jpg\",\"datePublished\":\"2013-12-20T21:32:28+00:00\",\"author\":{\"@id\":\"https:\/\/machupicchubrasil.com.br\/blog\/#\/schema\/person\/8c88e6e1a1c2554f025e5d4f94f9e88f\"},\"breadcrumb\":{\"@id\":\"https:\/\/machupicchubrasil.com.br\/blog\/festa-de-natal-2013\/#breadcrumb\"},\"inLanguage\":\"pt-BR\",\"potentialAction\":[{\"@type\":\"ReadAction\",\"target\":[\"https:\/\/machupicchubrasil.com.br\/blog\/festa-de-natal-2013\/\"]}]},{\"@type\":\"ImageObject\",\"inLanguage\":\"pt-BR\",\"@id\":\"https:\/\/machupicchubrasil.com.br\/blog\/festa-de-natal-2013\/#primaryimage\",\"url\":\"https:\/\/machupicchubrasil.com.br\/blog\/wp-content\/uploads\/2013\/12\/coya.jpg\",\"contentUrl\":\"https:\/\/machupicchubrasil.com.br\/blog\/wp-content\/uploads\/2013\/12\/coya.jpg\",\"width\":320,\"height\":240},{\"@type\":\"BreadcrumbList\",\"@id\":\"https:\/\/machupicchubrasil.com.br\/blog\/festa-de-natal-2013\/#breadcrumb\",\"itemListElement\":[{\"@type\":\"ListItem\",\"position\":1,\"name\":\"In\u00edcio\",\"item\":\"https:\/\/machupicchubrasil.com.br\/blog\/\"},{\"@type\":\"ListItem\",\"position\":2,\"name\":\"Festa de Natal 2013\"}]},{\"@type\":\"WebSite\",\"@id\":\"https:\/\/machupicchubrasil.com.br\/blog\/#website\",\"url\":\"https:\/\/machupicchubrasil.com.br\/blog\/\",\"name\":\"Machu Picchu Brasil | Pacotes para Machu Picchu no Peru\",\"description\":\"Machu Picchu Brasil - Experi\u00eancia e Seguran\u00e7a no Peru\",\"potentialAction\":[{\"@type\":\"SearchAction\",\"target\":{\"@type\":\"EntryPoint\",\"urlTemplate\":\"https:\/\/machupicchubrasil.com.br\/blog\/?s={search_term_string}\"},\"query-input\":{\"@type\":\"PropertyValueSpecification\",\"valueRequired\":true,\"valueName\":\"search_term_string\"}}],\"inLanguage\":\"pt-BR\"},{\"@type\":\"Person\",\"@id\":\"https:\/\/machupicchubrasil.com.br\/blog\/#\/schema\/person\/8c88e6e1a1c2554f025e5d4f94f9e88f\",\"name\":\"Adm- MKT\",\"image\":{\"@type\":\"ImageObject\",\"inLanguage\":\"pt-BR\",\"@id\":\"https:\/\/machupicchubrasil.com.br\/blog\/#\/schema\/person\/image\/\",\"url\":\"https:\/\/secure.gravatar.com\/avatar\/9bca0540686e5d221169413db3a41fe316fd34a90e724cebca20d9da28ef19db?s=96&d=mm&r=g\",\"contentUrl\":\"https:\/\/secure.gravatar.com\/avatar\/9bca0540686e5d221169413db3a41fe316fd34a90e724cebca20d9da28ef19db?s=96&d=mm&r=g\",\"caption\":\"Adm- MKT\"},\"sameAs\":[\"http:\/\/bloghomologacao.machupicchubrasil.com.br\"],\"url\":\"https:\/\/machupicchubrasil.com.br\/blog\/author\/admin\/\"}]}<\/script>\n<!-- \/ Yoast SEO plugin. -->","yoast_head_json":{"title":"Festa de Natal 2013 - Machu Picchu Brasil | Pacotes para Machu Picchu no Peru","robots":{"index":"index","follow":"follow","max-snippet":"max-snippet:-1","max-image-preview":"max-image-preview:large","max-video-preview":"max-video-preview:-1"},"canonical":"https:\/\/machupicchubrasil.com.br\/blog\/festa-de-natal-2013\/","og_locale":"pt_BR","og_type":"article","og_title":"Festa de Natal 2013 - Machu Picchu Brasil | Pacotes para Machu Picchu no Peru","og_description":"Festa de Natal 2013 Como todos os anos acontece, a Ag\u00eancia de Turismo Machu Picchu Brasil organiza uma grande Festa de Natal para as crian\u00e7as carentes da regi\u00e3o de Cusco &#8211; Peru, mais um ano com o apoio de Volunt\u00e1rios, faremos nossa grande festa no povoado de Coya no Valle Sagrado dos Incas. Ser\u00e1 uma [&hellip;]","og_url":"https:\/\/machupicchubrasil.com.br\/blog\/festa-de-natal-2013\/","og_site_name":"Machu Picchu Brasil | Pacotes para Machu Picchu no Peru","article_published_time":"2013-12-20T21:32:28+00:00","og_image":[{"width":320,"height":240,"url":"https:\/\/machupicchubrasil.com.br\/blog\/wp-content\/uploads\/2013\/12\/coya.jpg","type":"image\/jpeg"}],"author":"Adm- MKT","twitter_card":"summary_large_image","twitter_misc":{"Escrito por":"Adm- MKT","Est. tempo de leitura":"1 minuto"},"schema":{"@context":"https:\/\/schema.org","@graph":[{"@type":"WebPage","@id":"https:\/\/machupicchubrasil.com.br\/blog\/festa-de-natal-2013\/","url":"https:\/\/machupicchubrasil.com.br\/blog\/festa-de-natal-2013\/","name":"Festa de Natal 2013 - Machu Picchu Brasil | Pacotes para Machu Picchu no Peru","isPartOf":{"@id":"https:\/\/machupicchubrasil.com.br\/blog\/#website"},"primaryImageOfPage":{"@id":"https:\/\/machupicchubrasil.com.br\/blog\/festa-de-natal-2013\/#primaryimage"},"image":{"@id":"https:\/\/machupicchubrasil.com.br\/blog\/festa-de-natal-2013\/#primaryimage"},"thumbnailUrl":"https:\/\/machupicchubrasil.com.br\/blog\/wp-content\/uploads\/2013\/12\/coya.jpg","datePublished":"2013-12-20T21:32:28+00:00","author":{"@id":"https:\/\/machupicchubrasil.com.br\/blog\/#\/schema\/person\/8c88e6e1a1c2554f025e5d4f94f9e88f"},"breadcrumb":{"@id":"https:\/\/machupicchubrasil.com.br\/blog\/festa-de-natal-2013\/#breadcrumb"},"inLanguage":"pt-BR","potentialAction":[{"@type":"ReadAction","target":["https:\/\/machupicchubrasil.com.br\/blog\/festa-de-natal-2013\/"]}]},{"@type":"ImageObject","inLanguage":"pt-BR","@id":"https:\/\/machupicchubrasil.com.br\/blog\/festa-de-natal-2013\/#primaryimage","url":"https:\/\/machupicchubrasil.com.br\/blog\/wp-content\/uploads\/2013\/12\/coya.jpg","contentUrl":"https:\/\/machupicchubrasil.com.br\/blog\/wp-content\/uploads\/2013\/12\/coya.jpg","width":320,"height":240},{"@type":"BreadcrumbList","@id":"https:\/\/machupicchubrasil.com.br\/blog\/festa-de-natal-2013\/#breadcrumb","itemListElement":[{"@type":"ListItem","position":1,"name":"In\u00edcio","item":"https:\/\/machupicchubrasil.com.br\/blog\/"},{"@type":"ListItem","position":2,"name":"Festa de Natal 2013"}]},{"@type":"WebSite","@id":"https:\/\/machupicchubrasil.com.br\/blog\/#website","url":"https:\/\/machupicchubrasil.com.br\/blog\/","name":"Machu Picchu Brasil | Pacotes para Machu Picchu no Peru","description":"Machu Picchu Brasil - Experi\u00eancia e Seguran\u00e7a no Peru","potentialAction":[{"@type":"SearchAction","target":{"@type":"EntryPoint","urlTemplate":"https:\/\/machupicchubrasil.com.br\/blog\/?s={search_term_string}"},"query-input":{"@type":"PropertyValueSpecification","valueRequired":true,"valueName":"search_term_string"}}],"inLanguage":"pt-BR"},{"@type":"Person","@id":"https:\/\/machupicchubrasil.com.br\/blog\/#\/schema\/person\/8c88e6e1a1c2554f025e5d4f94f9e88f","name":"Adm- MKT","image":{"@type":"ImageObject","inLanguage":"pt-BR","@id":"https:\/\/machupicchubrasil.com.br\/blog\/#\/schema\/person\/image\/","url":"https:\/\/secure.gravatar.com\/avatar\/9bca0540686e5d221169413db3a41fe316fd34a90e724cebca20d9da28ef19db?s=96&d=mm&r=g","contentUrl":"https:\/\/secure.gravatar.com\/avatar\/9bca0540686e5d221169413db3a41fe316fd34a90e724cebca20d9da28ef19db?s=96&d=mm&r=g","caption":"Adm- MKT"},"sameAs":["http:\/\/bloghomologacao.machupicchubrasil.com.br"],"url":"https:\/\/machupicchubrasil.com.br\/blog\/author\/admin\/"}]}},"_links":{"self":[{"href":"https:\/\/machupicchubrasil.com.br\/blog\/wp-json\/wp\/v2\/posts\/691","targetHints":{"allow":["GET"]}}],"collection":[{"href":"https:\/\/machupicchubrasil.com.br\/blog\/wp-json\/wp\/v2\/posts"}],"about":[{"href":"https:\/\/machupicchubrasil.com.br\/blog\/wp-json\/wp\/v2\/types\/post"}],"author":[{"embeddable":true,"href":"https:\/\/machupicchubrasil.com.br\/blog\/wp-json\/wp\/v2\/users\/1"}],"replies":[{"embeddable":true,"href":"https:\/\/machupicchubrasil.com.br\/blog\/wp-json\/wp\/v2\/comments?post=691"}],"version-history":[{"count":0,"href":"https:\/\/machupicchubrasil.com.br\/blog\/wp-json\/wp\/v2\/posts\/691\/revisions"}],"wp:featuredmedia":[{"embeddable":true,"href":"https:\/\/machupicchubrasil.com.br\/blog\/wp-json\/wp\/v2\/media\/694"}],"wp:attachment":[{"href":"https:\/\/machupicchubrasil.com.br\/blog\/wp-json\/wp\/v2\/media?parent=691"}],"wp:term":[{"taxonomy":"category","embeddable":true,"href":"https:\/\/machupicchubrasil.com.br\/blog\/wp-json\/wp\/v2\/categories?post=691"},{"taxonomy":"post_tag","embeddable":true,"href":"https:\/\/machupicchubrasil.com.br\/blog\/wp-json\/wp\/v2\/tags?post=691"}],"curies":[{"name":"wp","href":"https:\/\/api.w.org\/{rel}","templated":true}]}}