{"id":6862,"date":"2019-12-13T11:00:40","date_gmt":"2019-12-13T14:00:40","guid":{"rendered":"https:\/\/machupicchubrasil.com.br\/blog\/?p=6862"},"modified":"2021-08-05T17:25:44","modified_gmt":"2021-08-05T17:25:44","slug":"feriados-no-peru","status":"publish","type":"post","link":"https:\/\/machupicchubrasil.com.br\/blog\/feriados-no-peru\/","title":{"rendered":"Feriados no Peru 2020: as melhores datas para viajar"},"content":{"rendered":"<p lang=\"PT-BR\" xml:lang=\"PT-BR\">Escolher bem as datas de sua viagem pode fazer toda a diferen\u00e7a no roteiro, n\u00e3o \u00e9 mesmo? Afinal, se voc\u00ea tiver a oportunidade de chegar no destino\u00a0durante alguma celebra\u00e7\u00e3o importante, nada melhor do que vivenciar esse momento e participar junto aos locais. Como a nossa especialidade \u00e9 o turismo andino e conhecemos bem\u00a0a cultura desse povo, resolvemos ent\u00e3o preparar um post exclusivo para destacar os tr\u00eas\u00a0principais feriados no Peru.<\/p>\n<p lang=\"PT-BR\" xml:lang=\"PT-BR\"><!--more--><\/p>\n<p lang=\"PT-BR\" xml:lang=\"PT-BR\">E a\u00ed? J\u00e1 pensou em fazer aquele roteiro incr\u00edvel em <a href=\"https:\/\/www.machupicchubrasil.com.br\/destinos\/machu-picchu\/\" target=\"_blank\" rel=\"noopener\" data-cke-saved-href=\"https:\/\/www.machupicchubrasil.com.br\/destinos\/machu-picchu\/\">Machu Picchu<\/a> e, de quebra, incluir alguns eventos e <a href=\"https:\/\/machupicchubrasil.com.br\/blog\/festas-peruanas\/\" target=\"_blank\" rel=\"noopener\" data-cke-saved-href=\"https:\/\/machupicchubrasil.com.br\/blog\/festas-peruanas\/\">festas tradicionais<\/a> no pacote? Ent\u00e3o, continue a leitura a seguir e se surpreenda com as celebra\u00e7\u00f5es dos melhores feriados no Peru. Vamos l\u00e1!<\/p>\n<h2 lang=\"PT-BR\" xml:lang=\"PT-BR\">Quais s\u00e3o os melhores feriados no Peru para conhecer o pa\u00eds?<\/h2>\n<p lang=\"PT-BR\" xml:lang=\"PT-BR\">Vale destacar que a ideia aqui \u00e9 falar apenas dos feriados no Peru e mostrar o que rola no pa\u00eds nessas datas comemorativas. Sendo assim, confira as \u00e9pocas certinhas e j\u00e1 anote na agenda para planejar suas folgas e f\u00e9rias em 2020. Vamos come\u00e7ar?<\/p>\n<h3 lang=\"PT-BR\" xml:lang=\"PT-BR\">Semana Santa no Peru (9 a 12 de\u00a0abril\u00a0de 2020)<\/h3>\n<p><img loading=\"lazy\" decoding=\"async\" class=\"aligncenter size-full wp-image-6871\" src=\"https:\/\/machupicchubrasil.com.br\/blog\/wp-content\/uploads\/2019\/12\/Cusco.jpg\" alt=\"Cusco\" width=\"779\" height=\"779\" \/><\/p>\n<p lang=\"PT-BR\" xml:lang=\"PT-BR\">Assim como no Brasil, a Semana Santa tamb\u00e9m \u00e9 celebrada no Peru e pode ser a oportunidade perfeita para quem pretende folgar por aqui e curtir uma viagem inesquec\u00edvel por l\u00e1, concorda?<\/p>\n<p lang=\"PT-BR\" xml:lang=\"PT-BR\">Em 2020, a Semana Santa come\u00e7a dia 09 de abril, chamada de\u00a0Jueves\u00a0Santo. Em todo o pa\u00eds h\u00e1 cerim\u00f4nias, festas, prociss\u00f5es e missas, al\u00e9m de alguns destinos mais famosos, como <a href=\"https:\/\/www.machupicchubrasil.com.br\/destinos\/cusco\/\" target=\"_blank\" rel=\"noopener\" data-cke-saved-href=\"https:\/\/www.machupicchubrasil.com.br\/destinos\/cusco\/\">Cusco<\/a> e <a href=\"https:\/\/machupicchubrasil.com.br\/blog\/visitar-machu-picchu\/\" target=\"_blank\" rel=\"noopener\" data-cke-saved-href=\"https:\/\/machupicchubrasil.com.br\/blog\/visitar-machu-picchu\/\">Machu Picchu<\/a>, receberem ainda mais turistas.<\/p>\n<p lang=\"PT-BR\" xml:lang=\"PT-BR\">Na Plaza de Armas de Cusco acontecem desfiles, festas populares e\u00a0as igrejas recebem ilumina\u00e7\u00f5es e missas especiais em toda a Semana Santa, sendo um dos feriados no Peru mais movimentados e prolongados. Perfeito para aquele roteiro mais completo!<\/p>\n<h3 lang=\"PT-BR\" xml:lang=\"PT-BR\">Inti\u00a0Raymi\u00a0(24 de\u00a0junho)<\/h3>\n<p><img loading=\"lazy\" decoding=\"async\" class=\"aligncenter size-full wp-image-6868\" src=\"https:\/\/machupicchubrasil.com.br\/blog\/wp-content\/uploads\/2019\/12\/Inti-Raymi-1.jpg\" alt=\"feriado peruano festa do sol Inti Raymi \" width=\"779\" height=\"522\" \/><\/p>\n<p lang=\"PT-BR\" xml:lang=\"PT-BR\">Sem d\u00favidas, o\u00a0<a href=\"https:\/\/machupicchubrasil.com.br\/blog\/inti-raymi-a-festa-do-sol\/\" target=\"_blank\" rel=\"noopener\" data-cke-saved-href=\"https:\/\/machupicchubrasil.com.br\/blog\/inti-raymi-a-festa-do-sol\/\">Inti\u00a0Raymi<\/a>, ou Festa do Sol, \u00e9 a festividade mais representativa e tradicional da cultura Inca nos dias de hoje. Afinal, se trata de uma celebra\u00e7\u00e3o milenar, da qual os Incas originais comemoravam muito antes da chegada do homem branco nos Andes e se mant\u00e9m incrivelmente viva at\u00e9 os tempos atuais.<\/p>\n<p lang=\"PT-BR\" xml:lang=\"PT-BR\">A celebra\u00e7\u00e3o do\u00a0Inti\u00a0Raymi\u00a0ocorre no dia 24 de\u00a0junho\u00a0em um dos s\u00edtios arqueol\u00f3gicos mais importantes da regi\u00e3o de Cusco: a Fortaleza de\u00a0Sacsayhuaman.<\/p>\n<p lang=\"PT-BR\" xml:lang=\"PT-BR\">Antigamente, a festa era realizada na pra\u00e7a\u00a0Aucaypata, onde hoje se encontra a atual <a href=\"https:\/\/machupicchubrasil.com.br\/blog\/bares-em-cusco\/\" target=\"_blank\" rel=\"noopener\" data-cke-saved-href=\"https:\/\/machupicchubrasil.com.br\/blog\/bares-em-cusco\/\">Plaza de Armas de Cuzco<\/a>, e contava com a participa\u00e7\u00e3o total da popula\u00e7\u00e3o (cerca de 100 mil pessoas). Com a invas\u00e3o espanhola, o ent\u00e3o rei Francisco de Toledo proibiu a cerim\u00f4nia em 1571, alegando ser um ritual pag\u00e3o.<\/p>\n<p lang=\"PT-BR\" xml:lang=\"PT-BR\">Somente em 1944, foi realizada uma reconstitui\u00e7\u00e3o do evento, seguindo os mesmos padr\u00f5es da celebra\u00e7\u00e3o original e, desde ent\u00e3o, anualmente se celebra o\u00a0Inti\u00a0Raymi, sendo considerado o mais importante evento cultural do Peru.<\/p>\n<h3 lang=\"PT-BR\" xml:lang=\"PT-BR\">Festas P\u00e1trias (28 e 29 de\u00a0julho)<\/h3>\n<p><img loading=\"lazy\" decoding=\"async\" class=\"aligncenter size-full wp-image-6872\" src=\"https:\/\/machupicchubrasil.com.br\/blog\/wp-content\/uploads\/2019\/12\/plaza-del-armas-.jpg\" alt=\"Cusco\" width=\"779\" height=\"526\" \/><\/p>\n<p lang=\"PT-BR\" xml:lang=\"PT-BR\">A independ\u00eancia do Peru \u00e9 comemorada em dois dias consecutivos: 28 e 29 de\u00a0julho. Em todo o pa\u00eds, costuma haver desfiles, eventos, festas, al\u00e9m de as cidades se decorarem com as cores da bandeira nacional.<\/p>\n<p lang=\"PT-BR\" xml:lang=\"PT-BR\">Quem pretende viajar e quer aproveitar os feriados no Peru n\u00e3o se arrepender\u00e1 de encaixar o roteiro nos dias das Festas P\u00e1trias.<\/p>\n<p lang=\"PT-BR\" xml:lang=\"PT-BR\">Em <a href=\"https:\/\/www.machupicchubrasil.com.br\/destinos\/lima\/\" target=\"_blank\" rel=\"noopener\" data-cke-saved-href=\"https:\/\/www.machupicchubrasil.com.br\/destinos\/lima\/\">Lima<\/a>, por exemplo, j\u00e1 na noite do\u00a0dia\u00a027, \u00e9 poss\u00edvel encontrar comemora\u00e7\u00f5es nas ruas, pra\u00e7as e parques da capital, sempre com m\u00fasicas e dan\u00e7as folcl\u00f3ricas. Nas varandas, terra\u00e7os e janelas da cidade tamb\u00e9m h\u00e1\u00a0bandeiras estendidas e pessoas comemorando.<\/p>\n<p lang=\"PT-BR\" xml:lang=\"PT-BR\">J\u00e1 no dia 28 pela manh\u00e3, ap\u00f3s o ex\u00e9rcito disparar tiros de canh\u00e3o e hastear a bandeira nacional, o Presidente da Rep\u00fablica participa da cerim\u00f4nia do\u00a0Te Deum\u00a0na bel\u00edssima Catedral de Lima. Durante todo o dia, mais festividades e homenagens ocorrem na capital e nas demais cidades do pa\u00eds.<\/p>\n<p lang=\"PT-BR\" xml:lang=\"PT-BR\">No dia 29 \u00e9 realizada a famosa Parada Militar, que conta com desfiles de tropas, ve\u00edculos de guerra e m\u00fasicos\u00a0das for\u00e7as armadas.<\/p>\n<p lang=\"PT-BR\" xml:lang=\"PT-BR\">Nesse mesmo dia, em outros lugares do pa\u00eds, como em\u00a0<a href=\"https:\/\/www.machupicchubrasil.com.br\/destinos\/cajamarca\/\" target=\"_blank\" rel=\"noopener\" data-cke-saved-href=\"https:\/\/www.machupicchubrasil.com.br\/destinos\/cajamarca\/\">Cajamarca<\/a>, h\u00e1 feiras agropecu\u00e1rias, al\u00e9m de festas tradicionais que marcam a alma do crioulismo, como touradas, exposi\u00e7\u00f5es de cavalos etc.<\/p>\n<h3 lang=\"PT-BR\" xml:lang=\"PT-BR\">Fexticum\u00a0(29 de\u00a0julho)<\/h3>\n<p><img loading=\"lazy\" decoding=\"async\" class=\"aligncenter size-full wp-image-6870\" src=\"https:\/\/machupicchubrasil.com.br\/blog\/wp-content\/uploads\/2019\/12\/Chiclayo-1.jpg\" alt=\"Feriados no Peru - fexticum em Chiclayo \" width=\"778\" height=\"435\" \/><\/p>\n<p lang=\"PT-BR\" xml:lang=\"PT-BR\">Ainda sobre a comemora\u00e7\u00e3o das Festas P\u00e1trias no Peru, vale destacar uma cerim\u00f4nia bem interessante que ocorre em Monsef\u00fa, bem pertinho da cidade de\u00a0<a href=\"https:\/\/www.machupicchubrasil.com.br\/destinos\/chiclayo\/\" target=\"_blank\" rel=\"noopener\" data-cke-saved-href=\"https:\/\/www.machupicchubrasil.com.br\/destinos\/chiclayo\/\">Chiclayo<\/a>, no Norte do pa\u00eds. Por l\u00e1, a festa da independ\u00eancia, no dia 29 de\u00a0julho, \u00e9 marcada pela celebra\u00e7\u00e3o do chamado\u00a0Fexticum, um evento que representa bem a cultura monsefuana. Nessa tradi\u00e7\u00e3o,\u00a0os moradores saem \u00e0s ruas com\u00a0fantasias t\u00edpicas, realizam desfiles com dan\u00e7as e m\u00fasicas tradicionais e, pra completar, claro, tem muito gastronomia local em barraquinhas e feiras de rua.<\/p>\n<p lang=\"PT-BR\" xml:lang=\"PT-BR\">Para quem pretende visitar o <a href=\"https:\/\/machupicchubrasil.com.br\/blog\/norte-do-peru\/\" target=\"_blank\" rel=\"noopener\" data-cke-saved-href=\"https:\/\/machupicchubrasil.com.br\/blog\/norte-do-peru\/\">Norte do Peru<\/a> nessa \u00e9poca, fica a dica de tirar um dia para\u00a0participar das celebra\u00e7\u00f5es na regi\u00e3o.<\/p>\n<h3 lang=\"PT-BR\" xml:lang=\"PT-BR\">Santa Rosa de Lima (30 de agosto)<\/h3>\n<p lang=\"PT-BR\" xml:lang=\"PT-BR\">Considerada a primeira santa cat\u00f3lica das Am\u00e9ricas, Rosa de Lima nasceu em 1586 e dedicou sua vida inteira de ajuda aos pobres. Em 1671, o ent\u00e3o Papa Clemente reconheceu a sua miss\u00e3o e a canonizou no mesmo ano, tornando-a assim a padroeira oficial do Peru at\u00e9 os dias de hoje.<\/p>\n<p lang=\"PT-BR\" xml:lang=\"PT-BR\">Em sua homenagem, o dia 30 de agosto, que representa a data de nascimento da Santa Rosa de Lima, \u00e9 considerado um dos mais importantes feriados no Peru. Por isso, a data \u00e9\u00a0celebrada\u00a0em todo o pa\u00eds, especialmente, em Lima, onde h\u00e1 um grande santu\u00e1rio dedicado \u00e0 santa e tamb\u00e9m em pequenos vilarejos, com missas e prociss\u00f5es.<\/p>\n<p lang=\"PT-BR\" xml:lang=\"PT-BR\">Em resumo, esses s\u00e3o os principais feriados no Peru para quem pretende realizar aquela viagem inesquec\u00edvel em 2020. Por\u00e9m, caso suas <a href=\"https:\/\/machupicchubrasil.com.br\/blog\/ferias-no-peru-o-que-conhecer\/\" target=\"_blank\" rel=\"noopener\" data-cke-saved-href=\"https:\/\/machupicchubrasil.com.br\/blog\/ferias-no-peru-o-que-conhecer\/\">f\u00e9rias<\/a> n\u00e3o se encaixem nessas datas acima, o ano que chega promete bastantes oportunidades de colocar a mochila nas costas e cair na estrada.<\/p>\n<p lang=\"PT-BR\" xml:lang=\"PT-BR\">Sendo assim, se quiser visitar o Peru e desbravar todos os mist\u00e9rios desse pa\u00eds maravilhoso, saiba que a Machu Picchu Brasil \u00e9 a \u00fanica ag\u00eancia 100% especializada na cultura andina e, independentemente da data escolhida, sua experi\u00eancia \u00e9\u00a0garantida\u00a0por quem mais conhece o pa\u00eds. Confira todos os <a href=\"https:\/\/www.machupicchubrasil.com.br\/pacotes\/\" target=\"_blank\" rel=\"noopener\" data-cke-saved-href=\"https:\/\/www.machupicchubrasil.com.br\/pacotes\/\">roteiros dispon\u00edveis<\/a> e viva cada momento de seu roteiro!<\/p>\n","protected":false},"excerpt":{"rendered":"<p>Escolher bem as datas de sua viagem pode fazer toda a diferen\u00e7a no roteiro, n\u00e3o \u00e9 mesmo? Afinal, se voc\u00ea tiver a oportunidade de chegar no destino\u00a0durante alguma celebra\u00e7\u00e3o importante, nada melhor do que vivenciar esse momento e participar junto aos locais. Como a nossa especialidade \u00e9 o turismo andino e conhecemos bem\u00a0a cultura desse [&hellip;]<\/p>\n","protected":false},"author":1,"featured_media":7767,"comment_status":"open","ping_status":"open","sticky":false,"template":"","format":"standard","meta":{"footnotes":""},"categories":[21,33,8,38],"tags":[521,54,67,61,149],"class_list":["post-6862","post","type-post","status-publish","format-standard","has-post-thumbnail","hentry","category-classico","category-cultura","category-cusco","category-historia","tag-feriados-no-peru","tag-machu-picchu","tag-machu-picchu-brasil","tag-peru","tag-viagem"],"acf":[],"yoast_head":"<!-- This site is optimized with the Yoast SEO plugin v24.9 - https:\/\/yoast.com\/wordpress\/plugins\/seo\/ -->\n<title>Feriados no Peru | Machu Picchu Brasil Viagens e Turismo<\/title>\n<meta name=\"description\" content=\"Conhe\u00e7a alguns dos principais feriados no Peru em 2020 e planeje a melhor viagem de sua vida no pa\u00eds andino! Confira as melhores dicas!\" \/>\n<meta name=\"robots\" content=\"index, follow, max-snippet:-1, max-image-preview:large, max-video-preview:-1\" \/>\n<link rel=\"canonical\" href=\"https:\/\/machupicchubrasil.com.br\/blog\/feriados-no-peru\/\" \/>\n<meta property=\"og:locale\" content=\"pt_BR\" \/>\n<meta property=\"og:type\" content=\"article\" \/>\n<meta property=\"og:title\" content=\"Feriados no Peru | Machu Picchu Brasil Viagens e Turismo\" \/>\n<meta property=\"og:description\" content=\"Conhe\u00e7a alguns dos principais feriados no Peru em 2020 e planeje a melhor viagem de sua vida no pa\u00eds andino! Confira as melhores dicas!\" \/>\n<meta property=\"og:url\" content=\"https:\/\/machupicchubrasil.com.br\/blog\/feriados-no-peru\/\" \/>\n<meta property=\"og:site_name\" content=\"Machu Picchu Brasil | Pacotes para Machu Picchu no Peru\" \/>\n<meta property=\"article:published_time\" content=\"2019-12-13T14:00:40+00:00\" \/>\n<meta property=\"article:modified_time\" content=\"2021-08-05T17:25:44+00:00\" \/>\n<meta property=\"og:image\" content=\"https:\/\/machupicchubrasil.com.br\/blog\/wp-content\/uploads\/2019\/12\/feriado-peru-1024x576.png\" \/>\n\t<meta property=\"og:image:width\" content=\"1024\" \/>\n\t<meta property=\"og:image:height\" content=\"576\" \/>\n\t<meta property=\"og:image:type\" content=\"image\/png\" \/>\n<meta name=\"author\" content=\"Adm- MKT\" \/>\n<meta name=\"twitter:card\" content=\"summary_large_image\" \/>\n<meta name=\"twitter:label1\" content=\"Escrito por\" \/>\n\t<meta name=\"twitter:data1\" content=\"Adm- MKT\" \/>\n\t<meta name=\"twitter:label2\" content=\"Est. tempo de leitura\" \/>\n\t<meta name=\"twitter:data2\" content=\"5 minutos\" \/>\n<script type=\"application\/ld+json\" class=\"yoast-schema-graph\">{\"@context\":\"https:\/\/schema.org\",\"@graph\":[{\"@type\":\"WebPage\",\"@id\":\"https:\/\/machupicchubrasil.com.br\/blog\/feriados-no-peru\/\",\"url\":\"https:\/\/machupicchubrasil.com.br\/blog\/feriados-no-peru\/\",\"name\":\"Feriados no Peru | Machu Picchu Brasil Viagens e Turismo\",\"isPartOf\":{\"@id\":\"https:\/\/machupicchubrasil.com.br\/blog\/#website\"},\"primaryImageOfPage\":{\"@id\":\"https:\/\/machupicchubrasil.com.br\/blog\/feriados-no-peru\/#primaryimage\"},\"image\":{\"@id\":\"https:\/\/machupicchubrasil.com.br\/blog\/feriados-no-peru\/#primaryimage\"},\"thumbnailUrl\":\"https:\/\/machupicchubrasil.com.br\/blog\/wp-content\/uploads\/2019\/12\/feriado-peru.png\",\"datePublished\":\"2019-12-13T14:00:40+00:00\",\"dateModified\":\"2021-08-05T17:25:44+00:00\",\"author\":{\"@id\":\"https:\/\/machupicchubrasil.com.br\/blog\/#\/schema\/person\/8c88e6e1a1c2554f025e5d4f94f9e88f\"},\"description\":\"Conhe\u00e7a alguns dos principais feriados no Peru em 2020 e planeje a melhor viagem de sua vida no pa\u00eds andino! Confira as melhores dicas!\",\"breadcrumb\":{\"@id\":\"https:\/\/machupicchubrasil.com.br\/blog\/feriados-no-peru\/#breadcrumb\"},\"inLanguage\":\"pt-BR\",\"potentialAction\":[{\"@type\":\"ReadAction\",\"target\":[\"https:\/\/machupicchubrasil.com.br\/blog\/feriados-no-peru\/\"]}]},{\"@type\":\"ImageObject\",\"inLanguage\":\"pt-BR\",\"@id\":\"https:\/\/machupicchubrasil.com.br\/blog\/feriados-no-peru\/#primaryimage\",\"url\":\"https:\/\/machupicchubrasil.com.br\/blog\/wp-content\/uploads\/2019\/12\/feriado-peru.png\",\"contentUrl\":\"https:\/\/machupicchubrasil.com.br\/blog\/wp-content\/uploads\/2019\/12\/feriado-peru.png\",\"width\":1920,\"height\":1080},{\"@type\":\"BreadcrumbList\",\"@id\":\"https:\/\/machupicchubrasil.com.br\/blog\/feriados-no-peru\/#breadcrumb\",\"itemListElement\":[{\"@type\":\"ListItem\",\"position\":1,\"name\":\"In\u00edcio\",\"item\":\"https:\/\/machupicchubrasil.com.br\/blog\/\"},{\"@type\":\"ListItem\",\"position\":2,\"name\":\"Feriados no Peru 2020: as melhores datas para viajar\"}]},{\"@type\":\"WebSite\",\"@id\":\"https:\/\/machupicchubrasil.com.br\/blog\/#website\",\"url\":\"https:\/\/machupicchubrasil.com.br\/blog\/\",\"name\":\"Machu Picchu Brasil | Pacotes para Machu Picchu no Peru\",\"description\":\"Machu Picchu Brasil - Experi\u00eancia e Seguran\u00e7a no Peru\",\"potentialAction\":[{\"@type\":\"SearchAction\",\"target\":{\"@type\":\"EntryPoint\",\"urlTemplate\":\"https:\/\/machupicchubrasil.com.br\/blog\/?s={search_term_string}\"},\"query-input\":{\"@type\":\"PropertyValueSpecification\",\"valueRequired\":true,\"valueName\":\"search_term_string\"}}],\"inLanguage\":\"pt-BR\"},{\"@type\":\"Person\",\"@id\":\"https:\/\/machupicchubrasil.com.br\/blog\/#\/schema\/person\/8c88e6e1a1c2554f025e5d4f94f9e88f\",\"name\":\"Adm- MKT\",\"image\":{\"@type\":\"ImageObject\",\"inLanguage\":\"pt-BR\",\"@id\":\"https:\/\/machupicchubrasil.com.br\/blog\/#\/schema\/person\/image\/\",\"url\":\"https:\/\/secure.gravatar.com\/avatar\/9bca0540686e5d221169413db3a41fe316fd34a90e724cebca20d9da28ef19db?s=96&d=mm&r=g\",\"contentUrl\":\"https:\/\/secure.gravatar.com\/avatar\/9bca0540686e5d221169413db3a41fe316fd34a90e724cebca20d9da28ef19db?s=96&d=mm&r=g\",\"caption\":\"Adm- MKT\"},\"sameAs\":[\"http:\/\/bloghomologacao.machupicchubrasil.com.br\"],\"url\":\"https:\/\/machupicchubrasil.com.br\/blog\/author\/admin\/\"}]}<\/script>\n<!-- \/ Yoast SEO plugin. -->","yoast_head_json":{"title":"Feriados no Peru | Machu Picchu Brasil Viagens e Turismo","description":"Conhe\u00e7a alguns dos principais feriados no Peru em 2020 e planeje a melhor viagem de sua vida no pa\u00eds andino! Confira as melhores dicas!","robots":{"index":"index","follow":"follow","max-snippet":"max-snippet:-1","max-image-preview":"max-image-preview:large","max-video-preview":"max-video-preview:-1"},"canonical":"https:\/\/machupicchubrasil.com.br\/blog\/feriados-no-peru\/","og_locale":"pt_BR","og_type":"article","og_title":"Feriados no Peru | Machu Picchu Brasil Viagens e Turismo","og_description":"Conhe\u00e7a alguns dos principais feriados no Peru em 2020 e planeje a melhor viagem de sua vida no pa\u00eds andino! Confira as melhores dicas!","og_url":"https:\/\/machupicchubrasil.com.br\/blog\/feriados-no-peru\/","og_site_name":"Machu Picchu Brasil | Pacotes para Machu Picchu no Peru","article_published_time":"2019-12-13T14:00:40+00:00","article_modified_time":"2021-08-05T17:25:44+00:00","og_image":[{"width":1024,"height":576,"url":"https:\/\/machupicchubrasil.com.br\/blog\/wp-content\/uploads\/2019\/12\/feriado-peru-1024x576.png","type":"image\/png"}],"author":"Adm- MKT","twitter_card":"summary_large_image","twitter_misc":{"Escrito por":"Adm- MKT","Est. tempo de leitura":"5 minutos"},"schema":{"@context":"https:\/\/schema.org","@graph":[{"@type":"WebPage","@id":"https:\/\/machupicchubrasil.com.br\/blog\/feriados-no-peru\/","url":"https:\/\/machupicchubrasil.com.br\/blog\/feriados-no-peru\/","name":"Feriados no Peru | Machu Picchu Brasil Viagens e Turismo","isPartOf":{"@id":"https:\/\/machupicchubrasil.com.br\/blog\/#website"},"primaryImageOfPage":{"@id":"https:\/\/machupicchubrasil.com.br\/blog\/feriados-no-peru\/#primaryimage"},"image":{"@id":"https:\/\/machupicchubrasil.com.br\/blog\/feriados-no-peru\/#primaryimage"},"thumbnailUrl":"https:\/\/machupicchubrasil.com.br\/blog\/wp-content\/uploads\/2019\/12\/feriado-peru.png","datePublished":"2019-12-13T14:00:40+00:00","dateModified":"2021-08-05T17:25:44+00:00","author":{"@id":"https:\/\/machupicchubrasil.com.br\/blog\/#\/schema\/person\/8c88e6e1a1c2554f025e5d4f94f9e88f"},"description":"Conhe\u00e7a alguns dos principais feriados no Peru em 2020 e planeje a melhor viagem de sua vida no pa\u00eds andino! Confira as melhores dicas!","breadcrumb":{"@id":"https:\/\/machupicchubrasil.com.br\/blog\/feriados-no-peru\/#breadcrumb"},"inLanguage":"pt-BR","potentialAction":[{"@type":"ReadAction","target":["https:\/\/machupicchubrasil.com.br\/blog\/feriados-no-peru\/"]}]},{"@type":"ImageObject","inLanguage":"pt-BR","@id":"https:\/\/machupicchubrasil.com.br\/blog\/feriados-no-peru\/#primaryimage","url":"https:\/\/machupicchubrasil.com.br\/blog\/wp-content\/uploads\/2019\/12\/feriado-peru.png","contentUrl":"https:\/\/machupicchubrasil.com.br\/blog\/wp-content\/uploads\/2019\/12\/feriado-peru.png","width":1920,"height":1080},{"@type":"BreadcrumbList","@id":"https:\/\/machupicchubrasil.com.br\/blog\/feriados-no-peru\/#breadcrumb","itemListElement":[{"@type":"ListItem","position":1,"name":"In\u00edcio","item":"https:\/\/machupicchubrasil.com.br\/blog\/"},{"@type":"ListItem","position":2,"name":"Feriados no Peru 2020: as melhores datas para viajar"}]},{"@type":"WebSite","@id":"https:\/\/machupicchubrasil.com.br\/blog\/#website","url":"https:\/\/machupicchubrasil.com.br\/blog\/","name":"Machu Picchu Brasil | Pacotes para Machu Picchu no Peru","description":"Machu Picchu Brasil - Experi\u00eancia e Seguran\u00e7a no Peru","potentialAction":[{"@type":"SearchAction","target":{"@type":"EntryPoint","urlTemplate":"https:\/\/machupicchubrasil.com.br\/blog\/?s={search_term_string}"},"query-input":{"@type":"PropertyValueSpecification","valueRequired":true,"valueName":"search_term_string"}}],"inLanguage":"pt-BR"},{"@type":"Person","@id":"https:\/\/machupicchubrasil.com.br\/blog\/#\/schema\/person\/8c88e6e1a1c2554f025e5d4f94f9e88f","name":"Adm- MKT","image":{"@type":"ImageObject","inLanguage":"pt-BR","@id":"https:\/\/machupicchubrasil.com.br\/blog\/#\/schema\/person\/image\/","url":"https:\/\/secure.gravatar.com\/avatar\/9bca0540686e5d221169413db3a41fe316fd34a90e724cebca20d9da28ef19db?s=96&d=mm&r=g","contentUrl":"https:\/\/secure.gravatar.com\/avatar\/9bca0540686e5d221169413db3a41fe316fd34a90e724cebca20d9da28ef19db?s=96&d=mm&r=g","caption":"Adm- MKT"},"sameAs":["http:\/\/bloghomologacao.machupicchubrasil.com.br"],"url":"https:\/\/machupicchubrasil.com.br\/blog\/author\/admin\/"}]}},"_links":{"self":[{"href":"https:\/\/machupicchubrasil.com.br\/blog\/wp-json\/wp\/v2\/posts\/6862","targetHints":{"allow":["GET"]}}],"collection":[{"href":"https:\/\/machupicchubrasil.com.br\/blog\/wp-json\/wp\/v2\/posts"}],"about":[{"href":"https:\/\/machupicchubrasil.com.br\/blog\/wp-json\/wp\/v2\/types\/post"}],"author":[{"embeddable":true,"href":"https:\/\/machupicchubrasil.com.br\/blog\/wp-json\/wp\/v2\/users\/1"}],"replies":[{"embeddable":true,"href":"https:\/\/machupicchubrasil.com.br\/blog\/wp-json\/wp\/v2\/comments?post=6862"}],"version-history":[{"count":2,"href":"https:\/\/machupicchubrasil.com.br\/blog\/wp-json\/wp\/v2\/posts\/6862\/revisions"}],"predecessor-version":[{"id":7768,"href":"https:\/\/machupicchubrasil.com.br\/blog\/wp-json\/wp\/v2\/posts\/6862\/revisions\/7768"}],"wp:featuredmedia":[{"embeddable":true,"href":"https:\/\/machupicchubrasil.com.br\/blog\/wp-json\/wp\/v2\/media\/7767"}],"wp:attachment":[{"href":"https:\/\/machupicchubrasil.com.br\/blog\/wp-json\/wp\/v2\/media?parent=6862"}],"wp:term":[{"taxonomy":"category","embeddable":true,"href":"https:\/\/machupicchubrasil.com.br\/blog\/wp-json\/wp\/v2\/categories?post=6862"},{"taxonomy":"post_tag","embeddable":true,"href":"https:\/\/machupicchubrasil.com.br\/blog\/wp-json\/wp\/v2\/tags?post=6862"}],"curies":[{"name":"wp","href":"https:\/\/api.w.org\/{rel}","templated":true}]}}