{"id":6824,"date":"2019-12-04T17:47:21","date_gmt":"2019-12-04T20:47:21","guid":{"rendered":"https:\/\/machupicchubrasil.com.br\/blog\/?p=6824"},"modified":"2021-08-05T17:44:37","modified_gmt":"2021-08-05T17:44:37","slug":"o-que-levar-para-machu-picchu","status":"publish","type":"post","link":"https:\/\/machupicchubrasil.com.br\/blog\/o-que-levar-para-machu-picchu\/","title":{"rendered":"O que levar para Machu Picchu? Dicas para organizar sua mala"},"content":{"rendered":"<p lang=\"PT-BR\" xml:lang=\"PT-BR\">N\u00e3o importa qual seja o m\u00eas de sua <a href=\"https:\/\/conteudo.machupicchubrasil.com.br\/dicas-de-viagem-para-o-peru\" target=\"_blank\" rel=\"noopener\" data-cke-saved-href=\"https:\/\/conteudo.machupicchubrasil.com.br\/dicas-de-viagem-para-o-peru\">viagem ao Peru<\/a>, na hora de organizar as coisas na mala \u00e9 imprescind\u00edvel saber o que levar para <a href=\"https:\/\/www.machupicchubrasil.com.br\/destinos\/machu-picchu\/\" target=\"_blank\" rel=\"noopener\" data-cke-saved-href=\"https:\/\/www.machupicchubrasil.com.br\/destinos\/machu-picchu\/\">Machu Picchu<\/a> para n\u00e3o passar apertos ou ent\u00e3o carregar mais peso do que o necess\u00e1rio. Pensando nisso, como bons conhecedores do clima local, n\u00f3s decidimos preparar este miniguia detalhado sobre o que n\u00e3o pode faltar na sua bagagem ao viajar para o pa\u00eds andino.<\/p>\n<p lang=\"PT-BR\" xml:lang=\"PT-BR\"><!--more--><\/p>\n<p lang=\"PT-BR\" xml:lang=\"PT-BR\">Sendo assim, sem mais delongas, n\u00e3o deixe de anotar as dicas e fazer aquela confer\u00eancia completa antes de embarcar para a aventura. Podemos come\u00e7ar?<\/p>\n<h2 lang=\"PT-BR\" xml:lang=\"PT-BR\">Afinal, como \u00e9 o clima em Machu Picchu?<\/h2>\n<p><img loading=\"lazy\" decoding=\"async\" class=\"aligncenter size-full wp-image-6849\" src=\"https:\/\/machupicchubrasil.com.br\/blog\/wp-content\/uploads\/2019\/11\/machu_picchu-.jpg\" alt=\"O que levar para Machu Picchu\" width=\"779\" height=\"584\" \/><\/p>\n<p lang=\"PT-BR\" xml:lang=\"PT-BR\">Antes de saber o que levar para Machu Picchu na mala, \u00e9 importante conhecer um pouco do clima no Peru. Principalmente se voc\u00ea pretende estender a viagem para outros cantos do pa\u00eds, j\u00e1 que tudo pode variar de regi\u00e3o para regi\u00e3o.<\/p>\n<p lang=\"PT-BR\" xml:lang=\"PT-BR\">Vale lembrar tamb\u00e9m que a cidade nca est\u00e1 a mais de 2.400 metros de altitude, entre a Cordilheira dos Andes e a floresta amaz\u00f4nica, o que, naturalmente, faz com que o clima de Machu Picchu seja um tanto quanto particular.<\/p>\n<p lang=\"PT-BR\" xml:lang=\"PT-BR\">Mas vamos l\u00e1! Nos pr\u00f3ximos t\u00f3picos, destacamos as principais caracter\u00edsticas marcantes do clima andino, o que\u00a0\u00e9 fundamental para entender melhor e definir\u00a0o que levar na mala para Machu Picchu! Continue e confira!<\/p>\n<p lang=\"PT-BR\" xml:lang=\"PT-BR\"><strong>VEJA TAMB\u00c9M<\/strong><\/p>\n<p lang=\"PT-BR\" xml:lang=\"PT-BR\"><a href=\"https:\/\/machupicchubrasil.com.br\/blog\/o-que-levar-na-sua-viagem-ao-peru\/\" target=\"_blank\" rel=\"noopener\" data-cke-saved-href=\"https:\/\/machupicchubrasil.com.br\/blog\/o-que-levar-na-sua-viagem-ao-peru\/\"><strong>O que levar na viagem ao Peru por cada regi\u00e3o<\/strong><\/a><\/p>\n<p lang=\"PT-BR\" xml:lang=\"PT-BR\"><strong><a href=\"https:\/\/machupicchubrasil.com.br\/blog\/aguas-calientes\/\" target=\"_blank\" rel=\"bookmark noopener\" data-cke-saved-href=\"https:\/\/machupicchubrasil.com.br\/blog\/aguas-calientes\/\">\u00c1guas Calientes: o que fazer na cidade antes de Machu Picchu<\/a><\/strong><\/p>\n<h2 lang=\"PT-BR\" xml:lang=\"PT-BR\">O que levar para Machu Picchu entre novembro e mar\u00e7o (esta\u00e7\u00e3o das chuvas)?<\/h2>\n<p><img loading=\"lazy\" decoding=\"async\" class=\"aligncenter size-full wp-image-6848\" src=\"https:\/\/machupicchubrasil.com.br\/blog\/wp-content\/uploads\/2019\/11\/tecelagem_andina.jpg\" alt=\"Tecelagem andina\" width=\"779\" height=\"519\" \/><\/p>\n<p lang=\"PT-BR\" xml:lang=\"PT-BR\">Esses meses s\u00e3o mais marcados por poss\u00edveis pancadas de chuvas em Machu Picchu, o que n\u00e3o significa, de maneira alguma, que o <a href=\"https:\/\/machupicchubrasil.com.br\/blog\/visitar-machu-picchu\/\" target=\"_blank\" rel=\"noopener\" data-cke-saved-href=\"https:\/\/machupicchubrasil.com.br\/blog\/visitar-machu-picchu\/\">passeio<\/a> ficar\u00e1 comprometido. Afinal, dificilmente elas duram o dia inteiro e at\u00e9 podem surpreender com espet\u00e1culos \u00fanicos, com outras cores e at\u00e9 o surgimento de um lindo arco-\u00edris sobre as ru\u00ednas incas.<\/p>\n<p lang=\"PT-BR\" xml:lang=\"PT-BR\">Por outro lado, os dias costumam ser mais abafados nessa \u00e9poca, especialmente de dezembro at\u00e9 fevereiro, com uma m\u00e9dia de 20 a 23\u00baC, sendo que a sensa\u00e7\u00e3o t\u00e9rmica pode ser mais alta em alguns momentos.<\/p>\n<p lang=\"PT-BR\" xml:lang=\"PT-BR\">Com isso, confira um pequeno checklist sobre o que levar para <a href=\"https:\/\/machupicchubrasil.com.br\/blog\/machu-picchu-em-dezembro\/\" target=\"_blank\" rel=\"noopener\" data-cke-saved-href=\"https:\/\/machupicchubrasil.com.br\/blog\/machu-picchu-em-dezembro\/\">Machu Picchu na esta\u00e7\u00e3o chuvosa<\/a>:<\/p>\n<ul role=\"list\">\n<li role=\"listitem\" aria-setsize=\"-1\" data-aria-level=\"1\" data-aria-posinset=\"1\" data-font=\"Symbol\" data-leveltext=\"\uf0b7\" data-listid=\"1\">\n<p lang=\"PT-BR\" xml:lang=\"PT-BR\">roupas mais leves, especialmente para o dia;<\/p>\n<\/li>\n<li role=\"listitem\" aria-setsize=\"-1\" data-aria-level=\"1\" data-aria-posinset=\"2\" data-font=\"Symbol\" data-leveltext=\"\uf0b7\" data-listid=\"1\">\n<p lang=\"PT-BR\" xml:lang=\"PT-BR\">cal\u00e7ados confort\u00e1veis para caminhadas;<\/p>\n<\/li>\n<li role=\"listitem\" aria-setsize=\"-1\" data-aria-level=\"1\" data-aria-posinset=\"3\" data-font=\"Symbol\" data-leveltext=\"\uf0b7\" data-listid=\"1\">\n<p lang=\"PT-BR\" xml:lang=\"PT-BR\">apesar de ser mais quente, \u00e9 recomendado sempre carregar um agasalho como um pul\u00f4ver, um\u00a0moletom ou, para os mais friorentos,\u00a0at\u00e9 um bom casaco de inverno nunca \u00e9 demais;<\/p>\n<\/li>\n<li role=\"listitem\" aria-setsize=\"-1\" data-aria-level=\"1\" data-aria-posinset=\"4\" data-font=\"Symbol\" data-leveltext=\"\uf0b7\" data-listid=\"1\">\n<p lang=\"PT-BR\" xml:lang=\"PT-BR\">bermudas s\u00e3o bem-vindas para os passeios, mas, certamente, as cal\u00e7as ser\u00e3o mais \u00fateis durante as noites;<\/p>\n<\/li>\n<li role=\"listitem\" aria-setsize=\"-1\" data-aria-level=\"1\" data-aria-posinset=\"5\" data-font=\"Symbol\" data-leveltext=\"\uf0b7\" data-listid=\"1\">\n<p lang=\"PT-BR\" xml:lang=\"PT-BR\">em caso de sentir frio nessa \u00e9poca, em <a href=\"https:\/\/www.machupicchubrasil.com.br\/destinos\/cusco\/\" target=\"_blank\" rel=\"noopener\" data-cke-saved-href=\"https:\/\/www.machupicchubrasil.com.br\/destinos\/cusco\/\">Cusco<\/a> e em todo o <a href=\"https:\/\/www.machupicchubrasil.com.br\/destinos\/vale-sagrado\/\" target=\"_blank\" rel=\"noopener\" data-cke-saved-href=\"https:\/\/www.machupicchubrasil.com.br\/destinos\/vale-sagrado\/\">Vale Sagrado<\/a>, haver\u00e1 sempre lojinhas e galerias vendendo o tradicional\u00a0chullo\u00a0(a touca peruana), meias, luvas e at\u00e9 cachecol de <a href=\"https:\/\/machupicchubrasil.com.br\/blog\/artesanato-peruano\/\" target=\"_blank\" rel=\"noopener\" data-cke-saved-href=\"https:\/\/machupicchubrasil.com.br\/blog\/artesanato-peruano\/\">tecelagem andina.<\/a>\u00a0Ou seja, ao inv\u00e9s de encher a mala com seus acess\u00f3rios na ida, \u00e9 melhor comprar l\u00e1 e ter espa\u00e7o para traz\u00ea-los na bagagem.<\/p>\n<\/li>\n<\/ul>\n<h2 lang=\"PT-BR\" xml:lang=\"PT-BR\">O que levar para Machu Picchu entre abril\u00a0e outubro\u00a0(esta\u00e7\u00e3o de seca)?<\/h2>\n<p><img loading=\"lazy\" decoding=\"async\" class=\"aligncenter size-full wp-image-6850\" src=\"https:\/\/machupicchubrasil.com.br\/blog\/wp-content\/uploads\/2019\/11\/trilha_salkantay.jpg\" alt=\"O que levar para as trilhas em Machu Picchu\" width=\"768\" height=\"576\" \/><\/p>\n<p lang=\"PT-BR\" xml:lang=\"PT-BR\">Considerada a alta temporada em <a href=\"https:\/\/machupicchubrasil.com.br\/blog\/guia-para-machu-picchu\/\" target=\"_blank\" rel=\"noopener\" data-cke-saved-href=\"https:\/\/machupicchubrasil.com.br\/blog\/guia-para-machu-picchu\/\">Machu Picchu<\/a>, a esta\u00e7\u00e3o de seca \u00e9 marcada por dias de c\u00e9u mais aberto, sem chuvas, por\u00e9m, com temperaturas bem mais baixas, especialmente durante a noite. Para se ter uma ideia melhor, enquanto as tardes marcam, em m\u00e9dia, entre 17\u00b0 e 19\u00baC nesse per\u00edodo, as madrugadas podem surpreender com quedas dr\u00e1sticas, podendo chegar a 0\u00baC ou pr\u00f3ximo a isso.<\/p>\n<p lang=\"PT-BR\" xml:lang=\"PT-BR\">Sendo assim, podemos dizer que \u00e9 bom se prevenir nessa \u00e9poca e fazer a mala com mais aten\u00e7\u00e3o. Para ajudar, confira nossas dicas sobre o que levar para Machu Picchu na esta\u00e7\u00e3o de seca!<\/p>\n<ul role=\"list\">\n<li role=\"listitem\" aria-setsize=\"-1\" data-aria-level=\"1\" data-aria-posinset=\"6\" data-font=\"Symbol\" data-leveltext=\"\uf0b7\" data-listid=\"1\">\n<p lang=\"PT-BR\" xml:lang=\"PT-BR\">garanta um espa\u00e7o certo para aquele casaco mais quente. Certamente, ele ser\u00e1 bem \u00fatil;<\/p>\n<\/li>\n<li role=\"listitem\" aria-setsize=\"-1\" data-aria-level=\"1\" data-aria-posinset=\"7\" data-font=\"Symbol\" data-leveltext=\"\uf0b7\" data-listid=\"1\">\n<p lang=\"PT-BR\" xml:lang=\"PT-BR\">para os passeios diurnos, ainda que fa\u00e7a sol e uma temperatura agrad\u00e1vel, \u00e9 sempre recomendado levar um agasalho \u00e0 parte. Como dissemos, j\u00e1 no entardecer, o frio pode pegar voc\u00ea de surpresa;<\/p>\n<\/li>\n<li role=\"listitem\" aria-setsize=\"-1\" data-aria-level=\"1\" data-aria-posinset=\"8\" data-font=\"Symbol\" data-leveltext=\"\uf0b7\" data-listid=\"1\">\n<p lang=\"PT-BR\" xml:lang=\"PT-BR\">para essa \u00e9poca, uma cal\u00e7a\u00a0legging, de moletom ou mesmo o bom e velho jeans podem ser op\u00e7\u00f5es mais confort\u00e1veis e leves para as caminhadas e n\u00e3o deixam ningu\u00e9m na m\u00e3o se a temperatura baixar de uma hora para outra;<\/p>\n<\/li>\n<li role=\"listitem\" aria-setsize=\"-1\" data-aria-level=\"1\" data-aria-posinset=\"9\" data-font=\"Symbol\" data-leveltext=\"\uf0b7\" data-listid=\"1\">\n<p lang=\"PT-BR\" xml:lang=\"PT-BR\">se o seu ingresso para Machu Picchu for para o per\u00edodo da tarde, com o fim do passeio para o final do dia, \u00e9 recomendado at\u00e9 levar toucas e cachec\u00f3is para o anoitecer;<\/p>\n<\/li>\n<li role=\"listitem\" aria-setsize=\"-1\" data-aria-level=\"1\" data-aria-posinset=\"10\" data-font=\"Symbol\" data-leveltext=\"\uf0b7\" data-listid=\"1\">\n<p lang=\"PT-BR\" xml:lang=\"PT-BR\">o mesmo vale para os <a href=\"https:\/\/machupicchubrasil.com.br\/blog\/bares-em-cusco\/\" target=\"_blank\" rel=\"noopener\" data-cke-saved-href=\"https:\/\/machupicchubrasil.com.br\/blog\/bares-em-cusco\/\">passeios noturnos em Cusco<\/a>. Ou seja, nessa \u00e9poca \u00e9 bom levar alguns itens de frio do Brasil, mas tamb\u00e9m n\u00e3o deixe de separar um espacinho na mochila para Machu Picchu para guardar algumas lembran\u00e7as do Peru.<\/p>\n<\/li>\n<\/ul>\n<h2 lang=\"PT-BR\" xml:lang=\"PT-BR\">Independentemente da \u00e9poca da viagem, o que n\u00e3o esquecer de levar para Machu Picchu?<\/h2>\n<p><img loading=\"lazy\" decoding=\"async\" class=\"aligncenter size-full wp-image-6846\" src=\"https:\/\/machupicchubrasil.com.br\/blog\/wp-content\/uploads\/2019\/11\/mala_para_machu_picchu.jpg\" alt=\"Mala para Machu Picchu\" width=\"779\" height=\"519\" \/><\/p>\n<p lang=\"PT-BR\" xml:lang=\"PT-BR\">Al\u00e9m das dicas sobre o que levar para Machu Picchu\u00a0de acordo com o m\u00eas da sua viagem, abaixo\u00a0separamos\u00a0tamb\u00e9m\u00a0mais alguns itens indispens\u00e1veis que precisam ter lugar garantido na mala. S\u00e3o eles:<\/p>\n<ul role=\"list\">\n<li role=\"listitem\" aria-setsize=\"-1\" data-aria-level=\"1\" data-aria-posinset=\"11\" data-font=\"Symbol\" data-leveltext=\"\uf0b7\" data-listid=\"1\">\n<p lang=\"PT-BR\" xml:lang=\"PT-BR\">cal\u00e7ado bem confort\u00e1vel;<\/p>\n<\/li>\n<li role=\"listitem\" aria-setsize=\"-1\" data-aria-level=\"1\" data-aria-posinset=\"12\" data-font=\"Symbol\" data-leveltext=\"\uf0b7\" data-listid=\"1\">\n<p lang=\"PT-BR\" xml:lang=\"PT-BR\">em caso de fazer a trilha Inca, \u00e9 recomendado at\u00e9 uma bota;<\/p>\n<\/li>\n<li role=\"listitem\" aria-setsize=\"-1\" data-aria-level=\"1\" data-aria-posinset=\"13\" data-font=\"Symbol\" data-leveltext=\"\uf0b7\" data-listid=\"1\">\n<p lang=\"PT-BR\" xml:lang=\"PT-BR\">protetor solar;<\/p>\n<\/li>\n<li role=\"listitem\" aria-setsize=\"-1\" data-aria-level=\"1\" data-aria-posinset=\"14\" data-font=\"Symbol\" data-leveltext=\"\uf0b7\" data-listid=\"1\">\n<p lang=\"PT-BR\" xml:lang=\"PT-BR\">chap\u00e9u ou bon\u00e9;<\/p>\n<\/li>\n<li role=\"listitem\" aria-setsize=\"-1\" data-aria-level=\"1\" data-aria-posinset=\"15\" data-font=\"Symbol\" data-leveltext=\"\uf0b7\" data-listid=\"1\">\n<p lang=\"PT-BR\" xml:lang=\"PT-BR\">\u00f3culos escuros;<\/p>\n<\/li>\n<li role=\"listitem\" aria-setsize=\"-1\" data-aria-level=\"1\" data-aria-posinset=\"16\" data-font=\"Symbol\" data-leveltext=\"\uf0b7\" data-listid=\"1\">\n<p lang=\"PT-BR\" xml:lang=\"PT-BR\">hidratante para pele e protetor labial;<\/p>\n<\/li>\n<li role=\"listitem\" aria-setsize=\"-1\" data-aria-level=\"1\" data-aria-posinset=\"17\" data-font=\"Symbol\" data-leveltext=\"\uf0b7\" data-listid=\"1\">\n<p lang=\"PT-BR\" xml:lang=\"PT-BR\"><a href=\"https:\/\/machupicchubrasil.com.br\/blog\/como-levar-medicamentos-em-viagens-internacionais\/\" target=\"_blank\" rel=\"noopener\" data-cke-saved-href=\"https:\/\/machupicchubrasil.com.br\/blog\/como-levar-medicamentos-em-viagens-internacionais\/\">um kit b\u00e1sico de medicamentos<\/a>, como rem\u00e9dios para enjoos, mal-estar, dor de cabe\u00e7a, de barriga etc.;<\/p>\n<\/li>\n<li role=\"listitem\" aria-setsize=\"-1\" data-aria-level=\"1\" data-aria-posinset=\"18\" data-font=\"Symbol\" data-leveltext=\"\uf0b7\" data-listid=\"1\">\n<p lang=\"PT-BR\" xml:lang=\"PT-BR\">uma mochila pequena para passeios diurnos;<\/p>\n<\/li>\n<li role=\"listitem\" aria-setsize=\"-1\" data-aria-level=\"1\" data-aria-posinset=\"19\" data-font=\"Symbol\" data-leveltext=\"\uf0b7\" data-listid=\"1\">\n<p lang=\"PT-BR\" xml:lang=\"PT-BR\">adaptador de tomadas se for levar laptop ou outro eletr\u00f4nico espec\u00edfico;<\/p>\n<\/li>\n<li role=\"listitem\" aria-setsize=\"-1\" data-aria-level=\"1\" data-aria-posinset=\"20\" data-font=\"Symbol\" data-leveltext=\"\uf0b7\" data-listid=\"1\">\n<p lang=\"PT-BR\" xml:lang=\"PT-BR\">c\u00e2mera de fotos e, se tiver, uma bateria extra;<\/p>\n<\/li>\n<li role=\"listitem\" aria-setsize=\"-1\" data-aria-level=\"1\" data-aria-posinset=\"21\" data-font=\"Symbol\" data-leveltext=\"\uf0b7\" data-listid=\"1\">\n<p lang=\"PT-BR\" xml:lang=\"PT-BR\">cart\u00e3o de mem\u00f3ria com bastante espa\u00e7o.<\/p>\n<\/li>\n<\/ul>\n<p lang=\"PT-BR\" xml:lang=\"PT-BR\">Enfim, esse foi o nosso miniguia detalhado sobre o que levar para Machu Picchu a cada m\u00eas e temporada. Vale refor\u00e7ar que, se o seu roteiro pretende englobar outros destinos peruanos, \u00e9 recomendado pedir mais dicas ao seu agente de viagem, de acordo com as \u00e9pocas e lugares a serem visitados. Para isso, \u00e9 sempre recomendado fechar o pacote com uma <a href=\"https:\/\/www.machupicchubrasil.com.br\/\" target=\"_blank\" rel=\"noopener\" data-cke-saved-href=\"https:\/\/www.machupicchubrasil.com.br\/\">ag\u00eancia especializada no turismo andino<\/a> e com a experi\u00eancia necess\u00e1ria.<\/p>\n<p lang=\"PT-BR\" xml:lang=\"PT-BR\">Curtiu as dicas? J\u00e1 tem uma viagem programada para Machu Picchu? Ent\u00e3o, antes de vivenciar essa experi\u00eancia \u00fanica em sua vida, n\u00e3o deixe de baixar <a href=\"https:\/\/machupicchubrasil.com.br\/blog\/mapa-de-machu-picchu\/\" target=\"_blank\" rel=\"noopener\" data-cke-saved-href=\"https:\/\/machupicchubrasil.com.br\/blog\/mapa-de-machu-picchu\/\">nosso mapa completo<\/a> de todo o parque e j\u00e1 comece a aventura a partir de agora!<\/p>\n","protected":false},"excerpt":{"rendered":"<p>N\u00e3o importa qual seja o m\u00eas de sua viagem ao Peru, na hora de organizar as coisas na mala \u00e9 imprescind\u00edvel saber o que levar para Machu Picchu para n\u00e3o passar apertos ou ent\u00e3o carregar mais peso do que o necess\u00e1rio. Pensando nisso, como bons conhecedores do clima local, n\u00f3s decidimos preparar este miniguia detalhado [&hellip;]<\/p>\n","protected":false},"author":1,"featured_media":7772,"comment_status":"open","ping_status":"open","sticky":false,"template":"","format":"standard","meta":{"footnotes":""},"categories":[31,21,34,23,24,47],"tags":[338,284,54,67,520,61],"class_list":["post-6824","post","type-post","status-publish","format-standard","has-post-thumbnail","hentry","category-bem-estar","category-classico","category-dicas-uteis","category-independente","category-luxo","category-viagens-em-familia","tag-dicas-2","tag-entrada-a-machu-picchu","tag-machu-picchu","tag-machu-picchu-brasil","tag-organizar-a-mala","tag-peru"],"acf":[],"yoast_head":"<!-- This site is optimized with the Yoast SEO plugin v24.9 - https:\/\/yoast.com\/wordpress\/plugins\/seo\/ -->\n<title>O que levar para Machu Picchu | Machu Picchu Brasil Viagens e Turismo<\/title>\n<meta name=\"description\" content=\"Saiba o que levar para Machu Picchu em sua viagem, levando em considera\u00e7\u00e3o o clima de cada m\u00eas e tenha uma experi\u00eancia incr\u00edvel!\" \/>\n<meta name=\"robots\" content=\"index, follow, max-snippet:-1, max-image-preview:large, max-video-preview:-1\" \/>\n<link rel=\"canonical\" href=\"https:\/\/machupicchubrasil.com.br\/blog\/o-que-levar-para-machu-picchu\/\" \/>\n<meta property=\"og:locale\" content=\"pt_BR\" \/>\n<meta property=\"og:type\" content=\"article\" \/>\n<meta property=\"og:title\" content=\"O que levar para Machu Picchu | Machu Picchu Brasil Viagens e Turismo\" \/>\n<meta property=\"og:description\" content=\"Saiba o que levar para Machu Picchu em sua viagem, levando em considera\u00e7\u00e3o o clima de cada m\u00eas e tenha uma experi\u00eancia incr\u00edvel!\" \/>\n<meta property=\"og:url\" content=\"https:\/\/machupicchubrasil.com.br\/blog\/o-que-levar-para-machu-picchu\/\" \/>\n<meta property=\"og:site_name\" content=\"Machu Picchu Brasil | Pacotes para Machu Picchu no Peru\" \/>\n<meta property=\"article:published_time\" content=\"2019-12-04T20:47:21+00:00\" \/>\n<meta property=\"article:modified_time\" content=\"2021-08-05T17:44:37+00:00\" \/>\n<meta property=\"og:image\" content=\"https:\/\/machupicchubrasil.com.br\/blog\/wp-content\/uploads\/2019\/12\/ornaizando-mala-1024x576.png\" \/>\n\t<meta property=\"og:image:width\" content=\"1024\" \/>\n\t<meta property=\"og:image:height\" content=\"576\" \/>\n\t<meta property=\"og:image:type\" content=\"image\/png\" \/>\n<meta name=\"author\" content=\"Adm- MKT\" \/>\n<meta name=\"twitter:card\" content=\"summary_large_image\" \/>\n<meta name=\"twitter:label1\" content=\"Escrito por\" \/>\n\t<meta name=\"twitter:data1\" content=\"Adm- MKT\" \/>\n\t<meta name=\"twitter:label2\" content=\"Est. tempo de leitura\" \/>\n\t<meta name=\"twitter:data2\" content=\"5 minutos\" \/>\n<script type=\"application\/ld+json\" class=\"yoast-schema-graph\">{\"@context\":\"https:\/\/schema.org\",\"@graph\":[{\"@type\":\"WebPage\",\"@id\":\"https:\/\/machupicchubrasil.com.br\/blog\/o-que-levar-para-machu-picchu\/\",\"url\":\"https:\/\/machupicchubrasil.com.br\/blog\/o-que-levar-para-machu-picchu\/\",\"name\":\"O que levar para Machu Picchu | Machu Picchu Brasil Viagens e Turismo\",\"isPartOf\":{\"@id\":\"https:\/\/machupicchubrasil.com.br\/blog\/#website\"},\"primaryImageOfPage\":{\"@id\":\"https:\/\/machupicchubrasil.com.br\/blog\/o-que-levar-para-machu-picchu\/#primaryimage\"},\"image\":{\"@id\":\"https:\/\/machupicchubrasil.com.br\/blog\/o-que-levar-para-machu-picchu\/#primaryimage\"},\"thumbnailUrl\":\"https:\/\/machupicchubrasil.com.br\/blog\/wp-content\/uploads\/2019\/12\/ornaizando-mala.png\",\"datePublished\":\"2019-12-04T20:47:21+00:00\",\"dateModified\":\"2021-08-05T17:44:37+00:00\",\"author\":{\"@id\":\"https:\/\/machupicchubrasil.com.br\/blog\/#\/schema\/person\/8c88e6e1a1c2554f025e5d4f94f9e88f\"},\"description\":\"Saiba o que levar para Machu Picchu em sua viagem, levando em considera\u00e7\u00e3o o clima de cada m\u00eas e tenha uma experi\u00eancia incr\u00edvel!\",\"breadcrumb\":{\"@id\":\"https:\/\/machupicchubrasil.com.br\/blog\/o-que-levar-para-machu-picchu\/#breadcrumb\"},\"inLanguage\":\"pt-BR\",\"potentialAction\":[{\"@type\":\"ReadAction\",\"target\":[\"https:\/\/machupicchubrasil.com.br\/blog\/o-que-levar-para-machu-picchu\/\"]}]},{\"@type\":\"ImageObject\",\"inLanguage\":\"pt-BR\",\"@id\":\"https:\/\/machupicchubrasil.com.br\/blog\/o-que-levar-para-machu-picchu\/#primaryimage\",\"url\":\"https:\/\/machupicchubrasil.com.br\/blog\/wp-content\/uploads\/2019\/12\/ornaizando-mala.png\",\"contentUrl\":\"https:\/\/machupicchubrasil.com.br\/blog\/wp-content\/uploads\/2019\/12\/ornaizando-mala.png\",\"width\":1920,\"height\":1080},{\"@type\":\"BreadcrumbList\",\"@id\":\"https:\/\/machupicchubrasil.com.br\/blog\/o-que-levar-para-machu-picchu\/#breadcrumb\",\"itemListElement\":[{\"@type\":\"ListItem\",\"position\":1,\"name\":\"In\u00edcio\",\"item\":\"https:\/\/machupicchubrasil.com.br\/blog\/\"},{\"@type\":\"ListItem\",\"position\":2,\"name\":\"O que levar para Machu Picchu? Dicas para organizar sua mala\"}]},{\"@type\":\"WebSite\",\"@id\":\"https:\/\/machupicchubrasil.com.br\/blog\/#website\",\"url\":\"https:\/\/machupicchubrasil.com.br\/blog\/\",\"name\":\"Machu Picchu Brasil | Pacotes para Machu Picchu no Peru\",\"description\":\"Machu Picchu Brasil - Experi\u00eancia e Seguran\u00e7a no Peru\",\"potentialAction\":[{\"@type\":\"SearchAction\",\"target\":{\"@type\":\"EntryPoint\",\"urlTemplate\":\"https:\/\/machupicchubrasil.com.br\/blog\/?s={search_term_string}\"},\"query-input\":{\"@type\":\"PropertyValueSpecification\",\"valueRequired\":true,\"valueName\":\"search_term_string\"}}],\"inLanguage\":\"pt-BR\"},{\"@type\":\"Person\",\"@id\":\"https:\/\/machupicchubrasil.com.br\/blog\/#\/schema\/person\/8c88e6e1a1c2554f025e5d4f94f9e88f\",\"name\":\"Adm- MKT\",\"image\":{\"@type\":\"ImageObject\",\"inLanguage\":\"pt-BR\",\"@id\":\"https:\/\/machupicchubrasil.com.br\/blog\/#\/schema\/person\/image\/\",\"url\":\"https:\/\/secure.gravatar.com\/avatar\/9bca0540686e5d221169413db3a41fe316fd34a90e724cebca20d9da28ef19db?s=96&d=mm&r=g\",\"contentUrl\":\"https:\/\/secure.gravatar.com\/avatar\/9bca0540686e5d221169413db3a41fe316fd34a90e724cebca20d9da28ef19db?s=96&d=mm&r=g\",\"caption\":\"Adm- MKT\"},\"sameAs\":[\"http:\/\/bloghomologacao.machupicchubrasil.com.br\"],\"url\":\"https:\/\/machupicchubrasil.com.br\/blog\/author\/admin\/\"}]}<\/script>\n<!-- \/ Yoast SEO plugin. -->","yoast_head_json":{"title":"O que levar para Machu Picchu | Machu Picchu Brasil Viagens e Turismo","description":"Saiba o que levar para Machu Picchu em sua viagem, levando em considera\u00e7\u00e3o o clima de cada m\u00eas e tenha uma experi\u00eancia incr\u00edvel!","robots":{"index":"index","follow":"follow","max-snippet":"max-snippet:-1","max-image-preview":"max-image-preview:large","max-video-preview":"max-video-preview:-1"},"canonical":"https:\/\/machupicchubrasil.com.br\/blog\/o-que-levar-para-machu-picchu\/","og_locale":"pt_BR","og_type":"article","og_title":"O que levar para Machu Picchu | Machu Picchu Brasil Viagens e Turismo","og_description":"Saiba o que levar para Machu Picchu em sua viagem, levando em considera\u00e7\u00e3o o clima de cada m\u00eas e tenha uma experi\u00eancia incr\u00edvel!","og_url":"https:\/\/machupicchubrasil.com.br\/blog\/o-que-levar-para-machu-picchu\/","og_site_name":"Machu Picchu Brasil | Pacotes para Machu Picchu no Peru","article_published_time":"2019-12-04T20:47:21+00:00","article_modified_time":"2021-08-05T17:44:37+00:00","og_image":[{"width":1024,"height":576,"url":"https:\/\/machupicchubrasil.com.br\/blog\/wp-content\/uploads\/2019\/12\/ornaizando-mala-1024x576.png","type":"image\/png"}],"author":"Adm- MKT","twitter_card":"summary_large_image","twitter_misc":{"Escrito por":"Adm- MKT","Est. tempo de leitura":"5 minutos"},"schema":{"@context":"https:\/\/schema.org","@graph":[{"@type":"WebPage","@id":"https:\/\/machupicchubrasil.com.br\/blog\/o-que-levar-para-machu-picchu\/","url":"https:\/\/machupicchubrasil.com.br\/blog\/o-que-levar-para-machu-picchu\/","name":"O que levar para Machu Picchu | Machu Picchu Brasil Viagens e Turismo","isPartOf":{"@id":"https:\/\/machupicchubrasil.com.br\/blog\/#website"},"primaryImageOfPage":{"@id":"https:\/\/machupicchubrasil.com.br\/blog\/o-que-levar-para-machu-picchu\/#primaryimage"},"image":{"@id":"https:\/\/machupicchubrasil.com.br\/blog\/o-que-levar-para-machu-picchu\/#primaryimage"},"thumbnailUrl":"https:\/\/machupicchubrasil.com.br\/blog\/wp-content\/uploads\/2019\/12\/ornaizando-mala.png","datePublished":"2019-12-04T20:47:21+00:00","dateModified":"2021-08-05T17:44:37+00:00","author":{"@id":"https:\/\/machupicchubrasil.com.br\/blog\/#\/schema\/person\/8c88e6e1a1c2554f025e5d4f94f9e88f"},"description":"Saiba o que levar para Machu Picchu em sua viagem, levando em considera\u00e7\u00e3o o clima de cada m\u00eas e tenha uma experi\u00eancia incr\u00edvel!","breadcrumb":{"@id":"https:\/\/machupicchubrasil.com.br\/blog\/o-que-levar-para-machu-picchu\/#breadcrumb"},"inLanguage":"pt-BR","potentialAction":[{"@type":"ReadAction","target":["https:\/\/machupicchubrasil.com.br\/blog\/o-que-levar-para-machu-picchu\/"]}]},{"@type":"ImageObject","inLanguage":"pt-BR","@id":"https:\/\/machupicchubrasil.com.br\/blog\/o-que-levar-para-machu-picchu\/#primaryimage","url":"https:\/\/machupicchubrasil.com.br\/blog\/wp-content\/uploads\/2019\/12\/ornaizando-mala.png","contentUrl":"https:\/\/machupicchubrasil.com.br\/blog\/wp-content\/uploads\/2019\/12\/ornaizando-mala.png","width":1920,"height":1080},{"@type":"BreadcrumbList","@id":"https:\/\/machupicchubrasil.com.br\/blog\/o-que-levar-para-machu-picchu\/#breadcrumb","itemListElement":[{"@type":"ListItem","position":1,"name":"In\u00edcio","item":"https:\/\/machupicchubrasil.com.br\/blog\/"},{"@type":"ListItem","position":2,"name":"O que levar para Machu Picchu? Dicas para organizar sua mala"}]},{"@type":"WebSite","@id":"https:\/\/machupicchubrasil.com.br\/blog\/#website","url":"https:\/\/machupicchubrasil.com.br\/blog\/","name":"Machu Picchu Brasil | Pacotes para Machu Picchu no Peru","description":"Machu Picchu Brasil - Experi\u00eancia e Seguran\u00e7a no Peru","potentialAction":[{"@type":"SearchAction","target":{"@type":"EntryPoint","urlTemplate":"https:\/\/machupicchubrasil.com.br\/blog\/?s={search_term_string}"},"query-input":{"@type":"PropertyValueSpecification","valueRequired":true,"valueName":"search_term_string"}}],"inLanguage":"pt-BR"},{"@type":"Person","@id":"https:\/\/machupicchubrasil.com.br\/blog\/#\/schema\/person\/8c88e6e1a1c2554f025e5d4f94f9e88f","name":"Adm- MKT","image":{"@type":"ImageObject","inLanguage":"pt-BR","@id":"https:\/\/machupicchubrasil.com.br\/blog\/#\/schema\/person\/image\/","url":"https:\/\/secure.gravatar.com\/avatar\/9bca0540686e5d221169413db3a41fe316fd34a90e724cebca20d9da28ef19db?s=96&d=mm&r=g","contentUrl":"https:\/\/secure.gravatar.com\/avatar\/9bca0540686e5d221169413db3a41fe316fd34a90e724cebca20d9da28ef19db?s=96&d=mm&r=g","caption":"Adm- MKT"},"sameAs":["http:\/\/bloghomologacao.machupicchubrasil.com.br"],"url":"https:\/\/machupicchubrasil.com.br\/blog\/author\/admin\/"}]}},"_links":{"self":[{"href":"https:\/\/machupicchubrasil.com.br\/blog\/wp-json\/wp\/v2\/posts\/6824","targetHints":{"allow":["GET"]}}],"collection":[{"href":"https:\/\/machupicchubrasil.com.br\/blog\/wp-json\/wp\/v2\/posts"}],"about":[{"href":"https:\/\/machupicchubrasil.com.br\/blog\/wp-json\/wp\/v2\/types\/post"}],"author":[{"embeddable":true,"href":"https:\/\/machupicchubrasil.com.br\/blog\/wp-json\/wp\/v2\/users\/1"}],"replies":[{"embeddable":true,"href":"https:\/\/machupicchubrasil.com.br\/blog\/wp-json\/wp\/v2\/comments?post=6824"}],"version-history":[{"count":1,"href":"https:\/\/machupicchubrasil.com.br\/blog\/wp-json\/wp\/v2\/posts\/6824\/revisions"}],"predecessor-version":[{"id":7773,"href":"https:\/\/machupicchubrasil.com.br\/blog\/wp-json\/wp\/v2\/posts\/6824\/revisions\/7773"}],"wp:featuredmedia":[{"embeddable":true,"href":"https:\/\/machupicchubrasil.com.br\/blog\/wp-json\/wp\/v2\/media\/7772"}],"wp:attachment":[{"href":"https:\/\/machupicchubrasil.com.br\/blog\/wp-json\/wp\/v2\/media?parent=6824"}],"wp:term":[{"taxonomy":"category","embeddable":true,"href":"https:\/\/machupicchubrasil.com.br\/blog\/wp-json\/wp\/v2\/categories?post=6824"},{"taxonomy":"post_tag","embeddable":true,"href":"https:\/\/machupicchubrasil.com.br\/blog\/wp-json\/wp\/v2\/tags?post=6824"}],"curies":[{"name":"wp","href":"https:\/\/api.w.org\/{rel}","templated":true}]}}