{"id":5813,"date":"2019-02-20T14:42:32","date_gmt":"2019-02-20T17:42:32","guid":{"rendered":"https:\/\/machupicchubrasil.com.br\/blog\/?p=5813"},"modified":"2019-02-20T14:42:32","modified_gmt":"2019-02-20T17:42:32","slug":"pacote-peru-2019","status":"publish","type":"post","link":"https:\/\/machupicchubrasil.com.br\/blog\/pacote-peru-2019\/","title":{"rendered":"Pacote Peru 2019: escolha o feriado e arrume as malas"},"content":{"rendered":"<p lang=\"PT-BR\" xml:lang=\"PT-BR\">O ano\u00a0mal come\u00e7ou, mas j\u00e1 deu para perceber que est\u00e1 indo r\u00e1pido demais! Como sempre, n\u00e9? Mas, se tem uma \u00e9poca perfeita para se <a href=\"http:\/\/www.machupicchubrasil.com.br\/pacotes_\" target=\"_blank\" rel=\"noopener\" data-cke-saved-href=\"http:\/\/www.machupicchubrasil.com.br\/pacotes_\">planejar os pr\u00f3ximos meses<\/a> \u00e9 agora e, claro, aquela t\u00e3o sonhada viagem n\u00e3o pode ficar fora dos planos\u00a0de jeito nenhum.<!--more--><\/p>\n<p>Por isso, preparamos este post com algumas dicas imperd\u00edveis para voc\u00ea montar seu pacote Peru 2019 e desbravar os cantos mais incr\u00edveis deste pa\u00eds.<\/p>\n<p lang=\"PT-BR\" xml:lang=\"PT-BR\">E tem mais! A gente n\u00e3o pode reclamar de 2019, porque feriado \u00e9 o que n\u00e3o falta este ano. Portanto, agenda e caneta na m\u00e3o, que o seu roteiro ser\u00e1 escolhido at\u00e9 o final deste texto. Quer ver? Ent\u00e3o, vamos conferir!<\/p>\n<h2 lang=\"PT-BR\" xml:lang=\"PT-BR\">Qual\u00a0a\u00a0melhor\u00a0\u00e9poca\u00a0do\u00a0ano\u00a0para\u00a0aproveitar\u00a0o\u00a0seu\u00a0pacote\u00a0Peru\u00a02019?<\/h2>\n<p lang=\"PT-BR\" xml:lang=\"PT-BR\">Sabe por que o Peru \u00e9 perfeito para pessoas que amam viajar e vivenciar experi\u00eancias \u00fanicas? Porque o pa\u00eds \u00e9 extraordin\u00e1rio o ano inteiro. Escolher uma \u00e9poca espec\u00edfica\u00a0varia apenas de acordo com os seus interesses, objetivos e as regi\u00f5es que pretende viajar. Logo, uma <a href=\"https:\/\/www.machupicchubrasil.com.br\/paginas\/mostrar\/26\" target=\"_blank\" rel=\"noopener\" data-cke-saved-href=\"https:\/\/www.machupicchubrasil.com.br\/paginas\/mostrar\/26\">ag\u00eancia especializada no turismo peruano<\/a>\u00a0\u00e9 ponto chave para montar o seu pacote Peru 2019, especialmente\u00a0se a sua ideia for fazer um roteiro multi-destino pelo pa\u00eds.<\/p>\n<p lang=\"PT-BR\" xml:lang=\"PT-BR\">Mas vamos l\u00e1! Levando em considera\u00e7\u00e3o as principais atra\u00e7\u00f5es, podemos dizer que para <a href=\"https:\/\/www.machupicchubrasil.com.br\/pacotes\/america-do-sul\/c36\/p109\" target=\"_blank\" rel=\"noopener\" data-cke-saved-href=\"https:\/\/www.machupicchubrasil.com.br\/pacotes\/america-do-sul\/c36\/p109\">Machu Picchu e toda a regi\u00e3o do Vale Sagrado<\/a>, assim como o <a href=\"https:\/\/www.machupicchubrasil.com.br\/pacotes\/america-do-sul\/c36\/p111\" target=\"_blank\" rel=\"noopener\" data-cke-saved-href=\"https:\/\/www.machupicchubrasil.com.br\/pacotes\/america-do-sul\/c36\/p111\">Lago Titicaca<\/a>, por exemplo, o mais recomendado \u00e9 evitar a \u00e9poca de chuvas, que vai de novembro a mar\u00e7o. N\u00e3o que ir nessa \u00e9poca seja ruim! Longe disso! Por\u00e9m, a\u00a0possibilidade de nuvens e tempos mais fechados \u00e9 um pouco maior, mas ao mesmo tempo, as paisagens s\u00e3o totalmente diferentes (igualmente incr\u00edveis), al\u00e9m de encontrar muitos atrativos mais vazios. Sendo assim, a escolha \u00e9 sua!<\/p>\n<p lang=\"PT-BR\" xml:lang=\"PT-BR\"><img loading=\"lazy\" decoding=\"async\" class=\"size-full wp-image-5820 aligncenter\" src=\"https:\/\/machupicchubrasil.com.br\/blog\/wp-content\/uploads\/2019\/02\/Pacote-peru-20193.jpg\" alt=\"\" width=\"778\" height=\"432\" srcset=\"https:\/\/machupicchubrasil.com.br\/blog\/wp-content\/uploads\/2019\/02\/Pacote-peru-20193.jpg 778w, https:\/\/machupicchubrasil.com.br\/blog\/wp-content\/uploads\/2019\/02\/Pacote-peru-20193-300x167.jpg 300w, https:\/\/machupicchubrasil.com.br\/blog\/wp-content\/uploads\/2019\/02\/Pacote-peru-20193-768x426.jpg 768w\" sizes=\"auto, (max-width: 778px) 100vw, 778px\" \/><\/p>\n<h2 lang=\"PT-BR\" xml:lang=\"PT-BR\">Hora de\u00a0escolher\u00a0o\u00a0seu\u00a0Pacote Peru 2019 com quem entende do\u00a0assunto<\/h2>\n<p lang=\"PT-BR\" xml:lang=\"PT-BR\">Aqui, separamos uma pequena lista para voc\u00ea conferir as melhores op\u00e7\u00f5es de pacote Peru 2019, aproveitando os melhores feriados ou o per\u00edodo de f\u00e9rias no Brasil. Todos os roteiros s\u00e3o exclusivos da <a href=\"https:\/\/www.machupicchubrasil.com.br\/\" target=\"_blank\" rel=\"noopener\" data-cke-saved-href=\"https:\/\/www.machupicchubrasil.com.br\/\">Machu Picchu Brasil<\/a>, a \u00fanica agencia brasileira\u00a0totalmente especializada no turismo peruano e com foco em experi\u00eancias personalizadas. E a\u00ed, vamos \u00e0 escolha?<\/p>\n<h3 lang=\"PT-BR\" xml:lang=\"PT-BR\">Perfeitos\u00a0para o\u00a0carnaval<\/h3>\n<p lang=\"PT-BR\" xml:lang=\"PT-BR\">O carnaval \u00e9 o momento perfeito para o brasileiro estender uma viagem de uma semana, pelo menos,\u00a0sem precisar estar de f\u00e9rias, n\u00e3o \u00e9 mesmo? Por isso, um pacote Peru 2019\u00a0que se encaixa perfeitamente neste per\u00edodo \u00e9 o <a href=\"https:\/\/www.machupicchubrasil.com.br\/pacotes\/america-do-sul\/c36\/p102\" target=\"_blank\" rel=\"noopener\" data-cke-saved-href=\"https:\/\/www.machupicchubrasil.com.br\/pacotes\/america-do-sul\/c36\/p102\">Machu Picchu Cl\u00e1ssico<\/a>, que inclui um tour completo pelos principais s\u00edtios arqueol\u00f3gicos do <a href=\"https:\/\/machupicchubrasil.com.br\/blog\/passeio-vale-sagrado\/\" target=\"_blank\" rel=\"noopener\" data-cke-saved-href=\"https:\/\/machupicchubrasil.com.br\/blog\/passeio-vale-sagrado\/\">Vale Sagrado dos Incas<\/a>, pela cidade de Cusco, ber\u00e7o das antigas civiliza\u00e7\u00f5es e, por fim, a chegada \u00e0\u00a0m\u00edstica Machu Picchu, escondida entre as montanhas.<\/p>\n<p lang=\"PT-BR\" xml:lang=\"PT-BR\">Para tem o tempo ainda mais curto, sem problemas! O pacote <a href=\"https:\/\/www.machupicchubrasil.com.br\/pacotes\/america-do-sul\/c36\/p106\" target=\"_blank\" rel=\"noopener\" data-cke-saved-href=\"https:\/\/www.machupicchubrasil.com.br\/pacotes\/america-do-sul\/c36\/p106\">Machu Picchu Light<\/a> tamb\u00e9m \u00e9 um pouco mais enxuto (4 dias e 3 noites) e tamb\u00e9m pode ser uma \u00f3tima pedida para o Carnaval, com todo conforto, seguran\u00e7a e suporte que voc\u00ea precisa! Partiu fugir do carnaval para explorar a magia e a hist\u00f3ria inca?<\/p>\n<p lang=\"PT-BR\" xml:lang=\"PT-BR\"><img loading=\"lazy\" decoding=\"async\" class=\"size-full wp-image-5821 aligncenter\" src=\"https:\/\/machupicchubrasil.com.br\/blog\/wp-content\/uploads\/2019\/02\/Pacote-peru-20194.jpg\" alt=\"Pacote peru 2019\" width=\"774\" height=\"434\" srcset=\"https:\/\/machupicchubrasil.com.br\/blog\/wp-content\/uploads\/2019\/02\/Pacote-peru-20194.jpg 774w, https:\/\/machupicchubrasil.com.br\/blog\/wp-content\/uploads\/2019\/02\/Pacote-peru-20194-300x168.jpg 300w, https:\/\/machupicchubrasil.com.br\/blog\/wp-content\/uploads\/2019\/02\/Pacote-peru-20194-768x431.jpg 768w, https:\/\/machupicchubrasil.com.br\/blog\/wp-content\/uploads\/2019\/02\/Pacote-peru-20194-700x394.jpg 700w, https:\/\/machupicchubrasil.com.br\/blog\/wp-content\/uploads\/2019\/02\/Pacote-peru-20194-350x197.jpg 350w\" sizes=\"auto, (max-width: 774px) 100vw, 774px\" \/><\/p>\n<h3 lang=\"PT-BR\" xml:lang=\"PT-BR\">Semana\u00a0Santa para\u00a0renovar\u00a0as\u00a0energias<\/h3>\n<p lang=\"PT-BR\" xml:lang=\"PT-BR\">Outro feriad\u00e3o que promete este ano \u00e9 a Semana Santa, que \u00e9 comemorada entre 15 e 20 de abril. Que tal aproveitar o per\u00edodo com uma proposta diferente e voltar ao Brasil com as energias renovadas?\u00a0Um pacote Peru 2019 que merece destaque dentre os oferecidos pela Machu Picchu Brasil \u00e9 o <a href=\"https:\/\/www.machupicchubrasil.com.br\/pacotes\/pacotes-machu-picchu-brasil\/promocoes\/c46\/p221\" target=\"_blank\" rel=\"noopener\" data-cke-saved-href=\"https:\/\/www.machupicchubrasil.com.br\/pacotes\/pacotes-machu-picchu-brasil\/promocoes\/c46\/p221\">Grupo M\u00edstico<\/a>, que tem como foco uma experi\u00eancia esot\u00e9rica.<\/p>\n<p lang=\"PT-BR\" xml:lang=\"PT-BR\">Para isso, o roteiro \u00e9 acompanhado por um xam\u00e3, que mostrara um pouco das principais entidades e o lado espiritual seguido pelos Incas. Voc\u00ea ter\u00e1 contato tamb\u00e9m com as lendas e hist\u00f3rias que permeiam a cultura do amor e intensa liga\u00e7\u00e3o desta civiliza\u00e7\u00e3o com os cosmos.<\/p>\n<p lang=\"PT-BR\" xml:lang=\"PT-BR\">Excelente\u00a0oportunidade\u00a0para\u00a0aprender,\u00a0meditar\u00a0e\u00a0experimentar\u00a0as\u00a0sensa\u00e7\u00f5es\u00a0de\u00a0estar\u00a0em\u00a0um\u00a0local\u00a0repleto\u00a0de\u00a0magias,\u00a0espiritualidade\u00a0e\u00a0misticismo.<\/p>\n<p lang=\"PT-BR\" xml:lang=\"PT-BR\"><img loading=\"lazy\" decoding=\"async\" class=\"size-full wp-image-5823 aligncenter\" src=\"https:\/\/machupicchubrasil.com.br\/blog\/wp-content\/uploads\/2019\/02\/Pacote-peru-20191.jpg\" alt=\"\" width=\"778\" height=\"431\" srcset=\"https:\/\/machupicchubrasil.com.br\/blog\/wp-content\/uploads\/2019\/02\/Pacote-peru-20191.jpg 778w, https:\/\/machupicchubrasil.com.br\/blog\/wp-content\/uploads\/2019\/02\/Pacote-peru-20191-300x166.jpg 300w, https:\/\/machupicchubrasil.com.br\/blog\/wp-content\/uploads\/2019\/02\/Pacote-peru-20191-768x425.jpg 768w\" sizes=\"auto, (max-width: 778px) 100vw, 778px\" \/><\/p>\n<h3 lang=\"PT-BR\" xml:lang=\"PT-BR\">F\u00e9rias de\u00a0julho em alto estilo<\/h3>\n<p lang=\"PT-BR\" xml:lang=\"PT-BR\">Julho \u00e9 muito indicado para visitar o destino e um pacote\u00a0Peru 2019 pode se encaixar perfeitamente nas f\u00e9rias de julho, em especial, para aqueles que pretendem <a href=\"https:\/\/machupicchubrasil.com.br\/blog\/peru-com-criancas\/\" target=\"_blank\" rel=\"noopener\" data-cke-saved-href=\"https:\/\/machupicchubrasil.com.br\/blog\/peru-com-criancas\/\">viajar com a fam\u00edlia<\/a>. A primeira dica \u00e9 para quem est\u00e1 em busca de um pouco de adrenalina. O <a href=\"https:\/\/www.machupicchubrasil.com.br\/pacotes\/america-do-sul\/c36\/p268\" target=\"_blank\" rel=\"noopener\" data-cke-saved-href=\"https:\/\/www.machupicchubrasil.com.br\/pacotes\/america-do-sul\/c36\/p268\">Pura Aventura<\/a> \u00e9 o pacote perfeito.<\/p>\n<p lang=\"PT-BR\" xml:lang=\"PT-BR\">Afinal, por meio dele, voc\u00ea e sua fam\u00edlia\u00a0poder\u00e3o visitar a capital, Cusco, Machu Picchu, mas tamb\u00e9m acelerar \u2014 literalmente \u2014 um pouco mais. Na passagem por\u00a0Ica, um verdadeiro o\u00e1sis no deserto, o passeio \u00e9 feito com um\u00a0buggy, que praticamente voa pelas imensas dunas. Depois, \u00e9 hora de passar para o quadriciclo e explorar as ru\u00ednas de\u00a0Moray\u00a0e as\u00a0Salineras\u00a0de Maras\u00a0em alta velocidade.<\/p>\n<p lang=\"PT-BR\" xml:lang=\"PT-BR\">Por fim, antes de retornar ao Brasil, um rafting pelas corredeiras do Rio\u00a0Urubamba. Haja f\u00f4lego! E voc\u00ea, topa o desafio?<\/p>\n<p lang=\"PT-BR\" xml:lang=\"PT-BR\">Ainda sobre as f\u00e9rias de julho, para quem quer tirar metade do m\u00eas em alto estilo e cruzar quase o pa\u00eds inteiro, ent\u00e3o nossa dica \u00e9 o pacote <a href=\"https:\/\/www.machupicchubrasil.com.br\/pacotes\/america-do-sul\/c36\/p126\" target=\"_blank\" rel=\"noopener\" data-cke-saved-href=\"https:\/\/www.machupicchubrasil.com.br\/pacotes\/america-do-sul\/c36\/p126\">Rota Sul Peruana<\/a>. S\u00e3o nada menos do que 16 dias de puro encanto.<\/p>\n<p lang=\"PT-BR\" xml:lang=\"PT-BR\">Neste pacote Peru 2019 complet\u00edssimo, voc\u00ea ter\u00e1 a oportunidade de conhecer com calma a principal rota tur\u00edstica do pais, incluindo a capital <a href=\"https:\/\/machupicchubrasil.com.br\/blog\/compras-em-lima\/\" target=\"_blank\" rel=\"noopener\" data-cke-saved-href=\"https:\/\/machupicchubrasil.com.br\/blog\/compras-em-lima\/\">Lima<\/a>, o Vale Sagrado e Machu Picchu, mas tamb\u00e9m com dias especiais para ir a outros cantos\u00a0menos badalados, como\u00a0Paracas\u00a0(a Gal\u00e1pagos do Peru), as extraordin\u00e1rios linhas de\u00a0Nazca, a fabulosa &#8220;Casa Branca&#8221; de Arequipa, o espetacular Lago Titicaca e suas ilhas e muitas outras atra\u00e7\u00f5es.<\/p>\n<p lang=\"PT-BR\" xml:lang=\"PT-BR\">Al\u00e9m das paisagens e multidestinos que voc\u00ea vai visitar, sem d\u00favidas, este \u00e9 o pacote Peru 2019 mais completo de todos e, com toda a certeza, proporcionar\u00e1\u00a0experi\u00eancias e viv\u00eancias inigual\u00e1veis tamb\u00e9m com a <a href=\"https:\/\/machupicchubrasil.com.br\/blog\/gastronomia-peruana\/\" target=\"_blank\" rel=\"noopener\" data-cke-saved-href=\"https:\/\/machupicchubrasil.com.br\/blog\/gastronomia-peruana\/\">gastronomia<\/a>, arte e cultura de um dos povos mais fascinantes do mundo.<\/p>\n<p lang=\"PT-BR\" xml:lang=\"PT-BR\"><img loading=\"lazy\" decoding=\"async\" class=\"size-full wp-image-5822 aligncenter\" src=\"https:\/\/machupicchubrasil.com.br\/blog\/wp-content\/uploads\/2019\/02\/Pacote-peru-20192.jpg\" alt=\"Pacote peru 2019\" width=\"776\" height=\"433\" srcset=\"https:\/\/machupicchubrasil.com.br\/blog\/wp-content\/uploads\/2019\/02\/Pacote-peru-20192.jpg 776w, https:\/\/machupicchubrasil.com.br\/blog\/wp-content\/uploads\/2019\/02\/Pacote-peru-20192-300x167.jpg 300w, https:\/\/machupicchubrasil.com.br\/blog\/wp-content\/uploads\/2019\/02\/Pacote-peru-20192-768x429.jpg 768w\" sizes=\"auto, (max-width: 776px) 100vw, 776px\" \/><\/p>\n<p lang=\"PT-BR\" xml:lang=\"PT-BR\">Enfim, estas foram nossas dicas para voc\u00ea escolher um pacote Peru 2019, aproveitando os principais\u00a0feriados deste ano. Certamente, todos os outros feriados\u00a0podem ser aproveitados para um pulo mais r\u00e1pido pelo pa\u00eds vizinho e n\u00e3o duvidamos\u00a0que, mesmo sendo r\u00e1pidas, as experi\u00eancias ser\u00e3o inesquec\u00edveis.<\/p>\n<p lang=\"PT-BR\" xml:lang=\"PT-BR\">Curtiu?\u00a0Ainda\u00a0n\u00e3o\u00a0definiu\u00a0o\u00a0seu\u00a0pacote\u00a0Peru\u00a02019?\u00a0Sem\u00a0problemas! A Machu Picchu Brasil\u00a0ajuda\u00a0voc\u00ea\u00a0a\u00a0montar\u00a0um\u00a0sob\u00a0medida\u00a0para\u00a0qualquer\u00a0destino\u00a0peruano\u00a0que\u00a0voc\u00ea sempre\u00a0sonhou. <a href=\"http:\/\/www.machupicchubrasil.com.br\/contato\" target=\"_blank\" rel=\"noopener\" data-cke-saved-href=\"http:\/\/www.machupicchubrasil.com.br\/contato\">Entre\u00a0em\u00a0contato\u00a0conosco<\/a>\u00a0e\u00a0prepare-se para os\u00a0melhores\u00a0momentos\u00a0de sua\u00a0vida!<\/p>\n","protected":false},"excerpt":{"rendered":"<p>O ano\u00a0mal come\u00e7ou, mas j\u00e1 deu para perceber que est\u00e1 indo r\u00e1pido demais! Como sempre, n\u00e9? Mas, se tem uma \u00e9poca perfeita para se planejar os pr\u00f3ximos meses \u00e9 agora e, claro, aquela t\u00e3o sonhada viagem n\u00e3o pode ficar fora dos planos\u00a0de jeito nenhum.<\/p>\n","protected":false},"author":1,"featured_media":5818,"comment_status":"open","ping_status":"open","sticky":false,"template":"","format":"standard","meta":{"footnotes":""},"categories":[1],"tags":[],"class_list":["post-5813","post","type-post","status-publish","format-standard","has-post-thumbnail","hentry","category-uncategorized"],"acf":[],"yoast_head":"<!-- This site is optimized with the Yoast SEO plugin v24.9 - https:\/\/yoast.com\/wordpress\/plugins\/seo\/ -->\n<title>Pacote Peru 2019: escolha o feriado e arrume as malas - Machu Picchu<\/title>\n<meta name=\"description\" content=\"N\u00e3o deixe o ano correr e perder a oportunidade de viajar logo! Monte o seu pacote Peru 2019 e desfrute do destino mais incr\u00edvel do continente.\" \/>\n<meta name=\"robots\" content=\"index, follow, max-snippet:-1, max-image-preview:large, max-video-preview:-1\" \/>\n<link rel=\"canonical\" href=\"https:\/\/machupicchubrasil.com.br\/blog\/pacote-peru-2019\/\" \/>\n<meta property=\"og:locale\" content=\"pt_BR\" \/>\n<meta property=\"og:type\" content=\"article\" \/>\n<meta property=\"og:title\" content=\"Pacote Peru 2019: escolha o feriado e arrume as malas - Machu Picchu\" \/>\n<meta property=\"og:description\" content=\"N\u00e3o deixe o ano correr e perder a oportunidade de viajar logo! Monte o seu pacote Peru 2019 e desfrute do destino mais incr\u00edvel do continente.\" \/>\n<meta property=\"og:url\" content=\"https:\/\/machupicchubrasil.com.br\/blog\/pacote-peru-2019\/\" \/>\n<meta property=\"og:site_name\" content=\"Machu Picchu Brasil | Pacotes para Machu Picchu no Peru\" \/>\n<meta property=\"article:published_time\" content=\"2019-02-20T17:42:32+00:00\" \/>\n<meta property=\"og:image\" content=\"https:\/\/machupicchubrasil.com.br\/blog\/wp-content\/uploads\/2019\/02\/Pacote-peru-2019-.jpg\" \/>\n\t<meta property=\"og:image:width\" content=\"789\" \/>\n\t<meta property=\"og:image:height\" content=\"522\" \/>\n\t<meta property=\"og:image:type\" content=\"image\/jpeg\" \/>\n<meta name=\"author\" content=\"Adm- MKT\" \/>\n<meta name=\"twitter:card\" content=\"summary_large_image\" \/>\n<meta name=\"twitter:label1\" content=\"Escrito por\" \/>\n\t<meta name=\"twitter:data1\" content=\"Adm- MKT\" \/>\n\t<meta name=\"twitter:label2\" content=\"Est. tempo de leitura\" \/>\n\t<meta name=\"twitter:data2\" content=\"5 minutos\" \/>\n<script type=\"application\/ld+json\" class=\"yoast-schema-graph\">{\"@context\":\"https:\/\/schema.org\",\"@graph\":[{\"@type\":\"WebPage\",\"@id\":\"https:\/\/machupicchubrasil.com.br\/blog\/pacote-peru-2019\/\",\"url\":\"https:\/\/machupicchubrasil.com.br\/blog\/pacote-peru-2019\/\",\"name\":\"Pacote Peru 2019: escolha o feriado e arrume as malas - Machu Picchu\",\"isPartOf\":{\"@id\":\"https:\/\/machupicchubrasil.com.br\/blog\/#website\"},\"primaryImageOfPage\":{\"@id\":\"https:\/\/machupicchubrasil.com.br\/blog\/pacote-peru-2019\/#primaryimage\"},\"image\":{\"@id\":\"https:\/\/machupicchubrasil.com.br\/blog\/pacote-peru-2019\/#primaryimage\"},\"thumbnailUrl\":\"https:\/\/machupicchubrasil.com.br\/blog\/wp-content\/uploads\/2019\/02\/Pacote-peru-2019-.jpg\",\"datePublished\":\"2019-02-20T17:42:32+00:00\",\"author\":{\"@id\":\"https:\/\/machupicchubrasil.com.br\/blog\/#\/schema\/person\/8c88e6e1a1c2554f025e5d4f94f9e88f\"},\"description\":\"N\u00e3o deixe o ano correr e perder a oportunidade de viajar logo! Monte o seu pacote Peru 2019 e desfrute do destino mais incr\u00edvel do continente.\",\"breadcrumb\":{\"@id\":\"https:\/\/machupicchubrasil.com.br\/blog\/pacote-peru-2019\/#breadcrumb\"},\"inLanguage\":\"pt-BR\",\"potentialAction\":[{\"@type\":\"ReadAction\",\"target\":[\"https:\/\/machupicchubrasil.com.br\/blog\/pacote-peru-2019\/\"]}]},{\"@type\":\"ImageObject\",\"inLanguage\":\"pt-BR\",\"@id\":\"https:\/\/machupicchubrasil.com.br\/blog\/pacote-peru-2019\/#primaryimage\",\"url\":\"https:\/\/machupicchubrasil.com.br\/blog\/wp-content\/uploads\/2019\/02\/Pacote-peru-2019-.jpg\",\"contentUrl\":\"https:\/\/machupicchubrasil.com.br\/blog\/wp-content\/uploads\/2019\/02\/Pacote-peru-2019-.jpg\",\"width\":789,\"height\":522,\"caption\":\"Pacote peru 2019\"},{\"@type\":\"BreadcrumbList\",\"@id\":\"https:\/\/machupicchubrasil.com.br\/blog\/pacote-peru-2019\/#breadcrumb\",\"itemListElement\":[{\"@type\":\"ListItem\",\"position\":1,\"name\":\"In\u00edcio\",\"item\":\"https:\/\/machupicchubrasil.com.br\/blog\/\"},{\"@type\":\"ListItem\",\"position\":2,\"name\":\"Pacote Peru 2019: escolha o feriado e arrume as malas\"}]},{\"@type\":\"WebSite\",\"@id\":\"https:\/\/machupicchubrasil.com.br\/blog\/#website\",\"url\":\"https:\/\/machupicchubrasil.com.br\/blog\/\",\"name\":\"Machu Picchu Brasil | Pacotes para Machu Picchu no Peru\",\"description\":\"Machu Picchu Brasil - Experi\u00eancia e Seguran\u00e7a no Peru\",\"potentialAction\":[{\"@type\":\"SearchAction\",\"target\":{\"@type\":\"EntryPoint\",\"urlTemplate\":\"https:\/\/machupicchubrasil.com.br\/blog\/?s={search_term_string}\"},\"query-input\":{\"@type\":\"PropertyValueSpecification\",\"valueRequired\":true,\"valueName\":\"search_term_string\"}}],\"inLanguage\":\"pt-BR\"},{\"@type\":\"Person\",\"@id\":\"https:\/\/machupicchubrasil.com.br\/blog\/#\/schema\/person\/8c88e6e1a1c2554f025e5d4f94f9e88f\",\"name\":\"Adm- MKT\",\"image\":{\"@type\":\"ImageObject\",\"inLanguage\":\"pt-BR\",\"@id\":\"https:\/\/machupicchubrasil.com.br\/blog\/#\/schema\/person\/image\/\",\"url\":\"https:\/\/secure.gravatar.com\/avatar\/9bca0540686e5d221169413db3a41fe316fd34a90e724cebca20d9da28ef19db?s=96&d=mm&r=g\",\"contentUrl\":\"https:\/\/secure.gravatar.com\/avatar\/9bca0540686e5d221169413db3a41fe316fd34a90e724cebca20d9da28ef19db?s=96&d=mm&r=g\",\"caption\":\"Adm- MKT\"},\"sameAs\":[\"http:\/\/bloghomologacao.machupicchubrasil.com.br\"],\"url\":\"https:\/\/machupicchubrasil.com.br\/blog\/author\/admin\/\"}]}<\/script>\n<!-- \/ Yoast SEO plugin. -->","yoast_head_json":{"title":"Pacote Peru 2019: escolha o feriado e arrume as malas - Machu Picchu","description":"N\u00e3o deixe o ano correr e perder a oportunidade de viajar logo! Monte o seu pacote Peru 2019 e desfrute do destino mais incr\u00edvel do continente.","robots":{"index":"index","follow":"follow","max-snippet":"max-snippet:-1","max-image-preview":"max-image-preview:large","max-video-preview":"max-video-preview:-1"},"canonical":"https:\/\/machupicchubrasil.com.br\/blog\/pacote-peru-2019\/","og_locale":"pt_BR","og_type":"article","og_title":"Pacote Peru 2019: escolha o feriado e arrume as malas - Machu Picchu","og_description":"N\u00e3o deixe o ano correr e perder a oportunidade de viajar logo! Monte o seu pacote Peru 2019 e desfrute do destino mais incr\u00edvel do continente.","og_url":"https:\/\/machupicchubrasil.com.br\/blog\/pacote-peru-2019\/","og_site_name":"Machu Picchu Brasil | Pacotes para Machu Picchu no Peru","article_published_time":"2019-02-20T17:42:32+00:00","og_image":[{"width":789,"height":522,"url":"https:\/\/machupicchubrasil.com.br\/blog\/wp-content\/uploads\/2019\/02\/Pacote-peru-2019-.jpg","type":"image\/jpeg"}],"author":"Adm- MKT","twitter_card":"summary_large_image","twitter_misc":{"Escrito por":"Adm- MKT","Est. tempo de leitura":"5 minutos"},"schema":{"@context":"https:\/\/schema.org","@graph":[{"@type":"WebPage","@id":"https:\/\/machupicchubrasil.com.br\/blog\/pacote-peru-2019\/","url":"https:\/\/machupicchubrasil.com.br\/blog\/pacote-peru-2019\/","name":"Pacote Peru 2019: escolha o feriado e arrume as malas - Machu Picchu","isPartOf":{"@id":"https:\/\/machupicchubrasil.com.br\/blog\/#website"},"primaryImageOfPage":{"@id":"https:\/\/machupicchubrasil.com.br\/blog\/pacote-peru-2019\/#primaryimage"},"image":{"@id":"https:\/\/machupicchubrasil.com.br\/blog\/pacote-peru-2019\/#primaryimage"},"thumbnailUrl":"https:\/\/machupicchubrasil.com.br\/blog\/wp-content\/uploads\/2019\/02\/Pacote-peru-2019-.jpg","datePublished":"2019-02-20T17:42:32+00:00","author":{"@id":"https:\/\/machupicchubrasil.com.br\/blog\/#\/schema\/person\/8c88e6e1a1c2554f025e5d4f94f9e88f"},"description":"N\u00e3o deixe o ano correr e perder a oportunidade de viajar logo! Monte o seu pacote Peru 2019 e desfrute do destino mais incr\u00edvel do continente.","breadcrumb":{"@id":"https:\/\/machupicchubrasil.com.br\/blog\/pacote-peru-2019\/#breadcrumb"},"inLanguage":"pt-BR","potentialAction":[{"@type":"ReadAction","target":["https:\/\/machupicchubrasil.com.br\/blog\/pacote-peru-2019\/"]}]},{"@type":"ImageObject","inLanguage":"pt-BR","@id":"https:\/\/machupicchubrasil.com.br\/blog\/pacote-peru-2019\/#primaryimage","url":"https:\/\/machupicchubrasil.com.br\/blog\/wp-content\/uploads\/2019\/02\/Pacote-peru-2019-.jpg","contentUrl":"https:\/\/machupicchubrasil.com.br\/blog\/wp-content\/uploads\/2019\/02\/Pacote-peru-2019-.jpg","width":789,"height":522,"caption":"Pacote peru 2019"},{"@type":"BreadcrumbList","@id":"https:\/\/machupicchubrasil.com.br\/blog\/pacote-peru-2019\/#breadcrumb","itemListElement":[{"@type":"ListItem","position":1,"name":"In\u00edcio","item":"https:\/\/machupicchubrasil.com.br\/blog\/"},{"@type":"ListItem","position":2,"name":"Pacote Peru 2019: escolha o feriado e arrume as malas"}]},{"@type":"WebSite","@id":"https:\/\/machupicchubrasil.com.br\/blog\/#website","url":"https:\/\/machupicchubrasil.com.br\/blog\/","name":"Machu Picchu Brasil | Pacotes para Machu Picchu no Peru","description":"Machu Picchu Brasil - Experi\u00eancia e Seguran\u00e7a no Peru","potentialAction":[{"@type":"SearchAction","target":{"@type":"EntryPoint","urlTemplate":"https:\/\/machupicchubrasil.com.br\/blog\/?s={search_term_string}"},"query-input":{"@type":"PropertyValueSpecification","valueRequired":true,"valueName":"search_term_string"}}],"inLanguage":"pt-BR"},{"@type":"Person","@id":"https:\/\/machupicchubrasil.com.br\/blog\/#\/schema\/person\/8c88e6e1a1c2554f025e5d4f94f9e88f","name":"Adm- MKT","image":{"@type":"ImageObject","inLanguage":"pt-BR","@id":"https:\/\/machupicchubrasil.com.br\/blog\/#\/schema\/person\/image\/","url":"https:\/\/secure.gravatar.com\/avatar\/9bca0540686e5d221169413db3a41fe316fd34a90e724cebca20d9da28ef19db?s=96&d=mm&r=g","contentUrl":"https:\/\/secure.gravatar.com\/avatar\/9bca0540686e5d221169413db3a41fe316fd34a90e724cebca20d9da28ef19db?s=96&d=mm&r=g","caption":"Adm- MKT"},"sameAs":["http:\/\/bloghomologacao.machupicchubrasil.com.br"],"url":"https:\/\/machupicchubrasil.com.br\/blog\/author\/admin\/"}]}},"_links":{"self":[{"href":"https:\/\/machupicchubrasil.com.br\/blog\/wp-json\/wp\/v2\/posts\/5813","targetHints":{"allow":["GET"]}}],"collection":[{"href":"https:\/\/machupicchubrasil.com.br\/blog\/wp-json\/wp\/v2\/posts"}],"about":[{"href":"https:\/\/machupicchubrasil.com.br\/blog\/wp-json\/wp\/v2\/types\/post"}],"author":[{"embeddable":true,"href":"https:\/\/machupicchubrasil.com.br\/blog\/wp-json\/wp\/v2\/users\/1"}],"replies":[{"embeddable":true,"href":"https:\/\/machupicchubrasil.com.br\/blog\/wp-json\/wp\/v2\/comments?post=5813"}],"version-history":[{"count":0,"href":"https:\/\/machupicchubrasil.com.br\/blog\/wp-json\/wp\/v2\/posts\/5813\/revisions"}],"wp:featuredmedia":[{"embeddable":true,"href":"https:\/\/machupicchubrasil.com.br\/blog\/wp-json\/wp\/v2\/media\/5818"}],"wp:attachment":[{"href":"https:\/\/machupicchubrasil.com.br\/blog\/wp-json\/wp\/v2\/media?parent=5813"}],"wp:term":[{"taxonomy":"category","embeddable":true,"href":"https:\/\/machupicchubrasil.com.br\/blog\/wp-json\/wp\/v2\/categories?post=5813"},{"taxonomy":"post_tag","embeddable":true,"href":"https:\/\/machupicchubrasil.com.br\/blog\/wp-json\/wp\/v2\/tags?post=5813"}],"curies":[{"name":"wp","href":"https:\/\/api.w.org\/{rel}","templated":true}]}}