{"id":526,"date":"2013-10-09T15:35:40","date_gmt":"2013-10-09T15:35:40","guid":{"rendered":"http:\/\/blog.machupicchubrasil.com.br\/?p=526"},"modified":"2013-10-09T15:35:40","modified_gmt":"2013-10-09T15:35:40","slug":"depoimento-antonio-e-evelise","status":"publish","type":"post","link":"https:\/\/machupicchubrasil.com.br\/blog\/depoimento-antonio-e-evelise\/","title":{"rendered":"Depoimento &#8211; Antonio e Evelise"},"content":{"rendered":"<h2 data-ft=\"{&quot;type&quot;:1,&quot;tn&quot;:&quot;K&quot;}\">Depoimento &#8211; Antonio e Evelise<\/h2>\n<p data-ft=\"{&quot;type&quot;:1,&quot;tn&quot;:&quot;K&quot;}\">Dificilmente encontrar\u00edamos palavras para descrever nossa experi\u00eancia na excurs\u00e3o <a href=\"http:\/\/www.machupicchubrasil.com.br\/pacotes\/pacotes\/c125\/p102\"><strong>Machu Picchu Cl\u00e1ssico<\/strong><\/a>.<br \/>\nVoltamos ao Brasil com a alma lavada e o esp\u00edrito mais evolu\u00eddo&#8230;<br \/>\nParabenizamos a equipe\u00a0<strong>Machu Picchu Brasil<\/strong>\u00a0por total apoio, profissionalismo e carinho.<br \/>\nVoltaremos ao <strong>Peru<\/strong> em outra oportunidade e estamos convictos que ser\u00e1 atrav\u00e9s desta espetacular <a href=\"http:\/\/www.machupicchubrasil.com.br\/\"><strong>ag\u00eancia<\/strong><\/a>. Valeu&#8230; e muuuuito!<\/p>\n<p data-ft=\"{&quot;type&quot;:1,&quot;tn&quot;:&quot;K&quot;}\">Antonio e Evelise<\/p>\n<h3 style=\"text-align: center;\" data-ft=\"{&quot;type&quot;:1,&quot;tn&quot;:&quot;K&quot;}\"><a href=\"https:\/\/www.facebook.com\/machupicchubrasil.com.br\">VEJA MAIS DEPOIMENTOS EM NOSSO FACEBOOK<\/a><\/h3>\n<p>&nbsp;<\/p>\n<p><img loading=\"lazy\" decoding=\"async\" class=\"size-full wp-image-528 alignnone\" title=\"Depoimento\" alt=\"Depoimento\" src=\"https:\/\/machupicchubrasil.com.br\/blog\/wp-content\/uploads\/2013\/10\/roma-eve1.jpg\" width=\"902\" height=\"910\" srcset=\"https:\/\/machupicchubrasil.com.br\/blog\/wp-content\/uploads\/2013\/10\/roma-eve1.jpg 902w, https:\/\/machupicchubrasil.com.br\/blog\/wp-content\/uploads\/2013\/10\/roma-eve1-297x300.jpg 297w, https:\/\/machupicchubrasil.com.br\/blog\/wp-content\/uploads\/2013\/10\/roma-eve1-150x150.jpg 150w, https:\/\/machupicchubrasil.com.br\/blog\/wp-content\/uploads\/2013\/10\/roma-eve1-768x775.jpg 768w, https:\/\/machupicchubrasil.com.br\/blog\/wp-content\/uploads\/2013\/10\/roma-eve1-100x100.jpg 100w\" sizes=\"auto, (max-width: 902px) 100vw, 902px\" \/><\/p>\n<p>&nbsp;<\/p>\n","protected":false},"excerpt":{"rendered":"<p>Depoimento &#8211; Antonio e Evelise Dificilmente encontrar\u00edamos palavras para descrever nossa experi\u00eancia na excurs\u00e3o Machu Picchu Cl\u00e1ssico. Voltamos ao Brasil com a alma lavada e o esp\u00edrito mais evolu\u00eddo&#8230; Parabenizamos a equipe\u00a0Machu Picchu Brasil\u00a0por total apoio, profissionalismo e carinho. Voltaremos ao Peru em outra oportunidade e estamos convictos que ser\u00e1 atrav\u00e9s desta espetacular ag\u00eancia. Valeu&#8230; [&hellip;]<\/p>\n","protected":false},"author":1,"featured_media":528,"comment_status":"open","ping_status":"open","sticky":false,"template":"","format":"standard","meta":{"footnotes":""},"categories":[1],"tags":[119,67,193,61],"class_list":["post-526","post","type-post","status-publish","format-standard","has-post-thumbnail","hentry","category-uncategorized","tag-agencia","tag-machu-picchu-brasil","tag-machu-picchu-classico","tag-peru"],"acf":[],"yoast_head":"<!-- This site is optimized with the Yoast SEO plugin v24.9 - https:\/\/yoast.com\/wordpress\/plugins\/seo\/ -->\n<title>Depoimento - Antonio e Evelise - Machu Picchu Brasil | Pacotes para Machu Picchu no Peru<\/title>\n<meta name=\"robots\" content=\"index, follow, max-snippet:-1, max-image-preview:large, max-video-preview:-1\" \/>\n<link rel=\"canonical\" href=\"https:\/\/machupicchubrasil.com.br\/blog\/depoimento-antonio-e-evelise\/\" \/>\n<meta property=\"og:locale\" content=\"pt_BR\" \/>\n<meta property=\"og:type\" content=\"article\" \/>\n<meta property=\"og:title\" content=\"Depoimento - Antonio e Evelise - Machu Picchu Brasil | Pacotes para Machu Picchu no Peru\" \/>\n<meta property=\"og:description\" content=\"Depoimento &#8211; Antonio e Evelise Dificilmente encontrar\u00edamos palavras para descrever nossa experi\u00eancia na excurs\u00e3o Machu Picchu Cl\u00e1ssico. Voltamos ao Brasil com a alma lavada e o esp\u00edrito mais evolu\u00eddo&#8230; Parabenizamos a equipe\u00a0Machu Picchu Brasil\u00a0por total apoio, profissionalismo e carinho. Voltaremos ao Peru em outra oportunidade e estamos convictos que ser\u00e1 atrav\u00e9s desta espetacular ag\u00eancia. Valeu&#8230; [&hellip;]\" \/>\n<meta property=\"og:url\" content=\"https:\/\/machupicchubrasil.com.br\/blog\/depoimento-antonio-e-evelise\/\" \/>\n<meta property=\"og:site_name\" content=\"Machu Picchu Brasil | Pacotes para Machu Picchu no Peru\" \/>\n<meta property=\"article:published_time\" content=\"2013-10-09T15:35:40+00:00\" \/>\n<meta property=\"og:image\" content=\"https:\/\/machupicchubrasil.com.br\/blog\/wp-content\/uploads\/2013\/10\/roma-eve1.jpg\" \/>\n\t<meta property=\"og:image:width\" content=\"902\" \/>\n\t<meta property=\"og:image:height\" content=\"910\" \/>\n\t<meta property=\"og:image:type\" content=\"image\/jpeg\" \/>\n<meta name=\"author\" content=\"Adm- MKT\" \/>\n<meta name=\"twitter:card\" content=\"summary_large_image\" \/>\n<meta name=\"twitter:label1\" content=\"Escrito por\" \/>\n\t<meta name=\"twitter:data1\" content=\"Adm- MKT\" \/>\n<script type=\"application\/ld+json\" class=\"yoast-schema-graph\">{\"@context\":\"https:\/\/schema.org\",\"@graph\":[{\"@type\":\"WebPage\",\"@id\":\"https:\/\/machupicchubrasil.com.br\/blog\/depoimento-antonio-e-evelise\/\",\"url\":\"https:\/\/machupicchubrasil.com.br\/blog\/depoimento-antonio-e-evelise\/\",\"name\":\"Depoimento - Antonio e Evelise - Machu Picchu Brasil | Pacotes para Machu Picchu no Peru\",\"isPartOf\":{\"@id\":\"https:\/\/machupicchubrasil.com.br\/blog\/#website\"},\"primaryImageOfPage\":{\"@id\":\"https:\/\/machupicchubrasil.com.br\/blog\/depoimento-antonio-e-evelise\/#primaryimage\"},\"image\":{\"@id\":\"https:\/\/machupicchubrasil.com.br\/blog\/depoimento-antonio-e-evelise\/#primaryimage\"},\"thumbnailUrl\":\"https:\/\/machupicchubrasil.com.br\/blog\/wp-content\/uploads\/2013\/10\/roma-eve1.jpg\",\"datePublished\":\"2013-10-09T15:35:40+00:00\",\"author\":{\"@id\":\"https:\/\/machupicchubrasil.com.br\/blog\/#\/schema\/person\/8c88e6e1a1c2554f025e5d4f94f9e88f\"},\"breadcrumb\":{\"@id\":\"https:\/\/machupicchubrasil.com.br\/blog\/depoimento-antonio-e-evelise\/#breadcrumb\"},\"inLanguage\":\"pt-BR\",\"potentialAction\":[{\"@type\":\"ReadAction\",\"target\":[\"https:\/\/machupicchubrasil.com.br\/blog\/depoimento-antonio-e-evelise\/\"]}]},{\"@type\":\"ImageObject\",\"inLanguage\":\"pt-BR\",\"@id\":\"https:\/\/machupicchubrasil.com.br\/blog\/depoimento-antonio-e-evelise\/#primaryimage\",\"url\":\"https:\/\/machupicchubrasil.com.br\/blog\/wp-content\/uploads\/2013\/10\/roma-eve1.jpg\",\"contentUrl\":\"https:\/\/machupicchubrasil.com.br\/blog\/wp-content\/uploads\/2013\/10\/roma-eve1.jpg\",\"width\":902,\"height\":910},{\"@type\":\"BreadcrumbList\",\"@id\":\"https:\/\/machupicchubrasil.com.br\/blog\/depoimento-antonio-e-evelise\/#breadcrumb\",\"itemListElement\":[{\"@type\":\"ListItem\",\"position\":1,\"name\":\"In\u00edcio\",\"item\":\"https:\/\/machupicchubrasil.com.br\/blog\/\"},{\"@type\":\"ListItem\",\"position\":2,\"name\":\"Depoimento &#8211; Antonio e Evelise\"}]},{\"@type\":\"WebSite\",\"@id\":\"https:\/\/machupicchubrasil.com.br\/blog\/#website\",\"url\":\"https:\/\/machupicchubrasil.com.br\/blog\/\",\"name\":\"Machu Picchu Brasil | Pacotes para Machu Picchu no Peru\",\"description\":\"Machu Picchu Brasil - Experi\u00eancia e Seguran\u00e7a no Peru\",\"potentialAction\":[{\"@type\":\"SearchAction\",\"target\":{\"@type\":\"EntryPoint\",\"urlTemplate\":\"https:\/\/machupicchubrasil.com.br\/blog\/?s={search_term_string}\"},\"query-input\":{\"@type\":\"PropertyValueSpecification\",\"valueRequired\":true,\"valueName\":\"search_term_string\"}}],\"inLanguage\":\"pt-BR\"},{\"@type\":\"Person\",\"@id\":\"https:\/\/machupicchubrasil.com.br\/blog\/#\/schema\/person\/8c88e6e1a1c2554f025e5d4f94f9e88f\",\"name\":\"Adm- MKT\",\"image\":{\"@type\":\"ImageObject\",\"inLanguage\":\"pt-BR\",\"@id\":\"https:\/\/machupicchubrasil.com.br\/blog\/#\/schema\/person\/image\/\",\"url\":\"https:\/\/secure.gravatar.com\/avatar\/9bca0540686e5d221169413db3a41fe316fd34a90e724cebca20d9da28ef19db?s=96&d=mm&r=g\",\"contentUrl\":\"https:\/\/secure.gravatar.com\/avatar\/9bca0540686e5d221169413db3a41fe316fd34a90e724cebca20d9da28ef19db?s=96&d=mm&r=g\",\"caption\":\"Adm- MKT\"},\"sameAs\":[\"http:\/\/bloghomologacao.machupicchubrasil.com.br\"],\"url\":\"https:\/\/machupicchubrasil.com.br\/blog\/author\/admin\/\"}]}<\/script>\n<!-- \/ Yoast SEO plugin. -->","yoast_head_json":{"title":"Depoimento - Antonio e Evelise - Machu Picchu Brasil | Pacotes para Machu Picchu no Peru","robots":{"index":"index","follow":"follow","max-snippet":"max-snippet:-1","max-image-preview":"max-image-preview:large","max-video-preview":"max-video-preview:-1"},"canonical":"https:\/\/machupicchubrasil.com.br\/blog\/depoimento-antonio-e-evelise\/","og_locale":"pt_BR","og_type":"article","og_title":"Depoimento - Antonio e Evelise - Machu Picchu Brasil | Pacotes para Machu Picchu no Peru","og_description":"Depoimento &#8211; Antonio e Evelise Dificilmente encontrar\u00edamos palavras para descrever nossa experi\u00eancia na excurs\u00e3o Machu Picchu Cl\u00e1ssico. Voltamos ao Brasil com a alma lavada e o esp\u00edrito mais evolu\u00eddo&#8230; Parabenizamos a equipe\u00a0Machu Picchu Brasil\u00a0por total apoio, profissionalismo e carinho. Voltaremos ao Peru em outra oportunidade e estamos convictos que ser\u00e1 atrav\u00e9s desta espetacular ag\u00eancia. Valeu&#8230; [&hellip;]","og_url":"https:\/\/machupicchubrasil.com.br\/blog\/depoimento-antonio-e-evelise\/","og_site_name":"Machu Picchu Brasil | Pacotes para Machu Picchu no Peru","article_published_time":"2013-10-09T15:35:40+00:00","og_image":[{"width":902,"height":910,"url":"https:\/\/machupicchubrasil.com.br\/blog\/wp-content\/uploads\/2013\/10\/roma-eve1.jpg","type":"image\/jpeg"}],"author":"Adm- MKT","twitter_card":"summary_large_image","twitter_misc":{"Escrito por":"Adm- MKT"},"schema":{"@context":"https:\/\/schema.org","@graph":[{"@type":"WebPage","@id":"https:\/\/machupicchubrasil.com.br\/blog\/depoimento-antonio-e-evelise\/","url":"https:\/\/machupicchubrasil.com.br\/blog\/depoimento-antonio-e-evelise\/","name":"Depoimento - Antonio e Evelise - Machu Picchu Brasil | Pacotes para Machu Picchu no Peru","isPartOf":{"@id":"https:\/\/machupicchubrasil.com.br\/blog\/#website"},"primaryImageOfPage":{"@id":"https:\/\/machupicchubrasil.com.br\/blog\/depoimento-antonio-e-evelise\/#primaryimage"},"image":{"@id":"https:\/\/machupicchubrasil.com.br\/blog\/depoimento-antonio-e-evelise\/#primaryimage"},"thumbnailUrl":"https:\/\/machupicchubrasil.com.br\/blog\/wp-content\/uploads\/2013\/10\/roma-eve1.jpg","datePublished":"2013-10-09T15:35:40+00:00","author":{"@id":"https:\/\/machupicchubrasil.com.br\/blog\/#\/schema\/person\/8c88e6e1a1c2554f025e5d4f94f9e88f"},"breadcrumb":{"@id":"https:\/\/machupicchubrasil.com.br\/blog\/depoimento-antonio-e-evelise\/#breadcrumb"},"inLanguage":"pt-BR","potentialAction":[{"@type":"ReadAction","target":["https:\/\/machupicchubrasil.com.br\/blog\/depoimento-antonio-e-evelise\/"]}]},{"@type":"ImageObject","inLanguage":"pt-BR","@id":"https:\/\/machupicchubrasil.com.br\/blog\/depoimento-antonio-e-evelise\/#primaryimage","url":"https:\/\/machupicchubrasil.com.br\/blog\/wp-content\/uploads\/2013\/10\/roma-eve1.jpg","contentUrl":"https:\/\/machupicchubrasil.com.br\/blog\/wp-content\/uploads\/2013\/10\/roma-eve1.jpg","width":902,"height":910},{"@type":"BreadcrumbList","@id":"https:\/\/machupicchubrasil.com.br\/blog\/depoimento-antonio-e-evelise\/#breadcrumb","itemListElement":[{"@type":"ListItem","position":1,"name":"In\u00edcio","item":"https:\/\/machupicchubrasil.com.br\/blog\/"},{"@type":"ListItem","position":2,"name":"Depoimento &#8211; Antonio e Evelise"}]},{"@type":"WebSite","@id":"https:\/\/machupicchubrasil.com.br\/blog\/#website","url":"https:\/\/machupicchubrasil.com.br\/blog\/","name":"Machu Picchu Brasil | Pacotes para Machu Picchu no Peru","description":"Machu Picchu Brasil - Experi\u00eancia e Seguran\u00e7a no Peru","potentialAction":[{"@type":"SearchAction","target":{"@type":"EntryPoint","urlTemplate":"https:\/\/machupicchubrasil.com.br\/blog\/?s={search_term_string}"},"query-input":{"@type":"PropertyValueSpecification","valueRequired":true,"valueName":"search_term_string"}}],"inLanguage":"pt-BR"},{"@type":"Person","@id":"https:\/\/machupicchubrasil.com.br\/blog\/#\/schema\/person\/8c88e6e1a1c2554f025e5d4f94f9e88f","name":"Adm- MKT","image":{"@type":"ImageObject","inLanguage":"pt-BR","@id":"https:\/\/machupicchubrasil.com.br\/blog\/#\/schema\/person\/image\/","url":"https:\/\/secure.gravatar.com\/avatar\/9bca0540686e5d221169413db3a41fe316fd34a90e724cebca20d9da28ef19db?s=96&d=mm&r=g","contentUrl":"https:\/\/secure.gravatar.com\/avatar\/9bca0540686e5d221169413db3a41fe316fd34a90e724cebca20d9da28ef19db?s=96&d=mm&r=g","caption":"Adm- MKT"},"sameAs":["http:\/\/bloghomologacao.machupicchubrasil.com.br"],"url":"https:\/\/machupicchubrasil.com.br\/blog\/author\/admin\/"}]}},"_links":{"self":[{"href":"https:\/\/machupicchubrasil.com.br\/blog\/wp-json\/wp\/v2\/posts\/526","targetHints":{"allow":["GET"]}}],"collection":[{"href":"https:\/\/machupicchubrasil.com.br\/blog\/wp-json\/wp\/v2\/posts"}],"about":[{"href":"https:\/\/machupicchubrasil.com.br\/blog\/wp-json\/wp\/v2\/types\/post"}],"author":[{"embeddable":true,"href":"https:\/\/machupicchubrasil.com.br\/blog\/wp-json\/wp\/v2\/users\/1"}],"replies":[{"embeddable":true,"href":"https:\/\/machupicchubrasil.com.br\/blog\/wp-json\/wp\/v2\/comments?post=526"}],"version-history":[{"count":0,"href":"https:\/\/machupicchubrasil.com.br\/blog\/wp-json\/wp\/v2\/posts\/526\/revisions"}],"wp:featuredmedia":[{"embeddable":true,"href":"https:\/\/machupicchubrasil.com.br\/blog\/wp-json\/wp\/v2\/media\/528"}],"wp:attachment":[{"href":"https:\/\/machupicchubrasil.com.br\/blog\/wp-json\/wp\/v2\/media?parent=526"}],"wp:term":[{"taxonomy":"category","embeddable":true,"href":"https:\/\/machupicchubrasil.com.br\/blog\/wp-json\/wp\/v2\/categories?post=526"},{"taxonomy":"post_tag","embeddable":true,"href":"https:\/\/machupicchubrasil.com.br\/blog\/wp-json\/wp\/v2\/tags?post=526"}],"curies":[{"name":"wp","href":"https:\/\/api.w.org\/{rel}","templated":true}]}}