{"id":521,"date":"2013-10-02T14:37:38","date_gmt":"2013-10-02T14:37:38","guid":{"rendered":"http:\/\/blog.machupicchubrasil.com.br\/?p=521"},"modified":"2013-10-02T14:37:38","modified_gmt":"2013-10-02T14:37:38","slug":"exposicao-fotografica-cusco","status":"publish","type":"post","link":"https:\/\/machupicchubrasil.com.br\/blog\/exposicao-fotografica-cusco\/","title":{"rendered":"Exposi\u00e7\u00e3o Fotogr\u00e1fica &#8211; 02 a 17 de outubro em Cusco"},"content":{"rendered":"<h2>Exposi\u00e7\u00e3o Fotogr\u00e1fica<\/h2>\n<p>Voc\u00ea que estar\u00e1 visitando a Cidade Imperial de <strong>Cusco<\/strong> ou <strong>Cuzco<\/strong>, ter\u00e1 a oportunidade de conhecer um dos lugares mais impressionante do <strong>Peru.<\/strong><\/p>\n<p>Gra\u00e7as ao trabalho conjuntos entre o Minist\u00e9rio de Comercio Exterior e Turismo do <a href=\"http:\/\/www.machupicchubrasil.com.br\/\"><strong>Peru<\/strong><\/a>, Promperu e o Banco de La Nacion, chega a cidade de <strong>Cusco<\/strong> uma exposi\u00e7\u00e3o fotogr\u00e1fica com 39 imagens de Apurimac, onde se poder\u00e1 apreciar \u00a0lindas paisagens, complexos arqueol\u00f3gicos, gastronomia e dan\u00e7as.<\/p>\n<p style=\"text-align: center;\"><a href=\"https:\/\/machupicchubrasil.com.br\/blog\/wp-content\/uploads\/2013\/10\/exposicao-cusco.png\"><br \/>\n<img loading=\"lazy\" decoding=\"async\" class=\"size-full wp-image-522 aligncenter\" title=\"Exposi\u00e7\u00e3o Fotogr\u00e1fica\" alt=\"Exposi\u00e7\u00e3o Fotogr\u00e1fica\" src=\"https:\/\/machupicchubrasil.com.br\/blog\/wp-content\/uploads\/2013\/10\/exposicao-cusco.png\" width=\"560\" height=\"560\" srcset=\"https:\/\/machupicchubrasil.com.br\/blog\/wp-content\/uploads\/2013\/10\/exposicao-cusco.png 560w, https:\/\/machupicchubrasil.com.br\/blog\/wp-content\/uploads\/2013\/10\/exposicao-cusco-300x300.png 300w, https:\/\/machupicchubrasil.com.br\/blog\/wp-content\/uploads\/2013\/10\/exposicao-cusco-150x150.png 150w, https:\/\/machupicchubrasil.com.br\/blog\/wp-content\/uploads\/2013\/10\/exposicao-cusco-100x100.png 100w\" sizes=\"auto, (max-width: 560px) 100vw, 560px\" \/><br \/>\n<\/a><\/p>\n<p>Baixo a lentes de experientes fot\u00f3grafos, os turistas poder\u00e3o conhecer os complexos arqueol\u00f3gicos de\u00a0Saywitey S\u00f3ndor, testemunho de uma \u00e9poca esplendorosa, o Santu\u00e1rio Nacional de Ampay, com belas paisagens e a lagoa de Pacucha, caraterizada pelas suas \u00e1guas de azul intenso.<\/p>\n<p>A exposi\u00e7\u00e3o\u00a0fotogr\u00e1fica\u00a0se realizar\u00e1 na Galeria do Museu do Banco de la Nacion ( esquina Av. Sol con a calle Almagro ), de 02 a 17 de outubro.<\/p>\n<p>Ingresso : Livre<\/p>\n<p>&nbsp;<\/p>\n<p><b><i>Fot\u00f3grafos<\/i><\/b><\/p>\n<p>&#8211; Miguel Mej\u00eda<\/p>\n<p>&#8211; Walter Silvera<\/p>\n<p>&#8211; Renzo Giraldo<\/p>\n<p>&#8211;\u00a0 Arturo Bullard<\/p>\n<p>&#8211; \u00a0Walter Wust<\/p>\n<p>A <a href=\"http:\/\/www.machupicchubrasil.com.br\/\"><strong>Machu Picchu Brasil<\/strong> <\/a>ap\u00f3ia esta id\u00e9ia .<\/p>\n","protected":false},"excerpt":{"rendered":"<p>Exposi\u00e7\u00e3o Fotogr\u00e1fica Voc\u00ea que estar\u00e1 visitando a Cidade Imperial de Cusco ou Cuzco, ter\u00e1 a oportunidade de conhecer um dos lugares mais impressionante do Peru. Gra\u00e7as ao trabalho conjuntos entre o Minist\u00e9rio de Comercio Exterior e Turismo do Peru, Promperu e o Banco de La Nacion, chega a cidade de Cusco uma exposi\u00e7\u00e3o fotogr\u00e1fica com [&hellip;]<\/p>\n","protected":false},"author":1,"featured_media":522,"comment_status":"open","ping_status":"open","sticky":false,"template":"","format":"standard","meta":{"footnotes":""},"categories":[1],"tags":[50,51,54,67,61],"class_list":["post-521","post","type-post","status-publish","format-standard","has-post-thumbnail","hentry","category-uncategorized","tag-cusco","tag-cuzco","tag-machu-picchu","tag-machu-picchu-brasil","tag-peru"],"acf":[],"yoast_head":"<!-- This site is optimized with the Yoast SEO plugin v24.9 - https:\/\/yoast.com\/wordpress\/plugins\/seo\/ -->\n<title>Exposi\u00e7\u00e3o Fotogr\u00e1fica - 02 a 17 de outubro em Cusco - Machu Picchu Brasil | Pacotes para Machu Picchu no Peru<\/title>\n<meta name=\"robots\" content=\"index, follow, max-snippet:-1, max-image-preview:large, max-video-preview:-1\" \/>\n<link rel=\"canonical\" href=\"https:\/\/machupicchubrasil.com.br\/blog\/exposicao-fotografica-cusco\/\" \/>\n<meta property=\"og:locale\" content=\"pt_BR\" \/>\n<meta property=\"og:type\" content=\"article\" \/>\n<meta property=\"og:title\" content=\"Exposi\u00e7\u00e3o Fotogr\u00e1fica - 02 a 17 de outubro em Cusco - Machu Picchu Brasil | Pacotes para Machu Picchu no Peru\" \/>\n<meta property=\"og:description\" content=\"Exposi\u00e7\u00e3o Fotogr\u00e1fica Voc\u00ea que estar\u00e1 visitando a Cidade Imperial de Cusco ou Cuzco, ter\u00e1 a oportunidade de conhecer um dos lugares mais impressionante do Peru. Gra\u00e7as ao trabalho conjuntos entre o Minist\u00e9rio de Comercio Exterior e Turismo do Peru, Promperu e o Banco de La Nacion, chega a cidade de Cusco uma exposi\u00e7\u00e3o fotogr\u00e1fica com [&hellip;]\" \/>\n<meta property=\"og:url\" content=\"https:\/\/machupicchubrasil.com.br\/blog\/exposicao-fotografica-cusco\/\" \/>\n<meta property=\"og:site_name\" content=\"Machu Picchu Brasil | Pacotes para Machu Picchu no Peru\" \/>\n<meta property=\"article:published_time\" content=\"2013-10-02T14:37:38+00:00\" \/>\n<meta property=\"og:image\" content=\"https:\/\/machupicchubrasil.com.br\/blog\/wp-content\/uploads\/2013\/10\/exposicao-cusco.png\" \/>\n\t<meta property=\"og:image:width\" content=\"560\" \/>\n\t<meta property=\"og:image:height\" content=\"560\" \/>\n\t<meta property=\"og:image:type\" content=\"image\/png\" \/>\n<meta name=\"author\" content=\"Adm- MKT\" \/>\n<meta name=\"twitter:card\" content=\"summary_large_image\" \/>\n<meta name=\"twitter:label1\" content=\"Escrito por\" \/>\n\t<meta name=\"twitter:data1\" content=\"Adm- MKT\" \/>\n\t<meta name=\"twitter:label2\" content=\"Est. tempo de leitura\" \/>\n\t<meta name=\"twitter:data2\" content=\"1 minuto\" \/>\n<script type=\"application\/ld+json\" class=\"yoast-schema-graph\">{\"@context\":\"https:\/\/schema.org\",\"@graph\":[{\"@type\":\"WebPage\",\"@id\":\"https:\/\/machupicchubrasil.com.br\/blog\/exposicao-fotografica-cusco\/\",\"url\":\"https:\/\/machupicchubrasil.com.br\/blog\/exposicao-fotografica-cusco\/\",\"name\":\"Exposi\u00e7\u00e3o Fotogr\u00e1fica - 02 a 17 de outubro em Cusco - Machu Picchu Brasil | Pacotes para Machu Picchu no Peru\",\"isPartOf\":{\"@id\":\"https:\/\/machupicchubrasil.com.br\/blog\/#website\"},\"primaryImageOfPage\":{\"@id\":\"https:\/\/machupicchubrasil.com.br\/blog\/exposicao-fotografica-cusco\/#primaryimage\"},\"image\":{\"@id\":\"https:\/\/machupicchubrasil.com.br\/blog\/exposicao-fotografica-cusco\/#primaryimage\"},\"thumbnailUrl\":\"https:\/\/machupicchubrasil.com.br\/blog\/wp-content\/uploads\/2013\/10\/exposicao-cusco.png\",\"datePublished\":\"2013-10-02T14:37:38+00:00\",\"author\":{\"@id\":\"https:\/\/machupicchubrasil.com.br\/blog\/#\/schema\/person\/8c88e6e1a1c2554f025e5d4f94f9e88f\"},\"breadcrumb\":{\"@id\":\"https:\/\/machupicchubrasil.com.br\/blog\/exposicao-fotografica-cusco\/#breadcrumb\"},\"inLanguage\":\"pt-BR\",\"potentialAction\":[{\"@type\":\"ReadAction\",\"target\":[\"https:\/\/machupicchubrasil.com.br\/blog\/exposicao-fotografica-cusco\/\"]}]},{\"@type\":\"ImageObject\",\"inLanguage\":\"pt-BR\",\"@id\":\"https:\/\/machupicchubrasil.com.br\/blog\/exposicao-fotografica-cusco\/#primaryimage\",\"url\":\"https:\/\/machupicchubrasil.com.br\/blog\/wp-content\/uploads\/2013\/10\/exposicao-cusco.png\",\"contentUrl\":\"https:\/\/machupicchubrasil.com.br\/blog\/wp-content\/uploads\/2013\/10\/exposicao-cusco.png\",\"width\":560,\"height\":560},{\"@type\":\"BreadcrumbList\",\"@id\":\"https:\/\/machupicchubrasil.com.br\/blog\/exposicao-fotografica-cusco\/#breadcrumb\",\"itemListElement\":[{\"@type\":\"ListItem\",\"position\":1,\"name\":\"In\u00edcio\",\"item\":\"https:\/\/machupicchubrasil.com.br\/blog\/\"},{\"@type\":\"ListItem\",\"position\":2,\"name\":\"Exposi\u00e7\u00e3o Fotogr\u00e1fica &#8211; 02 a 17 de outubro em Cusco\"}]},{\"@type\":\"WebSite\",\"@id\":\"https:\/\/machupicchubrasil.com.br\/blog\/#website\",\"url\":\"https:\/\/machupicchubrasil.com.br\/blog\/\",\"name\":\"Machu Picchu Brasil | Pacotes para Machu Picchu no Peru\",\"description\":\"Machu Picchu Brasil - Experi\u00eancia e Seguran\u00e7a no Peru\",\"potentialAction\":[{\"@type\":\"SearchAction\",\"target\":{\"@type\":\"EntryPoint\",\"urlTemplate\":\"https:\/\/machupicchubrasil.com.br\/blog\/?s={search_term_string}\"},\"query-input\":{\"@type\":\"PropertyValueSpecification\",\"valueRequired\":true,\"valueName\":\"search_term_string\"}}],\"inLanguage\":\"pt-BR\"},{\"@type\":\"Person\",\"@id\":\"https:\/\/machupicchubrasil.com.br\/blog\/#\/schema\/person\/8c88e6e1a1c2554f025e5d4f94f9e88f\",\"name\":\"Adm- MKT\",\"image\":{\"@type\":\"ImageObject\",\"inLanguage\":\"pt-BR\",\"@id\":\"https:\/\/machupicchubrasil.com.br\/blog\/#\/schema\/person\/image\/\",\"url\":\"https:\/\/secure.gravatar.com\/avatar\/9bca0540686e5d221169413db3a41fe316fd34a90e724cebca20d9da28ef19db?s=96&d=mm&r=g\",\"contentUrl\":\"https:\/\/secure.gravatar.com\/avatar\/9bca0540686e5d221169413db3a41fe316fd34a90e724cebca20d9da28ef19db?s=96&d=mm&r=g\",\"caption\":\"Adm- MKT\"},\"sameAs\":[\"http:\/\/bloghomologacao.machupicchubrasil.com.br\"],\"url\":\"https:\/\/machupicchubrasil.com.br\/blog\/author\/admin\/\"}]}<\/script>\n<!-- \/ Yoast SEO plugin. -->","yoast_head_json":{"title":"Exposi\u00e7\u00e3o Fotogr\u00e1fica - 02 a 17 de outubro em Cusco - Machu Picchu Brasil | Pacotes para Machu Picchu no Peru","robots":{"index":"index","follow":"follow","max-snippet":"max-snippet:-1","max-image-preview":"max-image-preview:large","max-video-preview":"max-video-preview:-1"},"canonical":"https:\/\/machupicchubrasil.com.br\/blog\/exposicao-fotografica-cusco\/","og_locale":"pt_BR","og_type":"article","og_title":"Exposi\u00e7\u00e3o Fotogr\u00e1fica - 02 a 17 de outubro em Cusco - Machu Picchu Brasil | Pacotes para Machu Picchu no Peru","og_description":"Exposi\u00e7\u00e3o Fotogr\u00e1fica Voc\u00ea que estar\u00e1 visitando a Cidade Imperial de Cusco ou Cuzco, ter\u00e1 a oportunidade de conhecer um dos lugares mais impressionante do Peru. Gra\u00e7as ao trabalho conjuntos entre o Minist\u00e9rio de Comercio Exterior e Turismo do Peru, Promperu e o Banco de La Nacion, chega a cidade de Cusco uma exposi\u00e7\u00e3o fotogr\u00e1fica com [&hellip;]","og_url":"https:\/\/machupicchubrasil.com.br\/blog\/exposicao-fotografica-cusco\/","og_site_name":"Machu Picchu Brasil | Pacotes para Machu Picchu no Peru","article_published_time":"2013-10-02T14:37:38+00:00","og_image":[{"width":560,"height":560,"url":"https:\/\/machupicchubrasil.com.br\/blog\/wp-content\/uploads\/2013\/10\/exposicao-cusco.png","type":"image\/png"}],"author":"Adm- MKT","twitter_card":"summary_large_image","twitter_misc":{"Escrito por":"Adm- MKT","Est. tempo de leitura":"1 minuto"},"schema":{"@context":"https:\/\/schema.org","@graph":[{"@type":"WebPage","@id":"https:\/\/machupicchubrasil.com.br\/blog\/exposicao-fotografica-cusco\/","url":"https:\/\/machupicchubrasil.com.br\/blog\/exposicao-fotografica-cusco\/","name":"Exposi\u00e7\u00e3o Fotogr\u00e1fica - 02 a 17 de outubro em Cusco - Machu Picchu Brasil | Pacotes para Machu Picchu no Peru","isPartOf":{"@id":"https:\/\/machupicchubrasil.com.br\/blog\/#website"},"primaryImageOfPage":{"@id":"https:\/\/machupicchubrasil.com.br\/blog\/exposicao-fotografica-cusco\/#primaryimage"},"image":{"@id":"https:\/\/machupicchubrasil.com.br\/blog\/exposicao-fotografica-cusco\/#primaryimage"},"thumbnailUrl":"https:\/\/machupicchubrasil.com.br\/blog\/wp-content\/uploads\/2013\/10\/exposicao-cusco.png","datePublished":"2013-10-02T14:37:38+00:00","author":{"@id":"https:\/\/machupicchubrasil.com.br\/blog\/#\/schema\/person\/8c88e6e1a1c2554f025e5d4f94f9e88f"},"breadcrumb":{"@id":"https:\/\/machupicchubrasil.com.br\/blog\/exposicao-fotografica-cusco\/#breadcrumb"},"inLanguage":"pt-BR","potentialAction":[{"@type":"ReadAction","target":["https:\/\/machupicchubrasil.com.br\/blog\/exposicao-fotografica-cusco\/"]}]},{"@type":"ImageObject","inLanguage":"pt-BR","@id":"https:\/\/machupicchubrasil.com.br\/blog\/exposicao-fotografica-cusco\/#primaryimage","url":"https:\/\/machupicchubrasil.com.br\/blog\/wp-content\/uploads\/2013\/10\/exposicao-cusco.png","contentUrl":"https:\/\/machupicchubrasil.com.br\/blog\/wp-content\/uploads\/2013\/10\/exposicao-cusco.png","width":560,"height":560},{"@type":"BreadcrumbList","@id":"https:\/\/machupicchubrasil.com.br\/blog\/exposicao-fotografica-cusco\/#breadcrumb","itemListElement":[{"@type":"ListItem","position":1,"name":"In\u00edcio","item":"https:\/\/machupicchubrasil.com.br\/blog\/"},{"@type":"ListItem","position":2,"name":"Exposi\u00e7\u00e3o Fotogr\u00e1fica &#8211; 02 a 17 de outubro em Cusco"}]},{"@type":"WebSite","@id":"https:\/\/machupicchubrasil.com.br\/blog\/#website","url":"https:\/\/machupicchubrasil.com.br\/blog\/","name":"Machu Picchu Brasil | Pacotes para Machu Picchu no Peru","description":"Machu Picchu Brasil - Experi\u00eancia e Seguran\u00e7a no Peru","potentialAction":[{"@type":"SearchAction","target":{"@type":"EntryPoint","urlTemplate":"https:\/\/machupicchubrasil.com.br\/blog\/?s={search_term_string}"},"query-input":{"@type":"PropertyValueSpecification","valueRequired":true,"valueName":"search_term_string"}}],"inLanguage":"pt-BR"},{"@type":"Person","@id":"https:\/\/machupicchubrasil.com.br\/blog\/#\/schema\/person\/8c88e6e1a1c2554f025e5d4f94f9e88f","name":"Adm- MKT","image":{"@type":"ImageObject","inLanguage":"pt-BR","@id":"https:\/\/machupicchubrasil.com.br\/blog\/#\/schema\/person\/image\/","url":"https:\/\/secure.gravatar.com\/avatar\/9bca0540686e5d221169413db3a41fe316fd34a90e724cebca20d9da28ef19db?s=96&d=mm&r=g","contentUrl":"https:\/\/secure.gravatar.com\/avatar\/9bca0540686e5d221169413db3a41fe316fd34a90e724cebca20d9da28ef19db?s=96&d=mm&r=g","caption":"Adm- MKT"},"sameAs":["http:\/\/bloghomologacao.machupicchubrasil.com.br"],"url":"https:\/\/machupicchubrasil.com.br\/blog\/author\/admin\/"}]}},"_links":{"self":[{"href":"https:\/\/machupicchubrasil.com.br\/blog\/wp-json\/wp\/v2\/posts\/521","targetHints":{"allow":["GET"]}}],"collection":[{"href":"https:\/\/machupicchubrasil.com.br\/blog\/wp-json\/wp\/v2\/posts"}],"about":[{"href":"https:\/\/machupicchubrasil.com.br\/blog\/wp-json\/wp\/v2\/types\/post"}],"author":[{"embeddable":true,"href":"https:\/\/machupicchubrasil.com.br\/blog\/wp-json\/wp\/v2\/users\/1"}],"replies":[{"embeddable":true,"href":"https:\/\/machupicchubrasil.com.br\/blog\/wp-json\/wp\/v2\/comments?post=521"}],"version-history":[{"count":0,"href":"https:\/\/machupicchubrasil.com.br\/blog\/wp-json\/wp\/v2\/posts\/521\/revisions"}],"wp:featuredmedia":[{"embeddable":true,"href":"https:\/\/machupicchubrasil.com.br\/blog\/wp-json\/wp\/v2\/media\/522"}],"wp:attachment":[{"href":"https:\/\/machupicchubrasil.com.br\/blog\/wp-json\/wp\/v2\/media?parent=521"}],"wp:term":[{"taxonomy":"category","embeddable":true,"href":"https:\/\/machupicchubrasil.com.br\/blog\/wp-json\/wp\/v2\/categories?post=521"},{"taxonomy":"post_tag","embeddable":true,"href":"https:\/\/machupicchubrasil.com.br\/blog\/wp-json\/wp\/v2\/tags?post=521"}],"curies":[{"name":"wp","href":"https:\/\/api.w.org\/{rel}","templated":true}]}}