{"id":4106,"date":"2018-05-11T17:10:37","date_gmt":"2018-05-11T20:10:37","guid":{"rendered":"https:\/\/machupicchubrasil.com.br\/blog\/?p=4106"},"modified":"2018-05-11T17:10:37","modified_gmt":"2018-05-11T20:10:37","slug":"cusco-apresenta-suas-festas-2018-com-encenacao-do-inti-raymi","status":"publish","type":"post","link":"https:\/\/machupicchubrasil.com.br\/blog\/cusco-apresenta-suas-festas-2018-com-encenacao-do-inti-raymi\/","title":{"rendered":"Cusco se prepara para o Inti Raymi (Festa do Sol) 2018"},"content":{"rendered":"<p>O Inti Raymi (Festa do Sol) a maior festa incaica do mundo, foi estabelecido no calend\u00e1rio de festivais de\u00a0Cusco\u00a0desde 1944, e\u00a0<span style=\"font-size: 1rem;\">\u00e9 a maior e mais importante festa realizada no Peru.<\/span><\/p>\n<h4>A celebra\u00e7\u00e3o reverencia o Deus Sol (Apu Inti), a quem os incas dedicavam sua exist\u00eancia e tudo ao seu redor!<\/h4>\n<p>Hoje, ele \u00e9 realizado anualmente\u00a0no dia 24 de junho, em\u00a0Sacsayhuaman, no p\u00e1tio do templo do sol &#8211; Qoricancha, e na pra\u00e7a central de <a href=\"https:\/\/machupicchubrasil.com.br\/blog\/cusco-cuzco-misterio-magico-imperial\/\">Cusco<\/a>. No mesmo dia, tamb\u00e9m \u00e9 comemorado o Dia do \u00cdndio ou do Campon\u00eas, no pa\u00eds.<\/p>\n<div id=\"attachment_4111\" style=\"width: 1018px\" class=\"wp-caption aligncenter\"><img loading=\"lazy\" decoding=\"async\" aria-describedby=\"caption-attachment-4111\" class=\"wp-image-4111 size-full\" src=\"https:\/\/machupicchubrasil.com.br\/blog\/wp-content\/uploads\/2018\/05\/galeria-01.jpg\" alt=\"Inti Raymi (Festa do Sol), no Peru\" width=\"1008\" height=\"368\" srcset=\"https:\/\/machupicchubrasil.com.br\/blog\/wp-content\/uploads\/2018\/05\/galeria-01.jpg 1008w, https:\/\/machupicchubrasil.com.br\/blog\/wp-content\/uploads\/2018\/05\/galeria-01-300x110.jpg 300w, https:\/\/machupicchubrasil.com.br\/blog\/wp-content\/uploads\/2018\/05\/galeria-01-768x280.jpg 768w\" sizes=\"auto, (max-width: 1008px) 100vw, 1008px\" \/><p id=\"caption-attachment-4111\" class=\"wp-caption-text\">Inti Raymi (Festa do Sol), no Peru<\/p><\/div>\n<p>O auge da celebra\u00e7\u00e3o se d\u00e1 em Sacsayhuaman, um fascinante conjunto de s\u00edtios arqueol\u00f3gicos, a mais grandiosa constru\u00e7\u00e3o Inca, edificada com gigantescas pedras talhadas e encaixadas, que mostram suas salas, p\u00e1tios e portais de diversos tamanhos.<\/p>\n<h4>O dia da festa \u00e9 t\u00e3o importante para a cidade que foi intitulado \u201cDia de Cusco\u201d.<\/h4>\n<div id=\"attachment_4110\" style=\"width: 1018px\" class=\"wp-caption aligncenter\"><img loading=\"lazy\" decoding=\"async\" aria-describedby=\"caption-attachment-4110\" class=\"size-full wp-image-4110\" src=\"https:\/\/machupicchubrasil.com.br\/blog\/wp-content\/uploads\/2018\/05\/galeria-05.jpg\" alt=\"Inti Raymi ou Festa do Sol, no Peru\" width=\"1008\" height=\"689\" srcset=\"https:\/\/machupicchubrasil.com.br\/blog\/wp-content\/uploads\/2018\/05\/galeria-05.jpg 1008w, https:\/\/machupicchubrasil.com.br\/blog\/wp-content\/uploads\/2018\/05\/galeria-05-300x205.jpg 300w, https:\/\/machupicchubrasil.com.br\/blog\/wp-content\/uploads\/2018\/05\/galeria-05-768x525.jpg 768w\" sizes=\"auto, (max-width: 1008px) 100vw, 1008px\" \/><p id=\"caption-attachment-4110\" class=\"wp-caption-text\">Inti Raymi ou Festa do Sol, no Peru<\/p><\/div>\n<p>Na pr\u00f3xima quinta, 17 de maio, \u00e0s 19h, no p\u00e1tio do Qoricancha, acontecer\u00e1 a apresenta\u00e7\u00e3o das Festas de Cusco 2018. Com a cerim\u00f4nia \u201cTinkuy Pachamama\u201d, que representa o nascimento do Sol e sua rela\u00e7\u00e3o com a cultura Inca.<\/p>\n<h3>Os espectadores do <a href=\"https:\/\/machupicchubrasil.com.br\/blog\/inti-raymi-a-festa-do-sol\/\">Inti Raymi<\/a> (Festa do Sol) superam o n\u00famero de\u00a0100.000 pessoas!<\/h3>\n<h5>E\u00a0foi declarado pela Prefeitura de Cusco Patrim\u00f4nio Cultural da Na\u00e7\u00e3o, Ato Oficial e Principal Cerim\u00f4nia de Identidade Nacional.<\/h5>\n<div id=\"attachment_4109\" style=\"width: 1018px\" class=\"wp-caption aligncenter\"><img loading=\"lazy\" decoding=\"async\" aria-describedby=\"caption-attachment-4109\" class=\"size-full wp-image-4109\" src=\"https:\/\/machupicchubrasil.com.br\/blog\/wp-content\/uploads\/2018\/05\/galeria-04.jpg\" alt=\"Inti Raymi ou Festa do Sol, no Peru\" width=\"1008\" height=\"689\" srcset=\"https:\/\/machupicchubrasil.com.br\/blog\/wp-content\/uploads\/2018\/05\/galeria-04.jpg 1008w, https:\/\/machupicchubrasil.com.br\/blog\/wp-content\/uploads\/2018\/05\/galeria-04-300x205.jpg 300w, https:\/\/machupicchubrasil.com.br\/blog\/wp-content\/uploads\/2018\/05\/galeria-04-768x525.jpg 768w\" sizes=\"auto, (max-width: 1008px) 100vw, 1008px\" \/><p id=\"caption-attachment-4109\" class=\"wp-caption-text\">Inti Raymi ou Festa do Sol, no Peru<\/p><\/div>\n<p>A cidade tem muito a explorar: bares, caf\u00e9s, restaurantes, lojas, feirinha de artesanato, o mercado central e museus. Por isso, aproveite para visitar todas as atra\u00e7\u00f5es!<\/p>\n<p>&nbsp;<\/p>\n<h2 style=\"text-align: center;\"><strong><a href=\"https:\/\/machupicchubrasil.com.br\/blog\/inti-raymi-a-festa-do-sol\/\">Quer saber mais sobre o Inti Raymi &#8211; A Festa do sol, Clique Aqui!<\/a><\/strong><\/h2>\n<p>Aproveite tamb\u00e9m para se inscrever em nossa\u00a0<strong>lista de email<\/strong>\u00a0e seja o primeiro a receber novos artigos e infogr\u00e1ficos como este.<\/p>\n<p>Saiba que o maior perigo de se conhecer o Peru \u00e9 se apaixonar pelo pa\u00eds e querer ficar mais e mais no lugar. O que est\u00e1 esperando para visit\u00e1-lo e se surpreender com a beleza e com os encantos peruanos? Na volta, conte para gente o que achou da experi\u00eancia nos coment\u00e1rios!<\/p>\n<p>Texto :\u00a0<a href=\"https:\/\/plus.google.com\/+MachuPicchuBrasil\" rel=\"publisher\">Machu Picchu Brasil no Google+<\/a><\/p>\n<p><a title=\"Pacote Lima + Machu Picchu\" href=\"http:\/\/www.machupicchubrasil.com.br\/pacotes_\"><img loading=\"lazy\" decoding=\"async\" title=\"Como organizar as suas malas para viajar ao Peru\" src=\"https:\/\/machupicchubrasil.com.br\/blog\/wp-content\/uploads\/2014\/07\/BANNER-BLOG-011.jpg\" alt=\"Como organizar as suas malas para viajar ao Peru\" width=\"620\" height=\"227\" \/><\/a><\/p>\n","protected":false},"excerpt":{"rendered":"<p>O Inti Raymi (Festa do Sol) a maior festa incaica do mundo, foi estabelecido no calend\u00e1rio de festivais de\u00a0Cusco\u00a0desde 1944, e\u00a0\u00e9 a maior e mais importante festa realizada no Peru. A celebra\u00e7\u00e3o reverencia o Deus Sol (Apu Inti), a quem os incas dedicavam sua exist\u00eancia e tudo ao seu redor! Hoje, ele \u00e9 realizado anualmente\u00a0no [&hellip;]<\/p>\n","protected":false},"author":1,"featured_media":2777,"comment_status":"open","ping_status":"open","sticky":false,"template":"","format":"standard","meta":{"footnotes":""},"categories":[1],"tags":[516,50,51,69,517,70,61],"class_list":["post-4106","post","type-post","status-publish","format-standard","has-post-thumbnail","hentry","category-uncategorized","tag-atracoes-no-peru","tag-cusco","tag-cuzco","tag-festa-do-sol","tag-festas-no-peru","tag-inti-raymi","tag-peru"],"acf":[],"yoast_head":"<!-- This site is optimized with the Yoast SEO plugin v24.9 - https:\/\/yoast.com\/wordpress\/plugins\/seo\/ -->\n<title>Cusco se prepara para o Inti Raymi (Festa do Sol) 2018 - Machu Picchu Brasil | Pacotes para Machu Picchu no Peru<\/title>\n<meta name=\"description\" content=\"O Inti Raymi (Festa do Sol) \u00e9 a maior e mais importante festa realizada no Peru. A celebra\u00e7\u00e3o reverencia o Deus Sol, a quem os incas dedicavam sua exist\u00eancia e tudo ao seu redor! Hoje, ele \u00e9 realizado anualmente\u00a0no dia 24 de junho, em\u00a0Sacsayhuaman, no Qoricancha, e na pra\u00e7a de Cusco.\" \/>\n<meta name=\"robots\" content=\"index, follow, max-snippet:-1, max-image-preview:large, max-video-preview:-1\" \/>\n<link rel=\"canonical\" href=\"https:\/\/machupicchubrasil.com.br\/blog\/cusco-apresenta-suas-festas-2018-com-encenacao-do-inti-raymi\/\" \/>\n<meta property=\"og:locale\" content=\"pt_BR\" \/>\n<meta property=\"og:type\" content=\"article\" \/>\n<meta property=\"og:title\" content=\"Cusco se prepara para o Inti Raymi (Festa do Sol) 2018 - Machu Picchu Brasil | Pacotes para Machu Picchu no Peru\" \/>\n<meta property=\"og:description\" content=\"O Inti Raymi (Festa do Sol) \u00e9 a maior e mais importante festa realizada no Peru. A celebra\u00e7\u00e3o reverencia o Deus Sol, a quem os incas dedicavam sua exist\u00eancia e tudo ao seu redor! Hoje, ele \u00e9 realizado anualmente\u00a0no dia 24 de junho, em\u00a0Sacsayhuaman, no Qoricancha, e na pra\u00e7a de Cusco.\" \/>\n<meta property=\"og:url\" content=\"https:\/\/machupicchubrasil.com.br\/blog\/cusco-apresenta-suas-festas-2018-com-encenacao-do-inti-raymi\/\" \/>\n<meta property=\"og:site_name\" content=\"Machu Picchu Brasil | Pacotes para Machu Picchu no Peru\" \/>\n<meta property=\"article:published_time\" content=\"2018-05-11T20:10:37+00:00\" \/>\n<meta property=\"og:image\" content=\"https:\/\/machupicchubrasil.com.br\/blog\/wp-content\/uploads\/2017\/03\/11111.jpg\" \/>\n\t<meta property=\"og:image:width\" content=\"1800\" \/>\n\t<meta property=\"og:image:height\" content=\"1212\" \/>\n\t<meta property=\"og:image:type\" content=\"image\/jpeg\" \/>\n<meta name=\"author\" content=\"Adm- MKT\" \/>\n<meta name=\"twitter:card\" content=\"summary_large_image\" \/>\n<meta name=\"twitter:label1\" content=\"Escrito por\" \/>\n\t<meta name=\"twitter:data1\" content=\"Adm- MKT\" \/>\n\t<meta name=\"twitter:label2\" content=\"Est. tempo de leitura\" \/>\n\t<meta name=\"twitter:data2\" content=\"2 minutos\" \/>\n<script type=\"application\/ld+json\" class=\"yoast-schema-graph\">{\"@context\":\"https:\/\/schema.org\",\"@graph\":[{\"@type\":\"WebPage\",\"@id\":\"https:\/\/machupicchubrasil.com.br\/blog\/cusco-apresenta-suas-festas-2018-com-encenacao-do-inti-raymi\/\",\"url\":\"https:\/\/machupicchubrasil.com.br\/blog\/cusco-apresenta-suas-festas-2018-com-encenacao-do-inti-raymi\/\",\"name\":\"Cusco se prepara para o Inti Raymi (Festa do Sol) 2018 - Machu Picchu Brasil | Pacotes para Machu Picchu no Peru\",\"isPartOf\":{\"@id\":\"https:\/\/machupicchubrasil.com.br\/blog\/#website\"},\"primaryImageOfPage\":{\"@id\":\"https:\/\/machupicchubrasil.com.br\/blog\/cusco-apresenta-suas-festas-2018-com-encenacao-do-inti-raymi\/#primaryimage\"},\"image\":{\"@id\":\"https:\/\/machupicchubrasil.com.br\/blog\/cusco-apresenta-suas-festas-2018-com-encenacao-do-inti-raymi\/#primaryimage\"},\"thumbnailUrl\":\"https:\/\/machupicchubrasil.com.br\/blog\/wp-content\/uploads\/2017\/03\/11111.jpg\",\"datePublished\":\"2018-05-11T20:10:37+00:00\",\"author\":{\"@id\":\"https:\/\/machupicchubrasil.com.br\/blog\/#\/schema\/person\/8c88e6e1a1c2554f025e5d4f94f9e88f\"},\"description\":\"O Inti Raymi (Festa do Sol) \u00e9 a maior e mais importante festa realizada no Peru. A celebra\u00e7\u00e3o reverencia o Deus Sol, a quem os incas dedicavam sua exist\u00eancia e tudo ao seu redor! Hoje, ele \u00e9 realizado anualmente\u00a0no dia 24 de junho, em\u00a0Sacsayhuaman, no Qoricancha, e na pra\u00e7a de Cusco.\",\"breadcrumb\":{\"@id\":\"https:\/\/machupicchubrasil.com.br\/blog\/cusco-apresenta-suas-festas-2018-com-encenacao-do-inti-raymi\/#breadcrumb\"},\"inLanguage\":\"pt-BR\",\"potentialAction\":[{\"@type\":\"ReadAction\",\"target\":[\"https:\/\/machupicchubrasil.com.br\/blog\/cusco-apresenta-suas-festas-2018-com-encenacao-do-inti-raymi\/\"]}]},{\"@type\":\"ImageObject\",\"inLanguage\":\"pt-BR\",\"@id\":\"https:\/\/machupicchubrasil.com.br\/blog\/cusco-apresenta-suas-festas-2018-com-encenacao-do-inti-raymi\/#primaryimage\",\"url\":\"https:\/\/machupicchubrasil.com.br\/blog\/wp-content\/uploads\/2017\/03\/11111.jpg\",\"contentUrl\":\"https:\/\/machupicchubrasil.com.br\/blog\/wp-content\/uploads\/2017\/03\/11111.jpg\",\"width\":1800,\"height\":1212,\"caption\":\"ANDINA\/Percy Hurtado Santill\u00e1n\"},{\"@type\":\"BreadcrumbList\",\"@id\":\"https:\/\/machupicchubrasil.com.br\/blog\/cusco-apresenta-suas-festas-2018-com-encenacao-do-inti-raymi\/#breadcrumb\",\"itemListElement\":[{\"@type\":\"ListItem\",\"position\":1,\"name\":\"In\u00edcio\",\"item\":\"https:\/\/machupicchubrasil.com.br\/blog\/\"},{\"@type\":\"ListItem\",\"position\":2,\"name\":\"Cusco se prepara para o Inti Raymi (Festa do Sol) 2018\"}]},{\"@type\":\"WebSite\",\"@id\":\"https:\/\/machupicchubrasil.com.br\/blog\/#website\",\"url\":\"https:\/\/machupicchubrasil.com.br\/blog\/\",\"name\":\"Machu Picchu Brasil | Pacotes para Machu Picchu no Peru\",\"description\":\"Machu Picchu Brasil - Experi\u00eancia e Seguran\u00e7a no Peru\",\"potentialAction\":[{\"@type\":\"SearchAction\",\"target\":{\"@type\":\"EntryPoint\",\"urlTemplate\":\"https:\/\/machupicchubrasil.com.br\/blog\/?s={search_term_string}\"},\"query-input\":{\"@type\":\"PropertyValueSpecification\",\"valueRequired\":true,\"valueName\":\"search_term_string\"}}],\"inLanguage\":\"pt-BR\"},{\"@type\":\"Person\",\"@id\":\"https:\/\/machupicchubrasil.com.br\/blog\/#\/schema\/person\/8c88e6e1a1c2554f025e5d4f94f9e88f\",\"name\":\"Adm- MKT\",\"image\":{\"@type\":\"ImageObject\",\"inLanguage\":\"pt-BR\",\"@id\":\"https:\/\/machupicchubrasil.com.br\/blog\/#\/schema\/person\/image\/\",\"url\":\"https:\/\/secure.gravatar.com\/avatar\/9bca0540686e5d221169413db3a41fe316fd34a90e724cebca20d9da28ef19db?s=96&d=mm&r=g\",\"contentUrl\":\"https:\/\/secure.gravatar.com\/avatar\/9bca0540686e5d221169413db3a41fe316fd34a90e724cebca20d9da28ef19db?s=96&d=mm&r=g\",\"caption\":\"Adm- MKT\"},\"sameAs\":[\"http:\/\/bloghomologacao.machupicchubrasil.com.br\"],\"url\":\"https:\/\/machupicchubrasil.com.br\/blog\/author\/admin\/\"}]}<\/script>\n<!-- \/ Yoast SEO plugin. -->","yoast_head_json":{"title":"Cusco se prepara para o Inti Raymi (Festa do Sol) 2018 - Machu Picchu Brasil | Pacotes para Machu Picchu no Peru","description":"O Inti Raymi (Festa do Sol) \u00e9 a maior e mais importante festa realizada no Peru. A celebra\u00e7\u00e3o reverencia o Deus Sol, a quem os incas dedicavam sua exist\u00eancia e tudo ao seu redor! Hoje, ele \u00e9 realizado anualmente\u00a0no dia 24 de junho, em\u00a0Sacsayhuaman, no Qoricancha, e na pra\u00e7a de Cusco.","robots":{"index":"index","follow":"follow","max-snippet":"max-snippet:-1","max-image-preview":"max-image-preview:large","max-video-preview":"max-video-preview:-1"},"canonical":"https:\/\/machupicchubrasil.com.br\/blog\/cusco-apresenta-suas-festas-2018-com-encenacao-do-inti-raymi\/","og_locale":"pt_BR","og_type":"article","og_title":"Cusco se prepara para o Inti Raymi (Festa do Sol) 2018 - Machu Picchu Brasil | Pacotes para Machu Picchu no Peru","og_description":"O Inti Raymi (Festa do Sol) \u00e9 a maior e mais importante festa realizada no Peru. A celebra\u00e7\u00e3o reverencia o Deus Sol, a quem os incas dedicavam sua exist\u00eancia e tudo ao seu redor! Hoje, ele \u00e9 realizado anualmente\u00a0no dia 24 de junho, em\u00a0Sacsayhuaman, no Qoricancha, e na pra\u00e7a de Cusco.","og_url":"https:\/\/machupicchubrasil.com.br\/blog\/cusco-apresenta-suas-festas-2018-com-encenacao-do-inti-raymi\/","og_site_name":"Machu Picchu Brasil | Pacotes para Machu Picchu no Peru","article_published_time":"2018-05-11T20:10:37+00:00","og_image":[{"width":1800,"height":1212,"url":"https:\/\/machupicchubrasil.com.br\/blog\/wp-content\/uploads\/2017\/03\/11111.jpg","type":"image\/jpeg"}],"author":"Adm- MKT","twitter_card":"summary_large_image","twitter_misc":{"Escrito por":"Adm- MKT","Est. tempo de leitura":"2 minutos"},"schema":{"@context":"https:\/\/schema.org","@graph":[{"@type":"WebPage","@id":"https:\/\/machupicchubrasil.com.br\/blog\/cusco-apresenta-suas-festas-2018-com-encenacao-do-inti-raymi\/","url":"https:\/\/machupicchubrasil.com.br\/blog\/cusco-apresenta-suas-festas-2018-com-encenacao-do-inti-raymi\/","name":"Cusco se prepara para o Inti Raymi (Festa do Sol) 2018 - Machu Picchu Brasil | Pacotes para Machu Picchu no Peru","isPartOf":{"@id":"https:\/\/machupicchubrasil.com.br\/blog\/#website"},"primaryImageOfPage":{"@id":"https:\/\/machupicchubrasil.com.br\/blog\/cusco-apresenta-suas-festas-2018-com-encenacao-do-inti-raymi\/#primaryimage"},"image":{"@id":"https:\/\/machupicchubrasil.com.br\/blog\/cusco-apresenta-suas-festas-2018-com-encenacao-do-inti-raymi\/#primaryimage"},"thumbnailUrl":"https:\/\/machupicchubrasil.com.br\/blog\/wp-content\/uploads\/2017\/03\/11111.jpg","datePublished":"2018-05-11T20:10:37+00:00","author":{"@id":"https:\/\/machupicchubrasil.com.br\/blog\/#\/schema\/person\/8c88e6e1a1c2554f025e5d4f94f9e88f"},"description":"O Inti Raymi (Festa do Sol) \u00e9 a maior e mais importante festa realizada no Peru. A celebra\u00e7\u00e3o reverencia o Deus Sol, a quem os incas dedicavam sua exist\u00eancia e tudo ao seu redor! Hoje, ele \u00e9 realizado anualmente\u00a0no dia 24 de junho, em\u00a0Sacsayhuaman, no Qoricancha, e na pra\u00e7a de Cusco.","breadcrumb":{"@id":"https:\/\/machupicchubrasil.com.br\/blog\/cusco-apresenta-suas-festas-2018-com-encenacao-do-inti-raymi\/#breadcrumb"},"inLanguage":"pt-BR","potentialAction":[{"@type":"ReadAction","target":["https:\/\/machupicchubrasil.com.br\/blog\/cusco-apresenta-suas-festas-2018-com-encenacao-do-inti-raymi\/"]}]},{"@type":"ImageObject","inLanguage":"pt-BR","@id":"https:\/\/machupicchubrasil.com.br\/blog\/cusco-apresenta-suas-festas-2018-com-encenacao-do-inti-raymi\/#primaryimage","url":"https:\/\/machupicchubrasil.com.br\/blog\/wp-content\/uploads\/2017\/03\/11111.jpg","contentUrl":"https:\/\/machupicchubrasil.com.br\/blog\/wp-content\/uploads\/2017\/03\/11111.jpg","width":1800,"height":1212,"caption":"ANDINA\/Percy Hurtado Santill\u00e1n"},{"@type":"BreadcrumbList","@id":"https:\/\/machupicchubrasil.com.br\/blog\/cusco-apresenta-suas-festas-2018-com-encenacao-do-inti-raymi\/#breadcrumb","itemListElement":[{"@type":"ListItem","position":1,"name":"In\u00edcio","item":"https:\/\/machupicchubrasil.com.br\/blog\/"},{"@type":"ListItem","position":2,"name":"Cusco se prepara para o Inti Raymi (Festa do Sol) 2018"}]},{"@type":"WebSite","@id":"https:\/\/machupicchubrasil.com.br\/blog\/#website","url":"https:\/\/machupicchubrasil.com.br\/blog\/","name":"Machu Picchu Brasil | Pacotes para Machu Picchu no Peru","description":"Machu Picchu Brasil - Experi\u00eancia e Seguran\u00e7a no Peru","potentialAction":[{"@type":"SearchAction","target":{"@type":"EntryPoint","urlTemplate":"https:\/\/machupicchubrasil.com.br\/blog\/?s={search_term_string}"},"query-input":{"@type":"PropertyValueSpecification","valueRequired":true,"valueName":"search_term_string"}}],"inLanguage":"pt-BR"},{"@type":"Person","@id":"https:\/\/machupicchubrasil.com.br\/blog\/#\/schema\/person\/8c88e6e1a1c2554f025e5d4f94f9e88f","name":"Adm- MKT","image":{"@type":"ImageObject","inLanguage":"pt-BR","@id":"https:\/\/machupicchubrasil.com.br\/blog\/#\/schema\/person\/image\/","url":"https:\/\/secure.gravatar.com\/avatar\/9bca0540686e5d221169413db3a41fe316fd34a90e724cebca20d9da28ef19db?s=96&d=mm&r=g","contentUrl":"https:\/\/secure.gravatar.com\/avatar\/9bca0540686e5d221169413db3a41fe316fd34a90e724cebca20d9da28ef19db?s=96&d=mm&r=g","caption":"Adm- MKT"},"sameAs":["http:\/\/bloghomologacao.machupicchubrasil.com.br"],"url":"https:\/\/machupicchubrasil.com.br\/blog\/author\/admin\/"}]}},"_links":{"self":[{"href":"https:\/\/machupicchubrasil.com.br\/blog\/wp-json\/wp\/v2\/posts\/4106","targetHints":{"allow":["GET"]}}],"collection":[{"href":"https:\/\/machupicchubrasil.com.br\/blog\/wp-json\/wp\/v2\/posts"}],"about":[{"href":"https:\/\/machupicchubrasil.com.br\/blog\/wp-json\/wp\/v2\/types\/post"}],"author":[{"embeddable":true,"href":"https:\/\/machupicchubrasil.com.br\/blog\/wp-json\/wp\/v2\/users\/1"}],"replies":[{"embeddable":true,"href":"https:\/\/machupicchubrasil.com.br\/blog\/wp-json\/wp\/v2\/comments?post=4106"}],"version-history":[{"count":0,"href":"https:\/\/machupicchubrasil.com.br\/blog\/wp-json\/wp\/v2\/posts\/4106\/revisions"}],"wp:featuredmedia":[{"embeddable":true,"href":"https:\/\/machupicchubrasil.com.br\/blog\/wp-json\/wp\/v2\/media\/2777"}],"wp:attachment":[{"href":"https:\/\/machupicchubrasil.com.br\/blog\/wp-json\/wp\/v2\/media?parent=4106"}],"wp:term":[{"taxonomy":"category","embeddable":true,"href":"https:\/\/machupicchubrasil.com.br\/blog\/wp-json\/wp\/v2\/categories?post=4106"},{"taxonomy":"post_tag","embeddable":true,"href":"https:\/\/machupicchubrasil.com.br\/blog\/wp-json\/wp\/v2\/tags?post=4106"}],"curies":[{"name":"wp","href":"https:\/\/api.w.org\/{rel}","templated":true}]}}