{"id":366,"date":"2013-08-16T16:24:45","date_gmt":"2013-08-16T16:24:45","guid":{"rendered":"http:\/\/blog.machupicchubrasil.com.br\/?p=366"},"modified":"2013-08-16T16:24:45","modified_gmt":"2013-08-16T16:24:45","slug":"depoimento-14082013","status":"publish","type":"post","link":"https:\/\/machupicchubrasil.com.br\/blog\/depoimento-14082013\/","title":{"rendered":"Depoimento 14\/08\/2013"},"content":{"rendered":"<h2>Depoimento 14\/08\/2013<\/h2>\n<p>Regressamos do Peru no dia 11 de agosto, Domingo passado. Fizemos o<\/p>\n<h3><a title=\"Machu Picchu, Cusco, Cuzco\" href=\"http:\/\/www.machupicchubrasil.com.br\/pacotes\/america-do-sul\/peru\/cusco\/c79\/p109\" target=\"_blank\" rel=\"noopener\"><strong>Pacote Machu Picchu Sacred Valley<\/strong><\/a> com voc\u00eas.<\/h3>\n<p>Estou lhe escrevendo para elogiar toda a equipe da <strong>Machu Picchu Brasil<\/strong> que nos atendeu em Cusco. Especialmente a funcion\u00e1ria Ivoska que nos deu toda a aten\u00e7\u00e3o necess\u00e1ria para tornar nossa viagem realmente especial. Ela estava presente sempre que sa\u00edamos \u00a0para os eventos programados. N\u00e3o deixou qualquer d\u00favida quanto aos roteiros e vouchers que ir\u00edamos necessitar. E quando fomos pernoitar em hot\u00e9is fora de <strong>Cusco<\/strong>, sempre nos\u00a0telefonava para saber como est\u00e1vamos e se t\u00ednhamos sido bem recebidos.<\/p>\n<p>Tamb\u00e9m tive a oportunidade de conversar com o seu irm\u00e3o Ricardo na\u00a0Ag\u00eancia em <strong>Cusco<\/strong>. Fomos recebidos por ele com muita aten\u00e7\u00e3o e pudemos\u00a0conversar por um bom tempo. Ele \u00e9 uma pessoa muito simp\u00e1tica e competente.<\/p>\n<p>Enfim, ficamos muito satisfeitos com os servi\u00e7os e o pessoal de sua Ag\u00eancia de Viagem. J\u00e1 estou conversando com colegas de servi\u00e7o que pretendem viajar a <strong>Machu Picchu<\/strong>\u00a0e indicando o servi\u00e7o de voc\u00eas.<\/p>\n<p>Gostaria que voc\u00ea transmitisse o nosso abra\u00e7o ao Ricardo e \u00e0 toda a\u00a0equipe de Cusco.<\/p>\n<p>Um abra\u00e7o para voc\u00ea e muito obrigado pela sua aten\u00e7\u00e3o.<\/p>\n<p>Jos\u00e9 Olavo e Regina Maria &#8211; Niter\u00f3i &#8211; Rio de Janeiro.<\/p>\n<p>&nbsp;<\/p>\n<p style=\"text-align: center;\"><img loading=\"lazy\" decoding=\"async\" class=\"wp-image-367 aligncenter\" title=\"Depoimento 14\/08\/2013\" alt=\"Depoimento 14\/08\/2013\" src=\"https:\/\/machupicchubrasil.com.br\/blog\/wp-content\/uploads\/2013\/08\/jose-olavo.jpg\" width=\"830\" height=\"623\" srcset=\"https:\/\/machupicchubrasil.com.br\/blog\/wp-content\/uploads\/2013\/08\/jose-olavo.jpg 922w, https:\/\/machupicchubrasil.com.br\/blog\/wp-content\/uploads\/2013\/08\/jose-olavo-300x225.jpg 300w, https:\/\/machupicchubrasil.com.br\/blog\/wp-content\/uploads\/2013\/08\/jose-olavo-768x576.jpg 768w\" sizes=\"auto, (max-width: 830px) 100vw, 830px\" \/><\/p>\n<p>&nbsp;<\/p>\n<p>Veja as experi\u00eancia e depoimentos de nossos passageiros em nosso site\u00a0<a href=\"http:\/\/www.machupicchubrasil.com.br\/depoimentos\" target=\"_blank\" rel=\"noopener\"><strong>MACHU PICCHU BRASIL<\/strong><\/a><\/p>\n<p>ou em nosso FanPage :\u00a0<a href=\"https:\/\/www.facebook.com\/machupicchubrasil.com.br\" target=\"_blank\" rel=\"noopener\"><strong>facebook.com\/machupicchubrasil.com.br<\/strong><\/a><\/p>\n<p>&nbsp;<\/p>\n","protected":false},"excerpt":{"rendered":"<p>Depoimento 14\/08\/2013 Regressamos do Peru no dia 11 de agosto, Domingo passado. Fizemos o Pacote Machu Picchu Sacred Valley com voc\u00eas. Estou lhe escrevendo para elogiar toda a equipe da Machu Picchu Brasil que nos atendeu em Cusco. Especialmente a funcion\u00e1ria Ivoska que nos deu toda a aten\u00e7\u00e3o necess\u00e1ria para tornar nossa viagem realmente especial. [&hellip;]<\/p>\n","protected":false},"author":1,"featured_media":367,"comment_status":"open","ping_status":"open","sticky":false,"template":"","format":"standard","meta":{"footnotes":""},"categories":[1],"tags":[50,67,145],"class_list":["post-366","post","type-post","status-publish","format-standard","has-post-thumbnail","hentry","category-uncategorized","tag-cusco","tag-machu-picchu-brasil","tag-pacote-machu-picchu-sacred-valley"],"acf":[],"yoast_head":"<!-- This site is optimized with the Yoast SEO plugin v24.9 - https:\/\/yoast.com\/wordpress\/plugins\/seo\/ -->\n<title>Depoimento 14\/08\/2013 - Machu Picchu Brasil | Pacotes para Machu Picchu no Peru<\/title>\n<meta name=\"robots\" content=\"index, follow, max-snippet:-1, max-image-preview:large, max-video-preview:-1\" \/>\n<link rel=\"canonical\" href=\"https:\/\/machupicchubrasil.com.br\/blog\/depoimento-14082013\/\" \/>\n<meta property=\"og:locale\" content=\"pt_BR\" \/>\n<meta property=\"og:type\" content=\"article\" \/>\n<meta property=\"og:title\" content=\"Depoimento 14\/08\/2013 - Machu Picchu Brasil | Pacotes para Machu Picchu no Peru\" \/>\n<meta property=\"og:description\" content=\"Depoimento 14\/08\/2013 Regressamos do Peru no dia 11 de agosto, Domingo passado. Fizemos o Pacote Machu Picchu Sacred Valley com voc\u00eas. Estou lhe escrevendo para elogiar toda a equipe da Machu Picchu Brasil que nos atendeu em Cusco. Especialmente a funcion\u00e1ria Ivoska que nos deu toda a aten\u00e7\u00e3o necess\u00e1ria para tornar nossa viagem realmente especial. [&hellip;]\" \/>\n<meta property=\"og:url\" content=\"https:\/\/machupicchubrasil.com.br\/blog\/depoimento-14082013\/\" \/>\n<meta property=\"og:site_name\" content=\"Machu Picchu Brasil | Pacotes para Machu Picchu no Peru\" \/>\n<meta property=\"article:published_time\" content=\"2013-08-16T16:24:45+00:00\" \/>\n<meta property=\"og:image\" content=\"https:\/\/machupicchubrasil.com.br\/blog\/wp-content\/uploads\/2013\/08\/jose-olavo.jpg\" \/>\n\t<meta property=\"og:image:width\" content=\"922\" \/>\n\t<meta property=\"og:image:height\" content=\"692\" \/>\n\t<meta property=\"og:image:type\" content=\"image\/jpeg\" \/>\n<meta name=\"author\" content=\"Adm- MKT\" \/>\n<meta name=\"twitter:card\" content=\"summary_large_image\" \/>\n<meta name=\"twitter:label1\" content=\"Escrito por\" \/>\n\t<meta name=\"twitter:data1\" content=\"Adm- MKT\" \/>\n\t<meta name=\"twitter:label2\" content=\"Est. tempo de leitura\" \/>\n\t<meta name=\"twitter:data2\" content=\"1 minuto\" \/>\n<script type=\"application\/ld+json\" class=\"yoast-schema-graph\">{\"@context\":\"https:\/\/schema.org\",\"@graph\":[{\"@type\":\"WebPage\",\"@id\":\"https:\/\/machupicchubrasil.com.br\/blog\/depoimento-14082013\/\",\"url\":\"https:\/\/machupicchubrasil.com.br\/blog\/depoimento-14082013\/\",\"name\":\"Depoimento 14\/08\/2013 - Machu Picchu Brasil | Pacotes para Machu Picchu no Peru\",\"isPartOf\":{\"@id\":\"https:\/\/machupicchubrasil.com.br\/blog\/#website\"},\"primaryImageOfPage\":{\"@id\":\"https:\/\/machupicchubrasil.com.br\/blog\/depoimento-14082013\/#primaryimage\"},\"image\":{\"@id\":\"https:\/\/machupicchubrasil.com.br\/blog\/depoimento-14082013\/#primaryimage\"},\"thumbnailUrl\":\"https:\/\/machupicchubrasil.com.br\/blog\/wp-content\/uploads\/2013\/08\/jose-olavo.jpg\",\"datePublished\":\"2013-08-16T16:24:45+00:00\",\"author\":{\"@id\":\"https:\/\/machupicchubrasil.com.br\/blog\/#\/schema\/person\/8c88e6e1a1c2554f025e5d4f94f9e88f\"},\"breadcrumb\":{\"@id\":\"https:\/\/machupicchubrasil.com.br\/blog\/depoimento-14082013\/#breadcrumb\"},\"inLanguage\":\"pt-BR\",\"potentialAction\":[{\"@type\":\"ReadAction\",\"target\":[\"https:\/\/machupicchubrasil.com.br\/blog\/depoimento-14082013\/\"]}]},{\"@type\":\"ImageObject\",\"inLanguage\":\"pt-BR\",\"@id\":\"https:\/\/machupicchubrasil.com.br\/blog\/depoimento-14082013\/#primaryimage\",\"url\":\"https:\/\/machupicchubrasil.com.br\/blog\/wp-content\/uploads\/2013\/08\/jose-olavo.jpg\",\"contentUrl\":\"https:\/\/machupicchubrasil.com.br\/blog\/wp-content\/uploads\/2013\/08\/jose-olavo.jpg\",\"width\":922,\"height\":692},{\"@type\":\"BreadcrumbList\",\"@id\":\"https:\/\/machupicchubrasil.com.br\/blog\/depoimento-14082013\/#breadcrumb\",\"itemListElement\":[{\"@type\":\"ListItem\",\"position\":1,\"name\":\"In\u00edcio\",\"item\":\"https:\/\/machupicchubrasil.com.br\/blog\/\"},{\"@type\":\"ListItem\",\"position\":2,\"name\":\"Depoimento 14\/08\/2013\"}]},{\"@type\":\"WebSite\",\"@id\":\"https:\/\/machupicchubrasil.com.br\/blog\/#website\",\"url\":\"https:\/\/machupicchubrasil.com.br\/blog\/\",\"name\":\"Machu Picchu Brasil | Pacotes para Machu Picchu no Peru\",\"description\":\"Machu Picchu Brasil - Experi\u00eancia e Seguran\u00e7a no Peru\",\"potentialAction\":[{\"@type\":\"SearchAction\",\"target\":{\"@type\":\"EntryPoint\",\"urlTemplate\":\"https:\/\/machupicchubrasil.com.br\/blog\/?s={search_term_string}\"},\"query-input\":{\"@type\":\"PropertyValueSpecification\",\"valueRequired\":true,\"valueName\":\"search_term_string\"}}],\"inLanguage\":\"pt-BR\"},{\"@type\":\"Person\",\"@id\":\"https:\/\/machupicchubrasil.com.br\/blog\/#\/schema\/person\/8c88e6e1a1c2554f025e5d4f94f9e88f\",\"name\":\"Adm- MKT\",\"image\":{\"@type\":\"ImageObject\",\"inLanguage\":\"pt-BR\",\"@id\":\"https:\/\/machupicchubrasil.com.br\/blog\/#\/schema\/person\/image\/\",\"url\":\"https:\/\/secure.gravatar.com\/avatar\/9bca0540686e5d221169413db3a41fe316fd34a90e724cebca20d9da28ef19db?s=96&d=mm&r=g\",\"contentUrl\":\"https:\/\/secure.gravatar.com\/avatar\/9bca0540686e5d221169413db3a41fe316fd34a90e724cebca20d9da28ef19db?s=96&d=mm&r=g\",\"caption\":\"Adm- MKT\"},\"sameAs\":[\"http:\/\/bloghomologacao.machupicchubrasil.com.br\"],\"url\":\"https:\/\/machupicchubrasil.com.br\/blog\/author\/admin\/\"}]}<\/script>\n<!-- \/ Yoast SEO plugin. -->","yoast_head_json":{"title":"Depoimento 14\/08\/2013 - Machu Picchu Brasil | Pacotes para Machu Picchu no Peru","robots":{"index":"index","follow":"follow","max-snippet":"max-snippet:-1","max-image-preview":"max-image-preview:large","max-video-preview":"max-video-preview:-1"},"canonical":"https:\/\/machupicchubrasil.com.br\/blog\/depoimento-14082013\/","og_locale":"pt_BR","og_type":"article","og_title":"Depoimento 14\/08\/2013 - Machu Picchu Brasil | Pacotes para Machu Picchu no Peru","og_description":"Depoimento 14\/08\/2013 Regressamos do Peru no dia 11 de agosto, Domingo passado. Fizemos o Pacote Machu Picchu Sacred Valley com voc\u00eas. Estou lhe escrevendo para elogiar toda a equipe da Machu Picchu Brasil que nos atendeu em Cusco. Especialmente a funcion\u00e1ria Ivoska que nos deu toda a aten\u00e7\u00e3o necess\u00e1ria para tornar nossa viagem realmente especial. [&hellip;]","og_url":"https:\/\/machupicchubrasil.com.br\/blog\/depoimento-14082013\/","og_site_name":"Machu Picchu Brasil | Pacotes para Machu Picchu no Peru","article_published_time":"2013-08-16T16:24:45+00:00","og_image":[{"width":922,"height":692,"url":"https:\/\/machupicchubrasil.com.br\/blog\/wp-content\/uploads\/2013\/08\/jose-olavo.jpg","type":"image\/jpeg"}],"author":"Adm- MKT","twitter_card":"summary_large_image","twitter_misc":{"Escrito por":"Adm- MKT","Est. tempo de leitura":"1 minuto"},"schema":{"@context":"https:\/\/schema.org","@graph":[{"@type":"WebPage","@id":"https:\/\/machupicchubrasil.com.br\/blog\/depoimento-14082013\/","url":"https:\/\/machupicchubrasil.com.br\/blog\/depoimento-14082013\/","name":"Depoimento 14\/08\/2013 - Machu Picchu Brasil | Pacotes para Machu Picchu no Peru","isPartOf":{"@id":"https:\/\/machupicchubrasil.com.br\/blog\/#website"},"primaryImageOfPage":{"@id":"https:\/\/machupicchubrasil.com.br\/blog\/depoimento-14082013\/#primaryimage"},"image":{"@id":"https:\/\/machupicchubrasil.com.br\/blog\/depoimento-14082013\/#primaryimage"},"thumbnailUrl":"https:\/\/machupicchubrasil.com.br\/blog\/wp-content\/uploads\/2013\/08\/jose-olavo.jpg","datePublished":"2013-08-16T16:24:45+00:00","author":{"@id":"https:\/\/machupicchubrasil.com.br\/blog\/#\/schema\/person\/8c88e6e1a1c2554f025e5d4f94f9e88f"},"breadcrumb":{"@id":"https:\/\/machupicchubrasil.com.br\/blog\/depoimento-14082013\/#breadcrumb"},"inLanguage":"pt-BR","potentialAction":[{"@type":"ReadAction","target":["https:\/\/machupicchubrasil.com.br\/blog\/depoimento-14082013\/"]}]},{"@type":"ImageObject","inLanguage":"pt-BR","@id":"https:\/\/machupicchubrasil.com.br\/blog\/depoimento-14082013\/#primaryimage","url":"https:\/\/machupicchubrasil.com.br\/blog\/wp-content\/uploads\/2013\/08\/jose-olavo.jpg","contentUrl":"https:\/\/machupicchubrasil.com.br\/blog\/wp-content\/uploads\/2013\/08\/jose-olavo.jpg","width":922,"height":692},{"@type":"BreadcrumbList","@id":"https:\/\/machupicchubrasil.com.br\/blog\/depoimento-14082013\/#breadcrumb","itemListElement":[{"@type":"ListItem","position":1,"name":"In\u00edcio","item":"https:\/\/machupicchubrasil.com.br\/blog\/"},{"@type":"ListItem","position":2,"name":"Depoimento 14\/08\/2013"}]},{"@type":"WebSite","@id":"https:\/\/machupicchubrasil.com.br\/blog\/#website","url":"https:\/\/machupicchubrasil.com.br\/blog\/","name":"Machu Picchu Brasil | Pacotes para Machu Picchu no Peru","description":"Machu Picchu Brasil - Experi\u00eancia e Seguran\u00e7a no Peru","potentialAction":[{"@type":"SearchAction","target":{"@type":"EntryPoint","urlTemplate":"https:\/\/machupicchubrasil.com.br\/blog\/?s={search_term_string}"},"query-input":{"@type":"PropertyValueSpecification","valueRequired":true,"valueName":"search_term_string"}}],"inLanguage":"pt-BR"},{"@type":"Person","@id":"https:\/\/machupicchubrasil.com.br\/blog\/#\/schema\/person\/8c88e6e1a1c2554f025e5d4f94f9e88f","name":"Adm- MKT","image":{"@type":"ImageObject","inLanguage":"pt-BR","@id":"https:\/\/machupicchubrasil.com.br\/blog\/#\/schema\/person\/image\/","url":"https:\/\/secure.gravatar.com\/avatar\/9bca0540686e5d221169413db3a41fe316fd34a90e724cebca20d9da28ef19db?s=96&d=mm&r=g","contentUrl":"https:\/\/secure.gravatar.com\/avatar\/9bca0540686e5d221169413db3a41fe316fd34a90e724cebca20d9da28ef19db?s=96&d=mm&r=g","caption":"Adm- MKT"},"sameAs":["http:\/\/bloghomologacao.machupicchubrasil.com.br"],"url":"https:\/\/machupicchubrasil.com.br\/blog\/author\/admin\/"}]}},"_links":{"self":[{"href":"https:\/\/machupicchubrasil.com.br\/blog\/wp-json\/wp\/v2\/posts\/366","targetHints":{"allow":["GET"]}}],"collection":[{"href":"https:\/\/machupicchubrasil.com.br\/blog\/wp-json\/wp\/v2\/posts"}],"about":[{"href":"https:\/\/machupicchubrasil.com.br\/blog\/wp-json\/wp\/v2\/types\/post"}],"author":[{"embeddable":true,"href":"https:\/\/machupicchubrasil.com.br\/blog\/wp-json\/wp\/v2\/users\/1"}],"replies":[{"embeddable":true,"href":"https:\/\/machupicchubrasil.com.br\/blog\/wp-json\/wp\/v2\/comments?post=366"}],"version-history":[{"count":0,"href":"https:\/\/machupicchubrasil.com.br\/blog\/wp-json\/wp\/v2\/posts\/366\/revisions"}],"wp:featuredmedia":[{"embeddable":true,"href":"https:\/\/machupicchubrasil.com.br\/blog\/wp-json\/wp\/v2\/media\/367"}],"wp:attachment":[{"href":"https:\/\/machupicchubrasil.com.br\/blog\/wp-json\/wp\/v2\/media?parent=366"}],"wp:term":[{"taxonomy":"category","embeddable":true,"href":"https:\/\/machupicchubrasil.com.br\/blog\/wp-json\/wp\/v2\/categories?post=366"},{"taxonomy":"post_tag","embeddable":true,"href":"https:\/\/machupicchubrasil.com.br\/blog\/wp-json\/wp\/v2\/tags?post=366"}],"curies":[{"name":"wp","href":"https:\/\/api.w.org\/{rel}","templated":true}]}}