{"id":3490,"date":"2018-03-09T17:59:36","date_gmt":"2018-03-09T20:59:36","guid":{"rendered":"https:\/\/machupicchubrasil.com.br\/blog\/?p=3490"},"modified":"2018-03-09T17:59:36","modified_gmt":"2018-03-09T20:59:36","slug":"exposicao-fotografica-sobre-machu-picchu-no-parana","status":"publish","type":"post","link":"https:\/\/machupicchubrasil.com.br\/blog\/exposicao-fotografica-sobre-machu-picchu-no-parana\/","title":{"rendered":"Exposi\u00e7\u00e3o fotogr\u00e1fica sobre Machu Picchu, no Paran\u00e1"},"content":{"rendered":"<p>A exposi\u00e7\u00e3o fotogr\u00e1fica sobre Machu Picchu na Biblioteca P\u00fablica do Paran\u00e1, acontece em parceria com o Consulado do Peru em S\u00e3o Paulo e em Curitiba, desde esta quinta-feira (08\/03\/18).<\/p>\n<p><strong>\u201c<a href=\"https:\/\/machupicchubrasil.com.br\/blog\/machu-picchu-melhor-atracao-turistica-do-mundo-no-world-travel-awards-2017\/\">Machu Picchu<\/a> \u2014 A cidade perdida dos incas\u201d<\/strong>\u00a0fica em cartaz at\u00e9 4 de abril no hall do 2\u00ba andar da Biblioteca, apresenta 20 pain\u00e9is sobre a cidade que foi constru\u00edda no s\u00e9culo XV pelo Imp\u00e9rio Inca. A entrada \u00e9 gratuita.<\/p>\n<p>O texto de abertura \u00e9 assinado pelo escritor peruano Mario Vargas Llosa, ganhador do Pr\u00eamio Nobel de Literatura. Os outros 19 pain\u00e9is apresentam diferentes aspectos da constru\u00e7\u00e3o da cidade.<\/p>\n<div id=\"attachment_3497\" style=\"width: 1034px\" class=\"wp-caption aligncenter\"><a href=\"https:\/\/machupicchubrasil.com.br\/blog\/wp-content\/uploads\/2018\/03\/Machu-Picchu_3-pixlr.jpg\"><img loading=\"lazy\" decoding=\"async\" aria-describedby=\"caption-attachment-3497\" class=\"size-large wp-image-3497\" src=\"https:\/\/machupicchubrasil.com.br\/blog\/wp-content\/uploads\/2018\/03\/Machu-Picchu_3-pixlr-1024x478.jpg\" alt=\"Exposi\u00e7\u00e3o fotogr\u00e1fica sobre Machu Picchu\" width=\"1024\" height=\"478\" srcset=\"https:\/\/machupicchubrasil.com.br\/blog\/wp-content\/uploads\/2018\/03\/Machu-Picchu_3-pixlr-1024x478.jpg 1024w, https:\/\/machupicchubrasil.com.br\/blog\/wp-content\/uploads\/2018\/03\/Machu-Picchu_3-pixlr-300x140.jpg 300w, https:\/\/machupicchubrasil.com.br\/blog\/wp-content\/uploads\/2018\/03\/Machu-Picchu_3-pixlr-768x359.jpg 768w, https:\/\/machupicchubrasil.com.br\/blog\/wp-content\/uploads\/2018\/03\/Machu-Picchu_3-pixlr-1536x717.jpg 1536w, https:\/\/machupicchubrasil.com.br\/blog\/wp-content\/uploads\/2018\/03\/Machu-Picchu_3-pixlr.jpg 2000w\" sizes=\"auto, (max-width: 1024px) 100vw, 1024px\" \/><\/a><p id=\"caption-attachment-3497\" class=\"wp-caption-text\">Foto de Machu Picchu, A Cidade Perdida dos Incas<\/p><\/div>\n<p>A exposi\u00e7\u00e3o fotogr\u00e1fica sobre Machu Picchu, que conta com fotos coloridas e em preto e branco, traz cliques hist\u00f3ricos em PB de Mart\u00edn Chambi, um pioneiro peruano que retratou o povo ind\u00edgena da regi\u00e3o e, posteriormente, s\u00edtios arqueol\u00f3gicos.<\/p>\n<h5>As imagens coloridas ficam por conta de Teo Allain Chambi, neto de Mart\u00edn, e de outros fot\u00f3grafos do Peru.<\/h5>\n<p>Descoberta em 1911, a cidade hist\u00f3rica se divide em duas grandes \u00e1reas: a agr\u00edcola, formada principalmente por terra\u00e7os e recintos de armazenagem de alimentos; e a outra urbana, na qual se destaca a zona sagrada, com templos, pra\u00e7as e mausol\u00e9us reais.<\/p>\n<h5>O lugar foi elevado \u00e0 categoria de Patrim\u00f4nio Mundial da Unesco em 2010.<\/h5>\n<div id=\"attachment_3496\" style=\"width: 810px\" class=\"wp-caption aligncenter\"><a href=\"https:\/\/machupicchubrasil.com.br\/blog\/wp-content\/uploads\/2018\/03\/Machu-Picchu_7_800x500.jpg\"><img loading=\"lazy\" decoding=\"async\" aria-describedby=\"caption-attachment-3496\" class=\"size-full wp-image-3496\" src=\"https:\/\/machupicchubrasil.com.br\/blog\/wp-content\/uploads\/2018\/03\/Machu-Picchu_7_800x500.jpg\" alt=\"Exposi\u00e7\u00e3o fotogr\u00e1fica sobre Machu Picchu\" width=\"800\" height=\"500\" srcset=\"https:\/\/machupicchubrasil.com.br\/blog\/wp-content\/uploads\/2018\/03\/Machu-Picchu_7_800x500.jpg 800w, https:\/\/machupicchubrasil.com.br\/blog\/wp-content\/uploads\/2018\/03\/Machu-Picchu_7_800x500-300x188.jpg 300w, https:\/\/machupicchubrasil.com.br\/blog\/wp-content\/uploads\/2018\/03\/Machu-Picchu_7_800x500-768x480.jpg 768w\" sizes=\"auto, (max-width: 800px) 100vw, 800px\" \/><\/a><p id=\"caption-attachment-3496\" class=\"wp-caption-text\">Machu Picchu \u00e9 considerada um Patrim\u00f4nio da Humanidade, pela UNESCO.<\/p><\/div>\n<p><strong>INFORMA\u00c7\u00d5ES \u00daTEIS<\/strong><\/p>\n<p><strong>Exposi\u00e7\u00e3o:<\/strong> \u201cMachu Picchu \u2014 A cidade perdida dos incas\u201d.<\/p>\n<p><strong>Data:<\/strong> De 8 de mar\u00e7o a 4 de abril.<\/p>\n<p><strong>Local:<\/strong> Hall do 2\u00ba andar da Biblioteca P\u00fablica do Paran\u00e1 &#8211; R. C\u00e2ndido Lopes, 133, Centro \u2014 Curitiba\/PR.<\/p>\n<p><strong>&gt;&gt; Entrada Gratuita &lt;&lt;<\/strong><\/p>\n<p>Para mais informa\u00e7\u00f5es: (41) 3221-4974.<\/p>\n<p><em>Fonte: Ag\u00eancia de Not\u00edcias do Paran\u00e1<\/em><\/p>\n<div id=\"attachment_3498\" style=\"width: 810px\" class=\"wp-caption aligncenter\"><a href=\"https:\/\/machupicchubrasil.com.br\/blog\/wp-content\/uploads\/2018\/03\/Machu-Picchu-1_800x500.jpg\"><img loading=\"lazy\" decoding=\"async\" aria-describedby=\"caption-attachment-3498\" class=\"wp-image-3498 size-full\" src=\"https:\/\/machupicchubrasil.com.br\/blog\/wp-content\/uploads\/2018\/03\/Machu-Picchu-1_800x500.jpg\" alt=\"Exposi\u00e7\u00e3o fotogr\u00e1fica sobre Machu Picchu\" width=\"800\" height=\"500\" srcset=\"https:\/\/machupicchubrasil.com.br\/blog\/wp-content\/uploads\/2018\/03\/Machu-Picchu-1_800x500.jpg 800w, https:\/\/machupicchubrasil.com.br\/blog\/wp-content\/uploads\/2018\/03\/Machu-Picchu-1_800x500-300x188.jpg 300w, https:\/\/machupicchubrasil.com.br\/blog\/wp-content\/uploads\/2018\/03\/Machu-Picchu-1_800x500-768x480.jpg 768w\" sizes=\"auto, (max-width: 800px) 100vw, 800px\" \/><\/a><p id=\"caption-attachment-3498\" class=\"wp-caption-text\">Machu Picchu \u00e9 parada obrigat\u00f3ria para os turistas que visitam o Peru<\/p><\/div>\n<p><strong>Sobre Machu Picchu<\/strong><\/p>\n<p>Machu Picchu\u00a0levou o pr\u00eamio de \u201cMelhor Atra\u00e7\u00e3o Tur\u00edstica\u201d do mundo na \u00faltima edi\u00e7\u00e3o do World Travel Awards (WTA), o \u201cOscar do Turismo\u201d.<\/p>\n<p>De acordo com a PROMPER\u00da, quem viaja para o Peru sempre tem como objetivo conhecer\u00a0a cidadela, que s\u00f3 em 2016\u00a0recebeu\u00a0quase 1,5 milh\u00e3o de visitantes, e quase 100% deles avaliaram o destino positivamente, segundo o Trip Advisor.<\/p>\n<p>A\u00a0famosa cidade passou s\u00e9culos oculta nas montanhas, intacta e praticamente conservada pelo tempo. No ver\u00e3o de 1911, o arqueologista americano Hiram Bingham chegou ao Peru e a descobriu.<\/p>\n<div>Recentemente suas pol\u00edticas de visita\u00e7\u00e3o foram atualizadas para preservar o local:<\/div>\n<p>As visitas s\u00e3o divididas em Manh\u00e3 (6h \u2013 12h) e Tarde (12h \u2013 17h30), com limite de apenas 2.500 pessoas por dia.<\/p>\n<p>&nbsp;<\/p>\n<p><a href=\"https:\/\/machupicchubrasil.com.br\/blog\/wp-content\/uploads\/2018\/03\/Machu-Picchu-3_800x500.jpg\"><img loading=\"lazy\" decoding=\"async\" class=\"aligncenter size-full wp-image-3500\" src=\"https:\/\/machupicchubrasil.com.br\/blog\/wp-content\/uploads\/2018\/03\/Machu-Picchu-3_800x500.jpg\" alt=\"Exposi\u00e7\u00e3o fotogr\u00e1fica sobre Machu Picchu\" width=\"800\" height=\"500\" srcset=\"https:\/\/machupicchubrasil.com.br\/blog\/wp-content\/uploads\/2018\/03\/Machu-Picchu-3_800x500.jpg 800w, https:\/\/machupicchubrasil.com.br\/blog\/wp-content\/uploads\/2018\/03\/Machu-Picchu-3_800x500-300x188.jpg 300w, https:\/\/machupicchubrasil.com.br\/blog\/wp-content\/uploads\/2018\/03\/Machu-Picchu-3_800x500-768x480.jpg 768w\" sizes=\"auto, (max-width: 800px) 100vw, 800px\" \/><\/a><\/p>\n<p>Consulte pacotes de viagem para Machu Picchu em <a href=\"http:\/\/www.machupicchubrasil.com.br\">www.machupicchubrasil.com.br<\/a>.<\/p>\n<p><a href=\"https:\/\/machupicchubrasil.com.br\/blog\/5-motivos-para-visitar-o-peru-em-2018\/\">Confira aqui<\/a> 5 motivos para visitar o Peru em 2018!<\/p>\n","protected":false},"excerpt":{"rendered":"<p>A exposi\u00e7\u00e3o fotogr\u00e1fica sobre Machu Picchu na Biblioteca P\u00fablica do Paran\u00e1, acontece em parceria com o Consulado do Peru em S\u00e3o Paulo e em Curitiba, desde esta quinta-feira (08\/03\/18). \u201cMachu Picchu \u2014 A cidade perdida dos incas\u201d\u00a0fica em cartaz at\u00e9 4 de abril no hall do 2\u00ba andar da Biblioteca, apresenta 20 pain\u00e9is sobre a [&hellip;]<\/p>\n","protected":false},"author":1,"featured_media":3494,"comment_status":"open","ping_status":"open","sticky":false,"template":"","format":"standard","meta":{"footnotes":""},"categories":[1],"tags":[479,50,51,439,480,481,482,483,54,474,484,485,61,149],"class_list":["post-3490","post","type-post","status-publish","format-standard","has-post-thumbnail","hentry","category-uncategorized","tag-biblioteca","tag-cusco","tag-cuzco","tag-dicas-de-viagem","tag-exposicao","tag-exposicao-no-parana","tag-exposicao-sobre-machu-picchu","tag-exposicao-sobre-o-peru","tag-machu-picchu","tag-noticias","tag-noticias-sobre-machu-picchu","tag-parana","tag-peru","tag-viagem"],"acf":[],"yoast_head":"<!-- This site is optimized with the Yoast SEO plugin v24.9 - https:\/\/yoast.com\/wordpress\/plugins\/seo\/ -->\n<title>Exposi\u00e7\u00e3o fotogr\u00e1fica sobre Machu Picchu, no Paran\u00e1 - Machu Picchu Brasil | Pacotes para Machu Picchu no Peru<\/title>\n<meta name=\"description\" content=\"A Exposi\u00e7\u00e3o fotogr\u00e1fica sobre Machu Picchu, que fica em cartaz at\u00e9 4 de abril no hall do 2\u00ba andar da Biblioteca P\u00fablica do Paran\u00e1, apresenta 20 pain\u00e9is sobre a cidade que foi constru\u00edda no s\u00e9culo XV pelo Imp\u00e9rio Inca. A entrada \u00e9 gratuita.\" \/>\n<meta name=\"robots\" content=\"index, follow, max-snippet:-1, max-image-preview:large, max-video-preview:-1\" \/>\n<link rel=\"canonical\" href=\"https:\/\/machupicchubrasil.com.br\/blog\/exposicao-fotografica-sobre-machu-picchu-no-parana\/\" \/>\n<meta property=\"og:locale\" content=\"pt_BR\" \/>\n<meta property=\"og:type\" content=\"article\" \/>\n<meta property=\"og:title\" content=\"Exposi\u00e7\u00e3o fotogr\u00e1fica sobre Machu Picchu, no Paran\u00e1 - Machu Picchu Brasil | Pacotes para Machu Picchu no Peru\" \/>\n<meta property=\"og:description\" content=\"A Exposi\u00e7\u00e3o fotogr\u00e1fica sobre Machu Picchu, que fica em cartaz at\u00e9 4 de abril no hall do 2\u00ba andar da Biblioteca P\u00fablica do Paran\u00e1, apresenta 20 pain\u00e9is sobre a cidade que foi constru\u00edda no s\u00e9culo XV pelo Imp\u00e9rio Inca. A entrada \u00e9 gratuita.\" \/>\n<meta property=\"og:url\" content=\"https:\/\/machupicchubrasil.com.br\/blog\/exposicao-fotografica-sobre-machu-picchu-no-parana\/\" \/>\n<meta property=\"og:site_name\" content=\"Machu Picchu Brasil | Pacotes para Machu Picchu no Peru\" \/>\n<meta property=\"article:published_time\" content=\"2018-03-09T20:59:36+00:00\" \/>\n<meta property=\"og:image\" content=\"https:\/\/machupicchubrasil.com.br\/blog\/wp-content\/uploads\/2018\/03\/Machu-Picchu____-pixlr.jpg\" \/>\n\t<meta property=\"og:image:width\" content=\"2000\" \/>\n\t<meta property=\"og:image:height\" content=\"846\" \/>\n\t<meta property=\"og:image:type\" content=\"image\/jpeg\" \/>\n<meta name=\"author\" content=\"Adm- MKT\" \/>\n<meta name=\"twitter:card\" content=\"summary_large_image\" \/>\n<meta name=\"twitter:label1\" content=\"Escrito por\" \/>\n\t<meta name=\"twitter:data1\" content=\"Adm- MKT\" \/>\n\t<meta name=\"twitter:label2\" content=\"Est. tempo de leitura\" \/>\n\t<meta name=\"twitter:data2\" content=\"2 minutos\" \/>\n<script type=\"application\/ld+json\" class=\"yoast-schema-graph\">{\"@context\":\"https:\/\/schema.org\",\"@graph\":[{\"@type\":\"WebPage\",\"@id\":\"https:\/\/machupicchubrasil.com.br\/blog\/exposicao-fotografica-sobre-machu-picchu-no-parana\/\",\"url\":\"https:\/\/machupicchubrasil.com.br\/blog\/exposicao-fotografica-sobre-machu-picchu-no-parana\/\",\"name\":\"Exposi\u00e7\u00e3o fotogr\u00e1fica sobre Machu Picchu, no Paran\u00e1 - Machu Picchu Brasil | Pacotes para Machu Picchu no Peru\",\"isPartOf\":{\"@id\":\"https:\/\/machupicchubrasil.com.br\/blog\/#website\"},\"primaryImageOfPage\":{\"@id\":\"https:\/\/machupicchubrasil.com.br\/blog\/exposicao-fotografica-sobre-machu-picchu-no-parana\/#primaryimage\"},\"image\":{\"@id\":\"https:\/\/machupicchubrasil.com.br\/blog\/exposicao-fotografica-sobre-machu-picchu-no-parana\/#primaryimage\"},\"thumbnailUrl\":\"https:\/\/machupicchubrasil.com.br\/blog\/wp-content\/uploads\/2018\/03\/Machu-Picchu____-pixlr.jpg\",\"datePublished\":\"2018-03-09T20:59:36+00:00\",\"author\":{\"@id\":\"https:\/\/machupicchubrasil.com.br\/blog\/#\/schema\/person\/8c88e6e1a1c2554f025e5d4f94f9e88f\"},\"description\":\"A Exposi\u00e7\u00e3o fotogr\u00e1fica sobre Machu Picchu, que fica em cartaz at\u00e9 4 de abril no hall do 2\u00ba andar da Biblioteca P\u00fablica do Paran\u00e1, apresenta 20 pain\u00e9is sobre a cidade que foi constru\u00edda no s\u00e9culo XV pelo Imp\u00e9rio Inca. A entrada \u00e9 gratuita.\",\"breadcrumb\":{\"@id\":\"https:\/\/machupicchubrasil.com.br\/blog\/exposicao-fotografica-sobre-machu-picchu-no-parana\/#breadcrumb\"},\"inLanguage\":\"pt-BR\",\"potentialAction\":[{\"@type\":\"ReadAction\",\"target\":[\"https:\/\/machupicchubrasil.com.br\/blog\/exposicao-fotografica-sobre-machu-picchu-no-parana\/\"]}]},{\"@type\":\"ImageObject\",\"inLanguage\":\"pt-BR\",\"@id\":\"https:\/\/machupicchubrasil.com.br\/blog\/exposicao-fotografica-sobre-machu-picchu-no-parana\/#primaryimage\",\"url\":\"https:\/\/machupicchubrasil.com.br\/blog\/wp-content\/uploads\/2018\/03\/Machu-Picchu____-pixlr.jpg\",\"contentUrl\":\"https:\/\/machupicchubrasil.com.br\/blog\/wp-content\/uploads\/2018\/03\/Machu-Picchu____-pixlr.jpg\",\"width\":2000,\"height\":846,\"caption\":\"Machu Picchu, a cidade perdida dos incas\"},{\"@type\":\"BreadcrumbList\",\"@id\":\"https:\/\/machupicchubrasil.com.br\/blog\/exposicao-fotografica-sobre-machu-picchu-no-parana\/#breadcrumb\",\"itemListElement\":[{\"@type\":\"ListItem\",\"position\":1,\"name\":\"In\u00edcio\",\"item\":\"https:\/\/machupicchubrasil.com.br\/blog\/\"},{\"@type\":\"ListItem\",\"position\":2,\"name\":\"Exposi\u00e7\u00e3o fotogr\u00e1fica sobre Machu Picchu, no Paran\u00e1\"}]},{\"@type\":\"WebSite\",\"@id\":\"https:\/\/machupicchubrasil.com.br\/blog\/#website\",\"url\":\"https:\/\/machupicchubrasil.com.br\/blog\/\",\"name\":\"Machu Picchu Brasil | Pacotes para Machu Picchu no Peru\",\"description\":\"Machu Picchu Brasil - Experi\u00eancia e Seguran\u00e7a no Peru\",\"potentialAction\":[{\"@type\":\"SearchAction\",\"target\":{\"@type\":\"EntryPoint\",\"urlTemplate\":\"https:\/\/machupicchubrasil.com.br\/blog\/?s={search_term_string}\"},\"query-input\":{\"@type\":\"PropertyValueSpecification\",\"valueRequired\":true,\"valueName\":\"search_term_string\"}}],\"inLanguage\":\"pt-BR\"},{\"@type\":\"Person\",\"@id\":\"https:\/\/machupicchubrasil.com.br\/blog\/#\/schema\/person\/8c88e6e1a1c2554f025e5d4f94f9e88f\",\"name\":\"Adm- MKT\",\"image\":{\"@type\":\"ImageObject\",\"inLanguage\":\"pt-BR\",\"@id\":\"https:\/\/machupicchubrasil.com.br\/blog\/#\/schema\/person\/image\/\",\"url\":\"https:\/\/secure.gravatar.com\/avatar\/9bca0540686e5d221169413db3a41fe316fd34a90e724cebca20d9da28ef19db?s=96&d=mm&r=g\",\"contentUrl\":\"https:\/\/secure.gravatar.com\/avatar\/9bca0540686e5d221169413db3a41fe316fd34a90e724cebca20d9da28ef19db?s=96&d=mm&r=g\",\"caption\":\"Adm- MKT\"},\"sameAs\":[\"http:\/\/bloghomologacao.machupicchubrasil.com.br\"],\"url\":\"https:\/\/machupicchubrasil.com.br\/blog\/author\/admin\/\"}]}<\/script>\n<!-- \/ Yoast SEO plugin. -->","yoast_head_json":{"title":"Exposi\u00e7\u00e3o fotogr\u00e1fica sobre Machu Picchu, no Paran\u00e1 - Machu Picchu Brasil | Pacotes para Machu Picchu no Peru","description":"A Exposi\u00e7\u00e3o fotogr\u00e1fica sobre Machu Picchu, que fica em cartaz at\u00e9 4 de abril no hall do 2\u00ba andar da Biblioteca P\u00fablica do Paran\u00e1, apresenta 20 pain\u00e9is sobre a cidade que foi constru\u00edda no s\u00e9culo XV pelo Imp\u00e9rio Inca. A entrada \u00e9 gratuita.","robots":{"index":"index","follow":"follow","max-snippet":"max-snippet:-1","max-image-preview":"max-image-preview:large","max-video-preview":"max-video-preview:-1"},"canonical":"https:\/\/machupicchubrasil.com.br\/blog\/exposicao-fotografica-sobre-machu-picchu-no-parana\/","og_locale":"pt_BR","og_type":"article","og_title":"Exposi\u00e7\u00e3o fotogr\u00e1fica sobre Machu Picchu, no Paran\u00e1 - Machu Picchu Brasil | Pacotes para Machu Picchu no Peru","og_description":"A Exposi\u00e7\u00e3o fotogr\u00e1fica sobre Machu Picchu, que fica em cartaz at\u00e9 4 de abril no hall do 2\u00ba andar da Biblioteca P\u00fablica do Paran\u00e1, apresenta 20 pain\u00e9is sobre a cidade que foi constru\u00edda no s\u00e9culo XV pelo Imp\u00e9rio Inca. A entrada \u00e9 gratuita.","og_url":"https:\/\/machupicchubrasil.com.br\/blog\/exposicao-fotografica-sobre-machu-picchu-no-parana\/","og_site_name":"Machu Picchu Brasil | Pacotes para Machu Picchu no Peru","article_published_time":"2018-03-09T20:59:36+00:00","og_image":[{"width":2000,"height":846,"url":"https:\/\/machupicchubrasil.com.br\/blog\/wp-content\/uploads\/2018\/03\/Machu-Picchu____-pixlr.jpg","type":"image\/jpeg"}],"author":"Adm- MKT","twitter_card":"summary_large_image","twitter_misc":{"Escrito por":"Adm- MKT","Est. tempo de leitura":"2 minutos"},"schema":{"@context":"https:\/\/schema.org","@graph":[{"@type":"WebPage","@id":"https:\/\/machupicchubrasil.com.br\/blog\/exposicao-fotografica-sobre-machu-picchu-no-parana\/","url":"https:\/\/machupicchubrasil.com.br\/blog\/exposicao-fotografica-sobre-machu-picchu-no-parana\/","name":"Exposi\u00e7\u00e3o fotogr\u00e1fica sobre Machu Picchu, no Paran\u00e1 - Machu Picchu Brasil | Pacotes para Machu Picchu no Peru","isPartOf":{"@id":"https:\/\/machupicchubrasil.com.br\/blog\/#website"},"primaryImageOfPage":{"@id":"https:\/\/machupicchubrasil.com.br\/blog\/exposicao-fotografica-sobre-machu-picchu-no-parana\/#primaryimage"},"image":{"@id":"https:\/\/machupicchubrasil.com.br\/blog\/exposicao-fotografica-sobre-machu-picchu-no-parana\/#primaryimage"},"thumbnailUrl":"https:\/\/machupicchubrasil.com.br\/blog\/wp-content\/uploads\/2018\/03\/Machu-Picchu____-pixlr.jpg","datePublished":"2018-03-09T20:59:36+00:00","author":{"@id":"https:\/\/machupicchubrasil.com.br\/blog\/#\/schema\/person\/8c88e6e1a1c2554f025e5d4f94f9e88f"},"description":"A Exposi\u00e7\u00e3o fotogr\u00e1fica sobre Machu Picchu, que fica em cartaz at\u00e9 4 de abril no hall do 2\u00ba andar da Biblioteca P\u00fablica do Paran\u00e1, apresenta 20 pain\u00e9is sobre a cidade que foi constru\u00edda no s\u00e9culo XV pelo Imp\u00e9rio Inca. A entrada \u00e9 gratuita.","breadcrumb":{"@id":"https:\/\/machupicchubrasil.com.br\/blog\/exposicao-fotografica-sobre-machu-picchu-no-parana\/#breadcrumb"},"inLanguage":"pt-BR","potentialAction":[{"@type":"ReadAction","target":["https:\/\/machupicchubrasil.com.br\/blog\/exposicao-fotografica-sobre-machu-picchu-no-parana\/"]}]},{"@type":"ImageObject","inLanguage":"pt-BR","@id":"https:\/\/machupicchubrasil.com.br\/blog\/exposicao-fotografica-sobre-machu-picchu-no-parana\/#primaryimage","url":"https:\/\/machupicchubrasil.com.br\/blog\/wp-content\/uploads\/2018\/03\/Machu-Picchu____-pixlr.jpg","contentUrl":"https:\/\/machupicchubrasil.com.br\/blog\/wp-content\/uploads\/2018\/03\/Machu-Picchu____-pixlr.jpg","width":2000,"height":846,"caption":"Machu Picchu, a cidade perdida dos incas"},{"@type":"BreadcrumbList","@id":"https:\/\/machupicchubrasil.com.br\/blog\/exposicao-fotografica-sobre-machu-picchu-no-parana\/#breadcrumb","itemListElement":[{"@type":"ListItem","position":1,"name":"In\u00edcio","item":"https:\/\/machupicchubrasil.com.br\/blog\/"},{"@type":"ListItem","position":2,"name":"Exposi\u00e7\u00e3o fotogr\u00e1fica sobre Machu Picchu, no Paran\u00e1"}]},{"@type":"WebSite","@id":"https:\/\/machupicchubrasil.com.br\/blog\/#website","url":"https:\/\/machupicchubrasil.com.br\/blog\/","name":"Machu Picchu Brasil | Pacotes para Machu Picchu no Peru","description":"Machu Picchu Brasil - Experi\u00eancia e Seguran\u00e7a no Peru","potentialAction":[{"@type":"SearchAction","target":{"@type":"EntryPoint","urlTemplate":"https:\/\/machupicchubrasil.com.br\/blog\/?s={search_term_string}"},"query-input":{"@type":"PropertyValueSpecification","valueRequired":true,"valueName":"search_term_string"}}],"inLanguage":"pt-BR"},{"@type":"Person","@id":"https:\/\/machupicchubrasil.com.br\/blog\/#\/schema\/person\/8c88e6e1a1c2554f025e5d4f94f9e88f","name":"Adm- MKT","image":{"@type":"ImageObject","inLanguage":"pt-BR","@id":"https:\/\/machupicchubrasil.com.br\/blog\/#\/schema\/person\/image\/","url":"https:\/\/secure.gravatar.com\/avatar\/9bca0540686e5d221169413db3a41fe316fd34a90e724cebca20d9da28ef19db?s=96&d=mm&r=g","contentUrl":"https:\/\/secure.gravatar.com\/avatar\/9bca0540686e5d221169413db3a41fe316fd34a90e724cebca20d9da28ef19db?s=96&d=mm&r=g","caption":"Adm- MKT"},"sameAs":["http:\/\/bloghomologacao.machupicchubrasil.com.br"],"url":"https:\/\/machupicchubrasil.com.br\/blog\/author\/admin\/"}]}},"_links":{"self":[{"href":"https:\/\/machupicchubrasil.com.br\/blog\/wp-json\/wp\/v2\/posts\/3490","targetHints":{"allow":["GET"]}}],"collection":[{"href":"https:\/\/machupicchubrasil.com.br\/blog\/wp-json\/wp\/v2\/posts"}],"about":[{"href":"https:\/\/machupicchubrasil.com.br\/blog\/wp-json\/wp\/v2\/types\/post"}],"author":[{"embeddable":true,"href":"https:\/\/machupicchubrasil.com.br\/blog\/wp-json\/wp\/v2\/users\/1"}],"replies":[{"embeddable":true,"href":"https:\/\/machupicchubrasil.com.br\/blog\/wp-json\/wp\/v2\/comments?post=3490"}],"version-history":[{"count":0,"href":"https:\/\/machupicchubrasil.com.br\/blog\/wp-json\/wp\/v2\/posts\/3490\/revisions"}],"wp:featuredmedia":[{"embeddable":true,"href":"https:\/\/machupicchubrasil.com.br\/blog\/wp-json\/wp\/v2\/media\/3494"}],"wp:attachment":[{"href":"https:\/\/machupicchubrasil.com.br\/blog\/wp-json\/wp\/v2\/media?parent=3490"}],"wp:term":[{"taxonomy":"category","embeddable":true,"href":"https:\/\/machupicchubrasil.com.br\/blog\/wp-json\/wp\/v2\/categories?post=3490"},{"taxonomy":"post_tag","embeddable":true,"href":"https:\/\/machupicchubrasil.com.br\/blog\/wp-json\/wp\/v2\/tags?post=3490"}],"curies":[{"name":"wp","href":"https:\/\/api.w.org\/{rel}","templated":true}]}}