{"id":2813,"date":"2017-06-28T15:15:30","date_gmt":"2017-06-28T18:15:30","guid":{"rendered":"https:\/\/machupicchubrasil.com.br\/blog\/?p=2813"},"modified":"2017-06-28T15:15:30","modified_gmt":"2017-06-28T18:15:30","slug":"latam-politica-de-bagagem","status":"publish","type":"post","link":"https:\/\/machupicchubrasil.com.br\/blog\/latam-politica-de-bagagem\/","title":{"rendered":"LATAM &#8211; Pol\u00edtica de Bagagem"},"content":{"rendered":"<p>Com a nova\u00a0pol\u00edtica de bagagens aprovada pela Anac\u00a0(Associa\u00e7\u00e3o Nacional de Avia\u00e7\u00e3o Civil). A Latam fez alguns ajustes nas franquias de bagagem e na cobran\u00e7a de excesso.<\/p>\n<p>A empresa informa que a adapta\u00e7\u00e3o dos procedimentos a implementa\u00e7\u00e3o da cobran\u00e7a da primeira bagagem ocorrer\u00e1 de forma gradual e por fases.<\/p>\n<p>A Latam tamb\u00e9m informa em seu site que \u00e9 uma tend\u00eancia mundial, e que a empresa esta conectada com o novo conceito, onde o passageiro viaja pagando e escolhendo os servi\u00e7os que deseja utilizar.<\/p>\n<p><a href=\"https:\/\/www.latam.com\/pt_br\/comunicacao\/sua-bagagem\/novas-regras\/\" rel=\"attachment wp-att-2807\"><img loading=\"lazy\" decoding=\"async\" class=\"alignnone size-large wp-image-2807\" src=\"https:\/\/machupicchubrasil.com.br\/blog\/wp-content\/uploads\/2017\/06\/latam-1024x724.png\" alt=\"latam\" width=\"1024\" height=\"724\" srcset=\"https:\/\/machupicchubrasil.com.br\/blog\/wp-content\/uploads\/2017\/06\/latam-1024x724.png 1024w, https:\/\/machupicchubrasil.com.br\/blog\/wp-content\/uploads\/2017\/06\/latam-300x212.png 300w, https:\/\/machupicchubrasil.com.br\/blog\/wp-content\/uploads\/2017\/06\/latam-768x543.png 768w, https:\/\/machupicchubrasil.com.br\/blog\/wp-content\/uploads\/2017\/06\/latam.png 1200w\" sizes=\"auto, (max-width: 1024px) 100vw, 1024px\" \/><\/a><\/p>\n<h3>Conte\u00fado: <a href=\"https:\/\/www.latam.com\/pt_br\/comunicacao\/sua-bagagem\/novas-regras\/\">Latam<\/a><br \/>\nVeja aqui os documentos originais da Latam:<br \/>\n1 &#8211;\u00a0<a href=\"https:\/\/machupicchubrasil.com.br\/blog\/wp-content\/uploads\/2017\/06\/Novidades-de-bagagem-e-perfis-de-tarifa.pdf\" target=\"_blank\" rel=\"noopener\">Novidades de bagagem e perfis de tarifa<br \/>\n<\/a>2 &#8211;\u00a0<a href=\"https:\/\/machupicchubrasil.com.br\/blog\/wp-content\/uploads\/2017\/06\/Novas-Regras-de-Bagagem.pdf\" target=\"_blank\" rel=\"attachment noopener wp-att-2799\">Novas Regras de Bagagem<\/a><\/h3>\n<h3><strong>Conforme o documento: Novidades de bagagem e perfis de tarifas<\/strong><\/h3>\n<div class=\"page\" title=\"Page 1\">\n<div class=\"section\">\n<div class=\"layoutArea\">\n<div class=\"column\">\n<p>As mudanc\u0327as sera\u0303o feitas de forma gradual e consumidor tera\u0301 opc\u0327o\u0303es de escolha ao comprar sua passagem<\/p>\n<p>Colocaremos em pr\u00e1tica nos pr\u00f3ximos dias nossas novas regras de bagagem para voos nacionais e internacionais. Em 18 de maio, mudam as regras relacionadas \u00e0 franquia permitida por passageiro e ao pagamento pelo excesso. A previs\u00e3o \u00e9 que tamb\u00e9m seja iniciada a cobran\u00e7a da primeira bagagem em voos\u00a0<span class=\"s1\">dom\u00e9sticos e a venda de bilhetes por meio de novos perfis de tarifas nos pr\u00f3ximos 50 dias. <\/span><\/p>\n<p class=\"p1\"><span class=\"s1\">As mudan\u00e7as foram anunciadas em 6 de mar\u00e7o e aguard\u00e1vamos a libera\u00e7\u00e3o judicial das novas normas de bagagem da Ag\u00eancia Nacional da Avia\u00e7\u00e3o Civil (ANAC) para serem implementadas. As novas regras para franquia de bagagem e excesso que ser\u00e3o v\u00e1lidas a partir do dia 18 de maio j\u00e1 foram comunicadas e est\u00e3o detalhadas na LATAM Trade, em <\/span><span class=\"s2\">Nova Regras de Bagagem<\/span><span class=\"s1\">.<\/span><\/p>\n<p class=\"p1\"><span class=\"s1\">No caso da cobran\u00e7a pelo despacho do primeiro volume em voos dom\u00e9sticos, o valor foi revisado e, quando implantado, ser\u00e1 de R$ 30,00 para compras antecipadas. <\/span><\/p>\n<p class=\"p1\"><span class=\"s1\">\u201cA partir desta mudan\u00e7a, o cliente que viajar sem despachar a mala em voos dentro do Brasil vai pagar tarifas mais acess\u00edveis. A LATAM e suas filiais projetam reduzir em at\u00e9 20% as tarifas mais baratas dispon\u00edveis para seus voos dom\u00e9sticos at\u00e9 2020, consolidando sua import\u00e2ncia para o desenvolvimento do turismo na regi\u00e3o e contribuindo para o crescimento do tr\u00e1fego a\u00e9reo. Nossa meta \u00e9 aumentar em 50% nossos passageiros transportados at\u00e9 2020\u201d, afirma Jerome Cadier, presidente da LATAM Airlines Brasil. <\/span><\/p>\n<p class=\"p1\"><span class=\"s1\">Todas as altera\u00e7\u00f5es ser\u00e3o feitas de forma gradual para ajudar o cliente a se adaptar a esta nova din\u00e2mica e garantir excel\u00eancia na execu\u00e7\u00e3o do novo processo. \u201cQueremos assegurar que o nosso cliente continue tendo a melhor experi\u00eancia de viagem durante toda a sua jornada e daremos op\u00e7\u00f5es para que ele escolha a tarifa que achar mais adequada, com os servi\u00e7os que vai realmente utilizar\u201d, explica Cadier. <\/span><\/p>\n<p class=\"p1\"><span class=\"s1\">Novos perfis de tarifas<\/span><\/p>\n<p class=\"p1\"><span class=\"s1\">Ser\u00e3o oferecidos quatro op\u00e7\u00f5es de perfil de tarifas: Promo, Light, Plus e Top. As faixas de pre\u00e7o de cada um ir\u00e3o variar de acordo com os pacotes de benef\u00edcios que oferecem, como a possibilidade de ac\u00famulo de pontos no programa LATAM Fidelidade, reserva antecipada de assento, Espa\u00e7o+ e de remarca\u00e7\u00e3o ou reembolso do bilhete. Isso dar\u00e1 mais flexibilidade para o consumidor, que poder\u00e1 escolher como e pelo que prefere pagar. <\/span><\/p>\n<p class=\"p1\"><span class=\"s1\">No momento da compra, o consumidor tamb\u00e9m poder\u00e1 optar por diferentes perfis de tarifas por um valor fixo, selecionando aquele que mais se adequa \u00e0 sua necessidade. <\/span><\/p>\n<p class=\"p1\"><span class=\"s1\">Assim, um passageiro que queira viajar sem bagagem e sem a necessidade de remarca\u00e7\u00e3o, mas ainda acumular pontos no programa LATAM Fidelidade, por exemplo, poder\u00e1 economizar R$ 40,00 ao selecionar a tarifa Light em compara\u00e7\u00e3o com a tarifa Plus. <\/span><\/p>\n<p class=\"p1\"><span class=\"s1\">Al\u00e9m disso, caso o cliente escolha um perfil de tarifa que n\u00e3o possua bagagem, ele poder\u00e1 compr\u00e1-la separadamente a qualquer momento. <\/span><\/p>\n<p class=\"p1\"><span class=\"s1\">A tabela a seguir mostra quais ser\u00e3o os perfis de tarifas da LATAM e qual o pacote de benef\u00edcios de cada um deles.<\/span><\/p>\n<p class=\"p1\"><img loading=\"lazy\" decoding=\"async\" class=\"alignnone size-large wp-image-2796\" src=\"https:\/\/machupicchubrasil.com.br\/blog\/wp-content\/uploads\/2017\/06\/Captura-de-tela-2017-06-28-14.03.56-1024x395.png\" alt=\"novas regras de bagagem\" width=\"1024\" height=\"395\" srcset=\"https:\/\/machupicchubrasil.com.br\/blog\/wp-content\/uploads\/2017\/06\/Captura-de-tela-2017-06-28-14.03.56-1024x395.png 1024w, https:\/\/machupicchubrasil.com.br\/blog\/wp-content\/uploads\/2017\/06\/Captura-de-tela-2017-06-28-14.03.56-300x116.png 300w, https:\/\/machupicchubrasil.com.br\/blog\/wp-content\/uploads\/2017\/06\/Captura-de-tela-2017-06-28-14.03.56-768x296.png 768w, https:\/\/machupicchubrasil.com.br\/blog\/wp-content\/uploads\/2017\/06\/Captura-de-tela-2017-06-28-14.03.56.png 1149w\" sizes=\"auto, (max-width: 1024px) 100vw, 1024px\" \/><\/p>\n<p class=\"p1\" style=\"text-align: center;\"><a href=\"https:\/\/machupicchubrasil.com.br\/blog\/nova-politica-de-bagagem-latam\/captura-de-tela-2017-06-28-14-13-19\/\" rel=\"attachment wp-att-2800\"><img loading=\"lazy\" decoding=\"async\" class=\"alignnone size-full wp-image-2800\" src=\"https:\/\/machupicchubrasil.com.br\/blog\/wp-content\/uploads\/2017\/06\/Captura-de-tela-2017-06-28-14.13.19.png\" alt=\"nova regra de bagagem\" width=\"468\" height=\"490\" srcset=\"https:\/\/machupicchubrasil.com.br\/blog\/wp-content\/uploads\/2017\/06\/Captura-de-tela-2017-06-28-14.13.19.png 468w, https:\/\/machupicchubrasil.com.br\/blog\/wp-content\/uploads\/2017\/06\/Captura-de-tela-2017-06-28-14.13.19-287x300.png 287w\" sizes=\"auto, (max-width: 468px) 100vw, 468px\" \/><\/a><\/p>\n<p class=\"p1\">Conte\u00fado: <a href=\"https:\/\/www.latam.com\/pt_br\/comunicacao\/sua-bagagem\/novas-regras\/\">Latam<\/a><br \/>\nVeja aqui o documentos originais da Latam:<br \/>\n1 &#8211;\u00a0<a href=\"https:\/\/machupicchubrasil.com.br\/blog\/wp-content\/uploads\/2017\/06\/Novidades-de-bagagem-e-perfis-de-tarifa.pdf\" target=\"_blank\" rel=\"noopener\">Novidades de bagagem e perfis de tarifa<br \/>\n<\/a>2 &#8211;\u00a0<a href=\"https:\/\/machupicchubrasil.com.br\/blog\/wp-content\/uploads\/2017\/06\/Novas-Regras-de-Bagagem.pdf\" target=\"_blank\" rel=\"attachment noopener wp-att-2799\">Novas Regras de Bagagem<\/a><\/p>\n<\/div>\n<\/div>\n<\/div>\n<\/div>\n<p><a href=\"http:\/\/www.copyscape.com\/online-copyright-protection\/\"><img loading=\"lazy\" decoding=\"async\" class=\"aligncenter\" title=\"Protected by Copyscape Plagiarism Checker - Do not copy content from this page.\" src=\"http:\/\/banners.copyscape.com\/images\/cs-wh-3d-234x16.gif\" alt=\"Protected by Copyscape Online Copyright Checker\" width=\"234\" height=\"16\" border=\"0\" \/><\/a><\/p>\n<p class=\"p1\">Conhe\u00e7a nosso artigo e infogr\u00e1fico: <a href=\"https:\/\/machupicchubrasil.com.br\/blog\/o-que-levar-na-sua-viagem-ao-peru\/\">O que levar na sua viagem ao Peru<\/a><\/p>\n<p class=\"p1\"><a href=\"https:\/\/machupicchubrasil.com.br\/blog\/o-que-levar-na-sua-viagem-ao-peru\/\"><img loading=\"lazy\" decoding=\"async\" class=\"alignnone wp-image-2363 size-large aligncenter\" src=\"https:\/\/machupicchubrasil.com.br\/blog\/wp-content\/uploads\/2015\/07\/infografico-machu-picchu-brasil-o-que-levar-493x1024.jpg\" alt=\"o que levar para o peru\" width=\"493\" height=\"1024\" srcset=\"https:\/\/machupicchubrasil.com.br\/blog\/wp-content\/uploads\/2015\/07\/infografico-machu-picchu-brasil-o-que-levar-493x1024.jpg 493w, https:\/\/machupicchubrasil.com.br\/blog\/wp-content\/uploads\/2015\/07\/infografico-machu-picchu-brasil-o-que-levar-144x300.jpg 144w, https:\/\/machupicchubrasil.com.br\/blog\/wp-content\/uploads\/2015\/07\/infografico-machu-picchu-brasil-o-que-levar.jpg 600w\" sizes=\"auto, (max-width: 493px) 100vw, 493px\" \/><\/a><\/p>\n<p>Se esse infogr\u00e1fico ajudou voc\u00ea, por favor,\u00a0<strong>compartilhe-o<\/strong>\u00a0com seus amigos. Desse modo, todos ter\u00e3o acesso as estas informa\u00e7\u00f5es importantes sobe o destino Peru.<\/p>\n<p>Aproveite tamb\u00e9m para se inscrever em nossa\u00a0<strong>lista de email<\/strong>\u00a0e seja o primeiro a receber novos artigos e infogr\u00e1ficos como este.<\/p>\n<p>Saiba que o maior perigo de se conhecer o Peru \u00e9 se apaixonar pelo pa\u00eds e querer ficar mais e mais no lugar. O que est\u00e1 esperando para visit\u00e1-lo e se surpreender com a beleza e com os encantos peruanos? Na volta, conte para gente o que achou da experi\u00eancia nos coment\u00e1rios!<\/p>\n<p>Texto :\u00a0<a href=\"https:\/\/plus.google.com\/+MachuPicchuBrasil\" rel=\"publisher\">Machu Picchu Brasil no Google+<\/a><\/p>\n<p><a title=\"Pacote Lima + Machu Picchu\" href=\"http:\/\/www.machupicchubrasil.com.br\/pacotes_\"><img loading=\"lazy\" decoding=\"async\" title=\"Como organizar as suas malas para viajar ao Peru\" src=\"https:\/\/machupicchubrasil.com.br\/blog\/wp-content\/uploads\/2014\/07\/BANNER-BLOG-011.jpg\" alt=\"Como organizar as suas malas para viajar ao Peru\" width=\"620\" height=\"227\" \/><\/a><\/p>\n<p>&nbsp;<\/p>\n","protected":false},"excerpt":{"rendered":"<p>Com a nova\u00a0pol\u00edtica de bagagens aprovada pela Anac\u00a0(Associa\u00e7\u00e3o Nacional de Avia\u00e7\u00e3o Civil). A Latam fez alguns ajustes nas franquias de bagagem e na cobran\u00e7a de excesso. A empresa informa que a adapta\u00e7\u00e3o dos procedimentos a implementa\u00e7\u00e3o da cobran\u00e7a da primeira bagagem ocorrer\u00e1 de forma gradual e por fases. A Latam tamb\u00e9m informa em seu site [&hellip;]<\/p>\n","protected":false},"author":1,"featured_media":2801,"comment_status":"open","ping_status":"open","sticky":false,"template":"","format":"standard","meta":{"footnotes":""},"categories":[1],"tags":[],"class_list":["post-2813","post","type-post","status-publish","format-standard","has-post-thumbnail","hentry","category-uncategorized"],"acf":[],"yoast_head":"<!-- This site is optimized with the Yoast SEO plugin v24.9 - https:\/\/yoast.com\/wordpress\/plugins\/seo\/ -->\n<title>LATAM - Pol\u00edtica de Bagagem - Machu Picchu Brasil | Pacotes para Machu Picchu no Peru<\/title>\n<meta name=\"description\" content=\"Veja como a nova pol\u00edtica de bagagem da LATAM pode mudar a forma de voc\u00ea arrumar suas malas para sua Viagem a Machu Picchu, Veja as novas regras aqui.\" \/>\n<meta name=\"robots\" content=\"index, follow, max-snippet:-1, max-image-preview:large, max-video-preview:-1\" \/>\n<link rel=\"canonical\" href=\"https:\/\/machupicchubrasil.com.br\/blog\/latam-politica-de-bagagem\/\" \/>\n<meta property=\"og:locale\" content=\"pt_BR\" \/>\n<meta property=\"og:type\" content=\"article\" \/>\n<meta property=\"og:title\" content=\"LATAM - Pol\u00edtica de Bagagem - Machu Picchu Brasil | Pacotes para Machu Picchu no Peru\" \/>\n<meta property=\"og:description\" content=\"Veja como a nova pol\u00edtica de bagagem da LATAM pode mudar a forma de voc\u00ea arrumar suas malas para sua Viagem a Machu Picchu, Veja as novas regras aqui.\" \/>\n<meta property=\"og:url\" content=\"https:\/\/machupicchubrasil.com.br\/blog\/latam-politica-de-bagagem\/\" \/>\n<meta property=\"og:site_name\" content=\"Machu Picchu Brasil | Pacotes para Machu Picchu no Peru\" \/>\n<meta property=\"article:published_time\" content=\"2017-06-28T18:15:30+00:00\" \/>\n<meta property=\"og:image\" content=\"https:\/\/machupicchubrasil.com.br\/blog\/wp-content\/uploads\/2017\/06\/latam.jpg\" \/>\n\t<meta property=\"og:image:width\" content=\"1200\" \/>\n\t<meta property=\"og:image:height\" content=\"848\" \/>\n\t<meta property=\"og:image:type\" content=\"image\/jpeg\" \/>\n<meta name=\"author\" content=\"Adm- MKT\" \/>\n<meta name=\"twitter:card\" content=\"summary_large_image\" \/>\n<meta name=\"twitter:label1\" content=\"Escrito por\" \/>\n\t<meta name=\"twitter:data1\" content=\"Adm- MKT\" \/>\n\t<meta name=\"twitter:label2\" content=\"Est. tempo de leitura\" \/>\n\t<meta name=\"twitter:data2\" content=\"4 minutos\" \/>\n<script type=\"application\/ld+json\" class=\"yoast-schema-graph\">{\"@context\":\"https:\/\/schema.org\",\"@graph\":[{\"@type\":\"WebPage\",\"@id\":\"https:\/\/machupicchubrasil.com.br\/blog\/latam-politica-de-bagagem\/\",\"url\":\"https:\/\/machupicchubrasil.com.br\/blog\/latam-politica-de-bagagem\/\",\"name\":\"LATAM - Pol\u00edtica de Bagagem - Machu Picchu Brasil | Pacotes para Machu Picchu no Peru\",\"isPartOf\":{\"@id\":\"https:\/\/machupicchubrasil.com.br\/blog\/#website\"},\"primaryImageOfPage\":{\"@id\":\"https:\/\/machupicchubrasil.com.br\/blog\/latam-politica-de-bagagem\/#primaryimage\"},\"image\":{\"@id\":\"https:\/\/machupicchubrasil.com.br\/blog\/latam-politica-de-bagagem\/#primaryimage\"},\"thumbnailUrl\":\"https:\/\/machupicchubrasil.com.br\/blog\/wp-content\/uploads\/2017\/06\/latam.jpg\",\"datePublished\":\"2017-06-28T18:15:30+00:00\",\"author\":{\"@id\":\"https:\/\/machupicchubrasil.com.br\/blog\/#\/schema\/person\/8c88e6e1a1c2554f025e5d4f94f9e88f\"},\"description\":\"Veja como a nova pol\u00edtica de bagagem da LATAM pode mudar a forma de voc\u00ea arrumar suas malas para sua Viagem a Machu Picchu, Veja as novas regras aqui.\",\"breadcrumb\":{\"@id\":\"https:\/\/machupicchubrasil.com.br\/blog\/latam-politica-de-bagagem\/#breadcrumb\"},\"inLanguage\":\"pt-BR\",\"potentialAction\":[{\"@type\":\"ReadAction\",\"target\":[\"https:\/\/machupicchubrasil.com.br\/blog\/latam-politica-de-bagagem\/\"]}]},{\"@type\":\"ImageObject\",\"inLanguage\":\"pt-BR\",\"@id\":\"https:\/\/machupicchubrasil.com.br\/blog\/latam-politica-de-bagagem\/#primaryimage\",\"url\":\"https:\/\/machupicchubrasil.com.br\/blog\/wp-content\/uploads\/2017\/06\/latam.jpg\",\"contentUrl\":\"https:\/\/machupicchubrasil.com.br\/blog\/wp-content\/uploads\/2017\/06\/latam.jpg\",\"width\":1200,\"height\":848,\"caption\":\"latam\"},{\"@type\":\"BreadcrumbList\",\"@id\":\"https:\/\/machupicchubrasil.com.br\/blog\/latam-politica-de-bagagem\/#breadcrumb\",\"itemListElement\":[{\"@type\":\"ListItem\",\"position\":1,\"name\":\"In\u00edcio\",\"item\":\"https:\/\/machupicchubrasil.com.br\/blog\/\"},{\"@type\":\"ListItem\",\"position\":2,\"name\":\"LATAM &#8211; Pol\u00edtica de Bagagem\"}]},{\"@type\":\"WebSite\",\"@id\":\"https:\/\/machupicchubrasil.com.br\/blog\/#website\",\"url\":\"https:\/\/machupicchubrasil.com.br\/blog\/\",\"name\":\"Machu Picchu Brasil | Pacotes para Machu Picchu no Peru\",\"description\":\"Machu Picchu Brasil - Experi\u00eancia e Seguran\u00e7a no Peru\",\"potentialAction\":[{\"@type\":\"SearchAction\",\"target\":{\"@type\":\"EntryPoint\",\"urlTemplate\":\"https:\/\/machupicchubrasil.com.br\/blog\/?s={search_term_string}\"},\"query-input\":{\"@type\":\"PropertyValueSpecification\",\"valueRequired\":true,\"valueName\":\"search_term_string\"}}],\"inLanguage\":\"pt-BR\"},{\"@type\":\"Person\",\"@id\":\"https:\/\/machupicchubrasil.com.br\/blog\/#\/schema\/person\/8c88e6e1a1c2554f025e5d4f94f9e88f\",\"name\":\"Adm- MKT\",\"image\":{\"@type\":\"ImageObject\",\"inLanguage\":\"pt-BR\",\"@id\":\"https:\/\/machupicchubrasil.com.br\/blog\/#\/schema\/person\/image\/\",\"url\":\"https:\/\/secure.gravatar.com\/avatar\/9bca0540686e5d221169413db3a41fe316fd34a90e724cebca20d9da28ef19db?s=96&d=mm&r=g\",\"contentUrl\":\"https:\/\/secure.gravatar.com\/avatar\/9bca0540686e5d221169413db3a41fe316fd34a90e724cebca20d9da28ef19db?s=96&d=mm&r=g\",\"caption\":\"Adm- MKT\"},\"sameAs\":[\"http:\/\/bloghomologacao.machupicchubrasil.com.br\"],\"url\":\"https:\/\/machupicchubrasil.com.br\/blog\/author\/admin\/\"}]}<\/script>\n<!-- \/ Yoast SEO plugin. -->","yoast_head_json":{"title":"LATAM - Pol\u00edtica de Bagagem - Machu Picchu Brasil | Pacotes para Machu Picchu no Peru","description":"Veja como a nova pol\u00edtica de bagagem da LATAM pode mudar a forma de voc\u00ea arrumar suas malas para sua Viagem a Machu Picchu, Veja as novas regras aqui.","robots":{"index":"index","follow":"follow","max-snippet":"max-snippet:-1","max-image-preview":"max-image-preview:large","max-video-preview":"max-video-preview:-1"},"canonical":"https:\/\/machupicchubrasil.com.br\/blog\/latam-politica-de-bagagem\/","og_locale":"pt_BR","og_type":"article","og_title":"LATAM - Pol\u00edtica de Bagagem - Machu Picchu Brasil | Pacotes para Machu Picchu no Peru","og_description":"Veja como a nova pol\u00edtica de bagagem da LATAM pode mudar a forma de voc\u00ea arrumar suas malas para sua Viagem a Machu Picchu, Veja as novas regras aqui.","og_url":"https:\/\/machupicchubrasil.com.br\/blog\/latam-politica-de-bagagem\/","og_site_name":"Machu Picchu Brasil | Pacotes para Machu Picchu no Peru","article_published_time":"2017-06-28T18:15:30+00:00","og_image":[{"width":1200,"height":848,"url":"https:\/\/machupicchubrasil.com.br\/blog\/wp-content\/uploads\/2017\/06\/latam.jpg","type":"image\/jpeg"}],"author":"Adm- MKT","twitter_card":"summary_large_image","twitter_misc":{"Escrito por":"Adm- MKT","Est. tempo de leitura":"4 minutos"},"schema":{"@context":"https:\/\/schema.org","@graph":[{"@type":"WebPage","@id":"https:\/\/machupicchubrasil.com.br\/blog\/latam-politica-de-bagagem\/","url":"https:\/\/machupicchubrasil.com.br\/blog\/latam-politica-de-bagagem\/","name":"LATAM - Pol\u00edtica de Bagagem - Machu Picchu Brasil | Pacotes para Machu Picchu no Peru","isPartOf":{"@id":"https:\/\/machupicchubrasil.com.br\/blog\/#website"},"primaryImageOfPage":{"@id":"https:\/\/machupicchubrasil.com.br\/blog\/latam-politica-de-bagagem\/#primaryimage"},"image":{"@id":"https:\/\/machupicchubrasil.com.br\/blog\/latam-politica-de-bagagem\/#primaryimage"},"thumbnailUrl":"https:\/\/machupicchubrasil.com.br\/blog\/wp-content\/uploads\/2017\/06\/latam.jpg","datePublished":"2017-06-28T18:15:30+00:00","author":{"@id":"https:\/\/machupicchubrasil.com.br\/blog\/#\/schema\/person\/8c88e6e1a1c2554f025e5d4f94f9e88f"},"description":"Veja como a nova pol\u00edtica de bagagem da LATAM pode mudar a forma de voc\u00ea arrumar suas malas para sua Viagem a Machu Picchu, Veja as novas regras aqui.","breadcrumb":{"@id":"https:\/\/machupicchubrasil.com.br\/blog\/latam-politica-de-bagagem\/#breadcrumb"},"inLanguage":"pt-BR","potentialAction":[{"@type":"ReadAction","target":["https:\/\/machupicchubrasil.com.br\/blog\/latam-politica-de-bagagem\/"]}]},{"@type":"ImageObject","inLanguage":"pt-BR","@id":"https:\/\/machupicchubrasil.com.br\/blog\/latam-politica-de-bagagem\/#primaryimage","url":"https:\/\/machupicchubrasil.com.br\/blog\/wp-content\/uploads\/2017\/06\/latam.jpg","contentUrl":"https:\/\/machupicchubrasil.com.br\/blog\/wp-content\/uploads\/2017\/06\/latam.jpg","width":1200,"height":848,"caption":"latam"},{"@type":"BreadcrumbList","@id":"https:\/\/machupicchubrasil.com.br\/blog\/latam-politica-de-bagagem\/#breadcrumb","itemListElement":[{"@type":"ListItem","position":1,"name":"In\u00edcio","item":"https:\/\/machupicchubrasil.com.br\/blog\/"},{"@type":"ListItem","position":2,"name":"LATAM &#8211; Pol\u00edtica de Bagagem"}]},{"@type":"WebSite","@id":"https:\/\/machupicchubrasil.com.br\/blog\/#website","url":"https:\/\/machupicchubrasil.com.br\/blog\/","name":"Machu Picchu Brasil | Pacotes para Machu Picchu no Peru","description":"Machu Picchu Brasil - Experi\u00eancia e Seguran\u00e7a no Peru","potentialAction":[{"@type":"SearchAction","target":{"@type":"EntryPoint","urlTemplate":"https:\/\/machupicchubrasil.com.br\/blog\/?s={search_term_string}"},"query-input":{"@type":"PropertyValueSpecification","valueRequired":true,"valueName":"search_term_string"}}],"inLanguage":"pt-BR"},{"@type":"Person","@id":"https:\/\/machupicchubrasil.com.br\/blog\/#\/schema\/person\/8c88e6e1a1c2554f025e5d4f94f9e88f","name":"Adm- MKT","image":{"@type":"ImageObject","inLanguage":"pt-BR","@id":"https:\/\/machupicchubrasil.com.br\/blog\/#\/schema\/person\/image\/","url":"https:\/\/secure.gravatar.com\/avatar\/9bca0540686e5d221169413db3a41fe316fd34a90e724cebca20d9da28ef19db?s=96&d=mm&r=g","contentUrl":"https:\/\/secure.gravatar.com\/avatar\/9bca0540686e5d221169413db3a41fe316fd34a90e724cebca20d9da28ef19db?s=96&d=mm&r=g","caption":"Adm- MKT"},"sameAs":["http:\/\/bloghomologacao.machupicchubrasil.com.br"],"url":"https:\/\/machupicchubrasil.com.br\/blog\/author\/admin\/"}]}},"_links":{"self":[{"href":"https:\/\/machupicchubrasil.com.br\/blog\/wp-json\/wp\/v2\/posts\/2813","targetHints":{"allow":["GET"]}}],"collection":[{"href":"https:\/\/machupicchubrasil.com.br\/blog\/wp-json\/wp\/v2\/posts"}],"about":[{"href":"https:\/\/machupicchubrasil.com.br\/blog\/wp-json\/wp\/v2\/types\/post"}],"author":[{"embeddable":true,"href":"https:\/\/machupicchubrasil.com.br\/blog\/wp-json\/wp\/v2\/users\/1"}],"replies":[{"embeddable":true,"href":"https:\/\/machupicchubrasil.com.br\/blog\/wp-json\/wp\/v2\/comments?post=2813"}],"version-history":[{"count":0,"href":"https:\/\/machupicchubrasil.com.br\/blog\/wp-json\/wp\/v2\/posts\/2813\/revisions"}],"wp:featuredmedia":[{"embeddable":true,"href":"https:\/\/machupicchubrasil.com.br\/blog\/wp-json\/wp\/v2\/media\/2801"}],"wp:attachment":[{"href":"https:\/\/machupicchubrasil.com.br\/blog\/wp-json\/wp\/v2\/media?parent=2813"}],"wp:term":[{"taxonomy":"category","embeddable":true,"href":"https:\/\/machupicchubrasil.com.br\/blog\/wp-json\/wp\/v2\/categories?post=2813"},{"taxonomy":"post_tag","embeddable":true,"href":"https:\/\/machupicchubrasil.com.br\/blog\/wp-json\/wp\/v2\/tags?post=2813"}],"curies":[{"name":"wp","href":"https:\/\/api.w.org\/{rel}","templated":true}]}}