{"id":2170,"date":"2015-02-03T13:35:23","date_gmt":"2015-02-03T16:35:23","guid":{"rendered":"https:\/\/machupicchubrasil.com.br\/blog\/?p=2170"},"modified":"2022-06-02T21:20:07","modified_gmt":"2022-06-02T21:20:07","slug":"viajar-para-o-peru-com-menor-de-idade","status":"publish","type":"post","link":"https:\/\/machupicchubrasil.com.br\/blog\/viajar-para-o-peru-com-menor-de-idade\/","title":{"rendered":"Viajar para o Peru com Menor de Idade"},"content":{"rendered":"<h2><strong>Vai viajar para o\u00a0Peru com\u00a0menor de idade?<\/strong><\/h2>\n<p>Conciliar f\u00e9rias n\u00e3o \u00e9 tarefa f\u00e1cil, pois, nem sempre as f\u00e9rias dos pais coincidem com as f\u00e9rias escolares e por esse motivo a crian\u00e7a\/adolescente pode viajar acompanhada dos tios, av\u00f3s, amigos ou apenas com o pai ou apenas com a m\u00e3e (principalmente em casos onde os pais s\u00e3o divorciados).<\/p>\n<p>Independente do motivo do <em>menor de idade<\/em>\u00a0viajar desacompanhado de seus representantes legais, o importante \u00e9 saber que o processo de autoriza\u00e7\u00e3o \u00e9 simples e f\u00e1cil e \u00e9 este o intuito deste post. Afinal, n\u00e3o d\u00e1 para ficar adiando a viagem dos seus sonhos, n\u00e3o \u00e9 mesmo?<\/p>\n<p><img loading=\"lazy\" decoding=\"async\" class=\"img-fluid alignnone wp-image-8779 size-full\" src=\"https:\/\/machupicchubrasil.com.br\/blog\/wp-content\/uploads\/2015\/02\/PESSOAS-PERUANAS-9-scaled.jpg\" alt=\"\" width=\"2560\" height=\"1707\" srcset=\"https:\/\/machupicchubrasil.com.br\/blog\/wp-content\/uploads\/2015\/02\/PESSOAS-PERUANAS-9-scaled.jpg 2560w, https:\/\/machupicchubrasil.com.br\/blog\/wp-content\/uploads\/2015\/02\/PESSOAS-PERUANAS-9-300x200.jpg 300w, https:\/\/machupicchubrasil.com.br\/blog\/wp-content\/uploads\/2015\/02\/PESSOAS-PERUANAS-9-1024x683.jpg 1024w, https:\/\/machupicchubrasil.com.br\/blog\/wp-content\/uploads\/2015\/02\/PESSOAS-PERUANAS-9-768x512.jpg 768w, https:\/\/machupicchubrasil.com.br\/blog\/wp-content\/uploads\/2015\/02\/PESSOAS-PERUANAS-9-1536x1024.jpg 1536w, https:\/\/machupicchubrasil.com.br\/blog\/wp-content\/uploads\/2015\/02\/PESSOAS-PERUANAS-9-2048x1365.jpg 2048w\" sizes=\"auto, (max-width: 2560px) 100vw, 2560px\" \/><\/p>\n<h3>Veja este v\u00eddeo de orienta\u00e7\u00e3o do CNJ (Conselho Nacional de Justi\u00e7a) sobre o embarque de menores ao exterior:<\/h3>\n<p><iframe loading=\"lazy\" style=\"border: none; overflow: hidden;\" src=\"https:\/\/www.facebook.com\/plugins\/video.php?height=314&amp;href=https%3A%2F%2Fweb.facebook.com%2Fcnj.oficial%2Fvideos%2F1886503311422420%2F&amp;show_text=false&amp;width=560&amp;t=0\" width=\"560\" height=\"314\" frameborder=\"0\" scrolling=\"no\" allowfullscreen=\"allowfullscreen\"><\/iframe><\/p>\n<p>Se voc\u00ea \u00e9 m\u00e3e ou pai e vai <strong>viajar<\/strong> com seu filho desacompanhado do outro respons\u00e1vel ou se voc\u00ea n\u00e3o \u00e9 respons\u00e1vel legal da crian\u00e7a\/adolescente e vai viajar, ent\u00e3o ser\u00e1 necess\u00e1rio pedir aos respons\u00e1veis do menor de idade para que eles preencham e assinem o \u201cFormul\u00e1rio Padr\u00e3o de Autoriza\u00e7\u00e3o de Viagem Internacional Para Menores\u201d<\/p>\n<p>Veja o\u00a0modelo de\u00a0autoriza\u00e7\u00e3o para <strong>Viajar para o\u00a0Peru com\u00a0menor de idade\u00a0<\/strong>: <strong>clique aqui!<\/strong><\/p>\n<p>Esse Formul\u00e1rio que pode ser baixado no site da Pol\u00edcia Federal \u00e9 imprescind\u00edvel estar corretamente preenchido, assinado e com firma registrada em cart\u00f3rio, sendo exigido 2 vias originais (uma fica retida pela Pol\u00edcia Federal). Tal Formul\u00e1rio de Autoriza\u00e7\u00e3o ter\u00e1 validade de at\u00e9 2 anos.<\/p>\n<p>Ao embarcar, devem ser apresentadas as 2 vias originais do Formul\u00e1rio na Pol\u00edcia Federal, ser\u00e1 necess\u00e1rio tamb\u00e9m levar c\u00f3pias do documento do menor de idade e tamb\u00e9m apresentar os originais.<\/p>\n<p>No dia do embarque, a pessoa que far\u00e1 a viagem com a crian\u00e7a\/adolescente dever\u00e1 estar no Aeroporto com anteced\u00eancia devida para se dirigir ao guich\u00ea de fiscaliza\u00e7\u00e3o da Pol\u00edcia Federal, com os documentos j\u00e1 em m\u00e3os para serem revisados.<\/p>\n<p>&nbsp;<\/p>\n<h5>A <a href=\"http:\/\/www.machupicchubrasil.com.br\/\"><strong>Machu Picchu Brasil<\/strong><\/a> listou alguns links importantes para voc\u00ea ter o m\u00e1ximo de informa\u00e7\u00e3o poss\u00edvel sobre como\u00a0<em>Viajar para o Peru com Menor de Idade<\/em>. Veja abaixo:<\/h5>\n<h6>Cartilha do CNJ (Conselho Nacional de Justi\u00e7a) &#8211; <a href=\"http:\/\/www.cnj.jus.br\/images\/programas\/viagemaoexterior\/cartilha%20viagem%20de%20menor%20ao%20exterior%20v2.pdf\">Baixe Aqui!<\/a><\/h6>\n<h6>Cartilha da Policia Federal &#8211; Baixe Aqui!<\/h6>\n<h6>Cartilha Anac &#8211; <a href=\"http:\/\/www2.anac.gov.br\/publicacoes\/arquivos\/Dicas_ANAC_Documentos_para_Embarque_web.pdf\">Baixe Aqui!<\/a><\/h6>\n<h6>Cartilha Infraero &#8211; <a href=\"http:\/\/www.infraero.gov.br\/images\/stories\/guia\/2014\/guiapassageiro2014_portugues.pdf\">Baixe Aqui!<\/a><\/h6>\n<h6>Tribunal de Justi\u00e7a de S\u00e3o Paulo &#8211; <a href=\"http:\/\/www.tjsp.jus.br\/EGov\/InfanciaJuventude\/Coordenadoria\/AutorizacaoViagemMenor.aspx\">Clique Aqui!<\/a><\/h6>\n<p>&nbsp;<\/p>\n<p>\u00c9 importante frisar que para viagem ao Exterior, \u00e9 aconselh\u00e1vel estar com 3h30min de anteced\u00eancia no Aeroporto. Portanto, se voc\u00ea precisar\u00e1 comparecer ao guich\u00ea da Pol\u00edcia Federal, \u00e9 importante estar bem mais cedo no Aeroporto para n\u00e3o correr riscos de perder o voo e evitar correrias desnecess\u00e1rias.<\/p>\n<p>Saiba que o maior perigo de se conhecer o <a href=\"https:\/\/machupicchubrasil.com.br\/blog\/peru\" target=\"_blank\" rel=\"noopener\"><strong>Peru<\/strong><\/a> \u00e9 se apaixonar pelo pa\u00eds e querer ficar mais e mais no lugar.<\/p>\n<p>O que est\u00e1 esperando para visit\u00e1-lo e se surpreender com a beleza e com os encantos peruanos? Na volta, conte pra gente o que achou da experi\u00eancia em <a href=\"http:\/\/conteudo.machupicchubrasil.com.br\/muito-alem-de-machu-picchu\" target=\"_blank\" rel=\"noopener\"><strong>Machu Picchu<\/strong><\/a> nos coment\u00e1rios!<\/p>\n<p><a title=\"Pacote Lima + Machu Picchu\" href=\"https:\/\/www.machupicchubrasil.com.br\/pacotes\/machu-picchu-classico\/\"><img loading=\"lazy\" decoding=\"async\" class=\"alignnone\" title=\"Como organizar as suas malas para viajar ao Peru\" src=\"https:\/\/machupicchubrasil.com.br\/blog\/wp-content\/uploads\/2014\/07\/BANNER-BLOG-011.jpg\" alt=\"Viajar para o Peru com Menor de Idade\" width=\"601\" height=\"220\" \/><\/a><\/p>\n<p style=\"text-align: left;\"><a href=\"https:\/\/plus.google.com\/+MachupicchubrasilBr\" rel=\"publisher\">Encontre-nos a Machu Picchu Brasil no Google+<br \/>\n<\/a><a href=\"https:\/\/www.facebook.com\/machupicchubrasil.com.br\" target=\"_blank\" rel=\"noopener\">Encontre-nos a Machu Picchu Brasil no Facebook<\/a><\/p>\n<p>Conhe\u00e7a os 5 melhores destinos no Peru com nosso [<strong>eBook<\/strong>]\u00a0<a href=\"http:\/\/bit.ly\/XyDm5n\" target=\"_blank\" rel=\"noopener\"><strong>Peru: 5 Lugares Imperd\u00edveis<\/strong><\/a>\u00a0totalmente feito para voc\u00ea.<\/p>\n<h2 style=\"text-align: center;\"><a href=\"http:\/\/conteudo.machupicchubrasil.com.br\/peru-05-lugares-imperdiveis\" target=\"_blank\" rel=\"noopener\"><span style=\"color: #00ccff;\">Fa\u00e7a o download gr\u00e1tis aqui!<\/span><\/a><a href=\"http:\/\/conteudo.machupicchubrasil.com.br\/peru-05-lugares-imperdiveis\" target=\"_blank\" rel=\"noopener\"><img loading=\"lazy\" decoding=\"async\" class=\"aligncenter wp-image-1752 size-full\" src=\"https:\/\/machupicchubrasil.com.br\/blog\/wp-content\/uploads\/2014\/08\/capa-Peru-5-lugares-imperdiveis.jpg\" alt=\"Viajar para o Peru com Menor de Idade\" width=\"526\" height=\"526\" srcset=\"https:\/\/machupicchubrasil.com.br\/blog\/wp-content\/uploads\/2014\/08\/capa-Peru-5-lugares-imperdiveis.jpg 526w, https:\/\/machupicchubrasil.com.br\/blog\/wp-content\/uploads\/2014\/08\/capa-Peru-5-lugares-imperdiveis-300x300.jpg 300w, https:\/\/machupicchubrasil.com.br\/blog\/wp-content\/uploads\/2014\/08\/capa-Peru-5-lugares-imperdiveis-150x150.jpg 150w, https:\/\/machupicchubrasil.com.br\/blog\/wp-content\/uploads\/2014\/08\/capa-Peru-5-lugares-imperdiveis-100x100.jpg 100w\" sizes=\"auto, (max-width: 526px) 100vw, 526px\" \/><\/a><\/h2>\n","protected":false},"excerpt":{"rendered":"<p>Vai viajar para o\u00a0Peru com\u00a0menor de idade? Conciliar f\u00e9rias n\u00e3o \u00e9 tarefa f\u00e1cil, pois, nem sempre as f\u00e9rias dos pais coincidem com as f\u00e9rias escolares e por esse motivo a crian\u00e7a\/adolescente pode viajar acompanhada dos tios, av\u00f3s, amigos ou apenas com o pai ou apenas com a m\u00e3e (principalmente em casos onde os pais s\u00e3o [&hellip;]<\/p>\n","protected":false},"author":1,"featured_media":2177,"comment_status":"open","ping_status":"open","sticky":false,"template":"","format":"standard","meta":{"footnotes":""},"categories":[1],"tags":[54,410,61,411,250,412],"class_list":["post-2170","post","type-post","status-publish","format-standard","has-post-thumbnail","hentry","category-uncategorized","tag-machu-picchu","tag-menor-de-idade","tag-peru","tag-viajando","tag-viajar","tag-viajar-ao-peru-com-menor-de-idade"],"acf":[],"yoast_head":"<!-- This site is optimized with the Yoast SEO plugin v24.9 - https:\/\/yoast.com\/wordpress\/plugins\/seo\/ -->\n<title>Viajar para o Peru com Menor de Idade - Machu Picchu Brasil | Pacotes para Machu Picchu no Peru<\/title>\n<meta name=\"description\" content=\"Vai viajar para o Peru com menor de idade? Fique Atento! Veja qual \u00e9 o procedimento e veja informa\u00e7\u00f5es importantes antes do embarque ao Peru. Veja Agora!\" \/>\n<meta name=\"robots\" content=\"index, follow, max-snippet:-1, max-image-preview:large, max-video-preview:-1\" \/>\n<link rel=\"canonical\" href=\"https:\/\/machupicchubrasil.com.br\/blog\/viajar-para-o-peru-com-menor-de-idade\/\" \/>\n<meta property=\"og:locale\" content=\"pt_BR\" \/>\n<meta property=\"og:type\" content=\"article\" \/>\n<meta property=\"og:title\" content=\"Viajar para o Peru com Menor de Idade - Machu Picchu Brasil | Pacotes para Machu Picchu no Peru\" \/>\n<meta property=\"og:description\" content=\"Vai viajar para o Peru com menor de idade? Fique Atento! Veja qual \u00e9 o procedimento e veja informa\u00e7\u00f5es importantes antes do embarque ao Peru. Veja Agora!\" \/>\n<meta property=\"og:url\" content=\"https:\/\/machupicchubrasil.com.br\/blog\/viajar-para-o-peru-com-menor-de-idade\/\" \/>\n<meta property=\"og:site_name\" content=\"Machu Picchu Brasil | Pacotes para Machu Picchu no Peru\" \/>\n<meta property=\"article:published_time\" content=\"2015-02-03T16:35:23+00:00\" \/>\n<meta property=\"article:modified_time\" content=\"2022-06-02T21:20:07+00:00\" \/>\n<meta property=\"og:image\" content=\"https:\/\/machupicchubrasil.com.br\/blog\/wp-content\/uploads\/2015\/02\/Viajar-para-o-Peru-com-Menor-de-Idade.jpg\" \/>\n\t<meta property=\"og:image:width\" content=\"1382\" \/>\n\t<meta property=\"og:image:height\" content=\"922\" \/>\n\t<meta property=\"og:image:type\" content=\"image\/jpeg\" \/>\n<meta name=\"author\" content=\"Adm- MKT\" \/>\n<meta name=\"twitter:card\" content=\"summary_large_image\" \/>\n<meta name=\"twitter:label1\" content=\"Escrito por\" \/>\n\t<meta name=\"twitter:data1\" content=\"Adm- MKT\" \/>\n\t<meta name=\"twitter:label2\" content=\"Est. tempo de leitura\" \/>\n\t<meta name=\"twitter:data2\" content=\"4 minutos\" \/>\n<script type=\"application\/ld+json\" class=\"yoast-schema-graph\">{\"@context\":\"https:\/\/schema.org\",\"@graph\":[{\"@type\":\"WebPage\",\"@id\":\"https:\/\/machupicchubrasil.com.br\/blog\/viajar-para-o-peru-com-menor-de-idade\/\",\"url\":\"https:\/\/machupicchubrasil.com.br\/blog\/viajar-para-o-peru-com-menor-de-idade\/\",\"name\":\"Viajar para o Peru com Menor de Idade - Machu Picchu Brasil | Pacotes para Machu Picchu no Peru\",\"isPartOf\":{\"@id\":\"https:\/\/machupicchubrasil.com.br\/blog\/#website\"},\"primaryImageOfPage\":{\"@id\":\"https:\/\/machupicchubrasil.com.br\/blog\/viajar-para-o-peru-com-menor-de-idade\/#primaryimage\"},\"image\":{\"@id\":\"https:\/\/machupicchubrasil.com.br\/blog\/viajar-para-o-peru-com-menor-de-idade\/#primaryimage\"},\"thumbnailUrl\":\"https:\/\/machupicchubrasil.com.br\/blog\/wp-content\/uploads\/2015\/02\/Viajar-para-o-Peru-com-Menor-de-Idade.jpg\",\"datePublished\":\"2015-02-03T16:35:23+00:00\",\"dateModified\":\"2022-06-02T21:20:07+00:00\",\"author\":{\"@id\":\"https:\/\/machupicchubrasil.com.br\/blog\/#\/schema\/person\/8c88e6e1a1c2554f025e5d4f94f9e88f\"},\"description\":\"Vai viajar para o Peru com menor de idade? Fique Atento! Veja qual \u00e9 o procedimento e veja informa\u00e7\u00f5es importantes antes do embarque ao Peru. Veja Agora!\",\"breadcrumb\":{\"@id\":\"https:\/\/machupicchubrasil.com.br\/blog\/viajar-para-o-peru-com-menor-de-idade\/#breadcrumb\"},\"inLanguage\":\"pt-BR\",\"potentialAction\":[{\"@type\":\"ReadAction\",\"target\":[\"https:\/\/machupicchubrasil.com.br\/blog\/viajar-para-o-peru-com-menor-de-idade\/\"]}]},{\"@type\":\"ImageObject\",\"inLanguage\":\"pt-BR\",\"@id\":\"https:\/\/machupicchubrasil.com.br\/blog\/viajar-para-o-peru-com-menor-de-idade\/#primaryimage\",\"url\":\"https:\/\/machupicchubrasil.com.br\/blog\/wp-content\/uploads\/2015\/02\/Viajar-para-o-Peru-com-Menor-de-Idade.jpg\",\"contentUrl\":\"https:\/\/machupicchubrasil.com.br\/blog\/wp-content\/uploads\/2015\/02\/Viajar-para-o-Peru-com-Menor-de-Idade.jpg\",\"width\":1382,\"height\":922,\"caption\":\"Viajar para o Peru com Menor de Idade\"},{\"@type\":\"BreadcrumbList\",\"@id\":\"https:\/\/machupicchubrasil.com.br\/blog\/viajar-para-o-peru-com-menor-de-idade\/#breadcrumb\",\"itemListElement\":[{\"@type\":\"ListItem\",\"position\":1,\"name\":\"In\u00edcio\",\"item\":\"https:\/\/machupicchubrasil.com.br\/blog\/\"},{\"@type\":\"ListItem\",\"position\":2,\"name\":\"Viajar para o Peru com Menor de Idade\"}]},{\"@type\":\"WebSite\",\"@id\":\"https:\/\/machupicchubrasil.com.br\/blog\/#website\",\"url\":\"https:\/\/machupicchubrasil.com.br\/blog\/\",\"name\":\"Machu Picchu Brasil | Pacotes para Machu Picchu no Peru\",\"description\":\"Machu Picchu Brasil - Experi\u00eancia e Seguran\u00e7a no Peru\",\"potentialAction\":[{\"@type\":\"SearchAction\",\"target\":{\"@type\":\"EntryPoint\",\"urlTemplate\":\"https:\/\/machupicchubrasil.com.br\/blog\/?s={search_term_string}\"},\"query-input\":{\"@type\":\"PropertyValueSpecification\",\"valueRequired\":true,\"valueName\":\"search_term_string\"}}],\"inLanguage\":\"pt-BR\"},{\"@type\":\"Person\",\"@id\":\"https:\/\/machupicchubrasil.com.br\/blog\/#\/schema\/person\/8c88e6e1a1c2554f025e5d4f94f9e88f\",\"name\":\"Adm- MKT\",\"image\":{\"@type\":\"ImageObject\",\"inLanguage\":\"pt-BR\",\"@id\":\"https:\/\/machupicchubrasil.com.br\/blog\/#\/schema\/person\/image\/\",\"url\":\"https:\/\/secure.gravatar.com\/avatar\/9bca0540686e5d221169413db3a41fe316fd34a90e724cebca20d9da28ef19db?s=96&d=mm&r=g\",\"contentUrl\":\"https:\/\/secure.gravatar.com\/avatar\/9bca0540686e5d221169413db3a41fe316fd34a90e724cebca20d9da28ef19db?s=96&d=mm&r=g\",\"caption\":\"Adm- MKT\"},\"sameAs\":[\"http:\/\/bloghomologacao.machupicchubrasil.com.br\"],\"url\":\"https:\/\/machupicchubrasil.com.br\/blog\/author\/admin\/\"}]}<\/script>\n<!-- \/ Yoast SEO plugin. -->","yoast_head_json":{"title":"Viajar para o Peru com Menor de Idade - Machu Picchu Brasil | Pacotes para Machu Picchu no Peru","description":"Vai viajar para o Peru com menor de idade? Fique Atento! Veja qual \u00e9 o procedimento e veja informa\u00e7\u00f5es importantes antes do embarque ao Peru. Veja Agora!","robots":{"index":"index","follow":"follow","max-snippet":"max-snippet:-1","max-image-preview":"max-image-preview:large","max-video-preview":"max-video-preview:-1"},"canonical":"https:\/\/machupicchubrasil.com.br\/blog\/viajar-para-o-peru-com-menor-de-idade\/","og_locale":"pt_BR","og_type":"article","og_title":"Viajar para o Peru com Menor de Idade - Machu Picchu Brasil | Pacotes para Machu Picchu no Peru","og_description":"Vai viajar para o Peru com menor de idade? Fique Atento! Veja qual \u00e9 o procedimento e veja informa\u00e7\u00f5es importantes antes do embarque ao Peru. Veja Agora!","og_url":"https:\/\/machupicchubrasil.com.br\/blog\/viajar-para-o-peru-com-menor-de-idade\/","og_site_name":"Machu Picchu Brasil | Pacotes para Machu Picchu no Peru","article_published_time":"2015-02-03T16:35:23+00:00","article_modified_time":"2022-06-02T21:20:07+00:00","og_image":[{"width":1382,"height":922,"url":"https:\/\/machupicchubrasil.com.br\/blog\/wp-content\/uploads\/2015\/02\/Viajar-para-o-Peru-com-Menor-de-Idade.jpg","type":"image\/jpeg"}],"author":"Adm- MKT","twitter_card":"summary_large_image","twitter_misc":{"Escrito por":"Adm- MKT","Est. tempo de leitura":"4 minutos"},"schema":{"@context":"https:\/\/schema.org","@graph":[{"@type":"WebPage","@id":"https:\/\/machupicchubrasil.com.br\/blog\/viajar-para-o-peru-com-menor-de-idade\/","url":"https:\/\/machupicchubrasil.com.br\/blog\/viajar-para-o-peru-com-menor-de-idade\/","name":"Viajar para o Peru com Menor de Idade - Machu Picchu Brasil | Pacotes para Machu Picchu no Peru","isPartOf":{"@id":"https:\/\/machupicchubrasil.com.br\/blog\/#website"},"primaryImageOfPage":{"@id":"https:\/\/machupicchubrasil.com.br\/blog\/viajar-para-o-peru-com-menor-de-idade\/#primaryimage"},"image":{"@id":"https:\/\/machupicchubrasil.com.br\/blog\/viajar-para-o-peru-com-menor-de-idade\/#primaryimage"},"thumbnailUrl":"https:\/\/machupicchubrasil.com.br\/blog\/wp-content\/uploads\/2015\/02\/Viajar-para-o-Peru-com-Menor-de-Idade.jpg","datePublished":"2015-02-03T16:35:23+00:00","dateModified":"2022-06-02T21:20:07+00:00","author":{"@id":"https:\/\/machupicchubrasil.com.br\/blog\/#\/schema\/person\/8c88e6e1a1c2554f025e5d4f94f9e88f"},"description":"Vai viajar para o Peru com menor de idade? Fique Atento! Veja qual \u00e9 o procedimento e veja informa\u00e7\u00f5es importantes antes do embarque ao Peru. Veja Agora!","breadcrumb":{"@id":"https:\/\/machupicchubrasil.com.br\/blog\/viajar-para-o-peru-com-menor-de-idade\/#breadcrumb"},"inLanguage":"pt-BR","potentialAction":[{"@type":"ReadAction","target":["https:\/\/machupicchubrasil.com.br\/blog\/viajar-para-o-peru-com-menor-de-idade\/"]}]},{"@type":"ImageObject","inLanguage":"pt-BR","@id":"https:\/\/machupicchubrasil.com.br\/blog\/viajar-para-o-peru-com-menor-de-idade\/#primaryimage","url":"https:\/\/machupicchubrasil.com.br\/blog\/wp-content\/uploads\/2015\/02\/Viajar-para-o-Peru-com-Menor-de-Idade.jpg","contentUrl":"https:\/\/machupicchubrasil.com.br\/blog\/wp-content\/uploads\/2015\/02\/Viajar-para-o-Peru-com-Menor-de-Idade.jpg","width":1382,"height":922,"caption":"Viajar para o Peru com Menor de Idade"},{"@type":"BreadcrumbList","@id":"https:\/\/machupicchubrasil.com.br\/blog\/viajar-para-o-peru-com-menor-de-idade\/#breadcrumb","itemListElement":[{"@type":"ListItem","position":1,"name":"In\u00edcio","item":"https:\/\/machupicchubrasil.com.br\/blog\/"},{"@type":"ListItem","position":2,"name":"Viajar para o Peru com Menor de Idade"}]},{"@type":"WebSite","@id":"https:\/\/machupicchubrasil.com.br\/blog\/#website","url":"https:\/\/machupicchubrasil.com.br\/blog\/","name":"Machu Picchu Brasil | Pacotes para Machu Picchu no Peru","description":"Machu Picchu Brasil - Experi\u00eancia e Seguran\u00e7a no Peru","potentialAction":[{"@type":"SearchAction","target":{"@type":"EntryPoint","urlTemplate":"https:\/\/machupicchubrasil.com.br\/blog\/?s={search_term_string}"},"query-input":{"@type":"PropertyValueSpecification","valueRequired":true,"valueName":"search_term_string"}}],"inLanguage":"pt-BR"},{"@type":"Person","@id":"https:\/\/machupicchubrasil.com.br\/blog\/#\/schema\/person\/8c88e6e1a1c2554f025e5d4f94f9e88f","name":"Adm- MKT","image":{"@type":"ImageObject","inLanguage":"pt-BR","@id":"https:\/\/machupicchubrasil.com.br\/blog\/#\/schema\/person\/image\/","url":"https:\/\/secure.gravatar.com\/avatar\/9bca0540686e5d221169413db3a41fe316fd34a90e724cebca20d9da28ef19db?s=96&d=mm&r=g","contentUrl":"https:\/\/secure.gravatar.com\/avatar\/9bca0540686e5d221169413db3a41fe316fd34a90e724cebca20d9da28ef19db?s=96&d=mm&r=g","caption":"Adm- MKT"},"sameAs":["http:\/\/bloghomologacao.machupicchubrasil.com.br"],"url":"https:\/\/machupicchubrasil.com.br\/blog\/author\/admin\/"}]}},"_links":{"self":[{"href":"https:\/\/machupicchubrasil.com.br\/blog\/wp-json\/wp\/v2\/posts\/2170","targetHints":{"allow":["GET"]}}],"collection":[{"href":"https:\/\/machupicchubrasil.com.br\/blog\/wp-json\/wp\/v2\/posts"}],"about":[{"href":"https:\/\/machupicchubrasil.com.br\/blog\/wp-json\/wp\/v2\/types\/post"}],"author":[{"embeddable":true,"href":"https:\/\/machupicchubrasil.com.br\/blog\/wp-json\/wp\/v2\/users\/1"}],"replies":[{"embeddable":true,"href":"https:\/\/machupicchubrasil.com.br\/blog\/wp-json\/wp\/v2\/comments?post=2170"}],"version-history":[{"count":7,"href":"https:\/\/machupicchubrasil.com.br\/blog\/wp-json\/wp\/v2\/posts\/2170\/revisions"}],"predecessor-version":[{"id":8785,"href":"https:\/\/machupicchubrasil.com.br\/blog\/wp-json\/wp\/v2\/posts\/2170\/revisions\/8785"}],"wp:featuredmedia":[{"embeddable":true,"href":"https:\/\/machupicchubrasil.com.br\/blog\/wp-json\/wp\/v2\/media\/2177"}],"wp:attachment":[{"href":"https:\/\/machupicchubrasil.com.br\/blog\/wp-json\/wp\/v2\/media?parent=2170"}],"wp:term":[{"taxonomy":"category","embeddable":true,"href":"https:\/\/machupicchubrasil.com.br\/blog\/wp-json\/wp\/v2\/categories?post=2170"},{"taxonomy":"post_tag","embeddable":true,"href":"https:\/\/machupicchubrasil.com.br\/blog\/wp-json\/wp\/v2\/tags?post=2170"}],"curies":[{"name":"wp","href":"https:\/\/api.w.org\/{rel}","templated":true}]}}