{"id":2080,"date":"2014-12-30T08:15:08","date_gmt":"2014-12-30T11:15:08","guid":{"rendered":"https:\/\/machupicchubrasil.com.br\/blog\/?p=2080"},"modified":"2014-12-30T08:15:08","modified_gmt":"2014-12-30T11:15:08","slug":"festa-de-natal-da-machu-picchu-brasil-2014","status":"publish","type":"post","link":"https:\/\/machupicchubrasil.com.br\/blog\/festa-de-natal-da-machu-picchu-brasil-2014\/","title":{"rendered":"Festa de Natal da Machu Picchu Brasil 2014"},"content":{"rendered":"<p>A Festa de Natal da <a title=\"Festa de Natal da Machu Picchu Brasil\" href=\"http:\/\/www.machupicchubrasil.com.br\/\"><strong>Machu Picchu Brasil<\/strong><\/a> foi um grande sucesso. Este sucesso s\u00f3\u00a0foi\u00a0alcan\u00e7ado com a participa\u00e7\u00e3o e colabora\u00e7\u00e3o de todos os volunt\u00e1rios, colaboradores, empresas parceiras e amigos que prestigiaram nossa festa. Muito obrigado!<\/p>\n<p>A\u00a0<a title=\"Festa de Natal da Machu Picchu Brasil\" href=\"http:\/\/www.machupicchubrasil.com.br\/\"><strong>Machu Picchu Brasil<\/strong><\/a>\u00a0agradece\u00a0tamb\u00e9m \u00e0 Diretoria da Escola, e a todos que nos ajudaram durante os preparativos e no decorrer da festa. A colabora\u00e7\u00e3o de cada um engrandece e embeleza toda nossa festa.<\/p>\n<p>Deixamos aqui o nosso agradecimento ainda a toda a popula\u00e7\u00e3o de <em><a title=\"Festa de Natal da Machu Picchu Brasil\" href=\"http:\/\/machupicchubrasil.com.br\/pacotes\/america-do-sul\/peru\/cusco\/c79\">Cusco<\/a><\/em> ou\u00a0<em><a title=\"Festa de Natal da Machu Picchu Brasil\" href=\"http:\/\/machupicchubrasil.com.br\/pacotes\/america-do-sul\/peru\/cusco\/c79\">Cuzco<\/a><\/em>\u00a0no <a title=\"Festa de Natal da Machu Picchu Brasil\" href=\"https:\/\/machupicchubrasil.com.br\/blog\/peru\/\"><strong>Peru<\/strong><\/a> pela acolhida de nossos passageiros, que sempre recebe com muito carinho todos os Brasileiros que chegam a cidade imperial de Cusco, aos educadores, \u00e0 coordena\u00e7\u00e3o, enfim a todos que colaboraram com o espirito de fraternidade.<\/p>\n<p>\u00c9 muito gratificante para n\u00f3s, presenciar o quanto empresa, fam\u00edlia e escola podem caminhar juntas para alcan\u00e7ar um objetivo: a integra\u00e7\u00e3o e conviv\u00eancia fraterna.<\/p>\n<p><a href=\"https:\/\/machupicchubrasil.com.br\/blog\/wp-content\/uploads\/2014\/12\/Festa-de-Natal-Machu-Picchu-Brasil-2014-02.jpg\"><img loading=\"lazy\" decoding=\"async\" class=\"size-full wp-image-2083 aligncenter\" src=\"https:\/\/machupicchubrasil.com.br\/blog\/wp-content\/uploads\/2014\/12\/Festa-de-Natal-Machu-Picchu-Brasil-2014-02.jpg\" alt=\"Festa de Natal Machu Picchu Brasil 2014\" width=\"800\" height=\"800\" srcset=\"https:\/\/machupicchubrasil.com.br\/blog\/wp-content\/uploads\/2014\/12\/Festa-de-Natal-Machu-Picchu-Brasil-2014-02.jpg 800w, https:\/\/machupicchubrasil.com.br\/blog\/wp-content\/uploads\/2014\/12\/Festa-de-Natal-Machu-Picchu-Brasil-2014-02-300x300.jpg 300w, https:\/\/machupicchubrasil.com.br\/blog\/wp-content\/uploads\/2014\/12\/Festa-de-Natal-Machu-Picchu-Brasil-2014-02-150x150.jpg 150w, https:\/\/machupicchubrasil.com.br\/blog\/wp-content\/uploads\/2014\/12\/Festa-de-Natal-Machu-Picchu-Brasil-2014-02-768x768.jpg 768w, https:\/\/machupicchubrasil.com.br\/blog\/wp-content\/uploads\/2014\/12\/Festa-de-Natal-Machu-Picchu-Brasil-2014-02-100x100.jpg 100w\" sizes=\"auto, (max-width: 800px) 100vw, 800px\" \/><\/a><\/p>\n<p><a href=\"https:\/\/machupicchubrasil.com.br\/blog\/wp-content\/uploads\/2014\/12\/Festa-de-Natal-Machu-Picchu-Brasil-2014-01.jpg\"><img loading=\"lazy\" decoding=\"async\" class=\"size-full wp-image-2082 aligncenter\" src=\"https:\/\/machupicchubrasil.com.br\/blog\/wp-content\/uploads\/2014\/12\/Festa-de-Natal-Machu-Picchu-Brasil-2014-01.jpg\" alt=\"Festa de Natal Machu Picchu Brasil 2014\" width=\"800\" height=\"800\" srcset=\"https:\/\/machupicchubrasil.com.br\/blog\/wp-content\/uploads\/2014\/12\/Festa-de-Natal-Machu-Picchu-Brasil-2014-01.jpg 800w, https:\/\/machupicchubrasil.com.br\/blog\/wp-content\/uploads\/2014\/12\/Festa-de-Natal-Machu-Picchu-Brasil-2014-01-300x300.jpg 300w, https:\/\/machupicchubrasil.com.br\/blog\/wp-content\/uploads\/2014\/12\/Festa-de-Natal-Machu-Picchu-Brasil-2014-01-150x150.jpg 150w, https:\/\/machupicchubrasil.com.br\/blog\/wp-content\/uploads\/2014\/12\/Festa-de-Natal-Machu-Picchu-Brasil-2014-01-768x768.jpg 768w, https:\/\/machupicchubrasil.com.br\/blog\/wp-content\/uploads\/2014\/12\/Festa-de-Natal-Machu-Picchu-Brasil-2014-01-100x100.jpg 100w\" sizes=\"auto, (max-width: 800px) 100vw, 800px\" \/><\/a> <a href=\"https:\/\/machupicchubrasil.com.br\/blog\/wp-content\/uploads\/2014\/12\/Festa-de-Natal-Machu-Picchu-Brasil-2014-02.jpg\"><br \/>\n<\/a> <a href=\"https:\/\/machupicchubrasil.com.br\/blog\/wp-content\/uploads\/2014\/12\/Festa-Natal-Machu-Picchu-Brasil-2014.jpg\"><img loading=\"lazy\" decoding=\"async\" class=\"size-full wp-image-2084 aligncenter\" src=\"https:\/\/machupicchubrasil.com.br\/blog\/wp-content\/uploads\/2014\/12\/Festa-Natal-Machu-Picchu-Brasil-2014.jpg\" alt=\"Festa Natal Machu Picchu Brasil 2014\" width=\"800\" height=\"800\" srcset=\"https:\/\/machupicchubrasil.com.br\/blog\/wp-content\/uploads\/2014\/12\/Festa-Natal-Machu-Picchu-Brasil-2014.jpg 800w, https:\/\/machupicchubrasil.com.br\/blog\/wp-content\/uploads\/2014\/12\/Festa-Natal-Machu-Picchu-Brasil-2014-300x300.jpg 300w, https:\/\/machupicchubrasil.com.br\/blog\/wp-content\/uploads\/2014\/12\/Festa-Natal-Machu-Picchu-Brasil-2014-150x150.jpg 150w, https:\/\/machupicchubrasil.com.br\/blog\/wp-content\/uploads\/2014\/12\/Festa-Natal-Machu-Picchu-Brasil-2014-768x768.jpg 768w, https:\/\/machupicchubrasil.com.br\/blog\/wp-content\/uploads\/2014\/12\/Festa-Natal-Machu-Picchu-Brasil-2014-100x100.jpg 100w\" sizes=\"auto, (max-width: 800px) 100vw, 800px\" \/><\/a><\/p>\n<h3 style=\"text-align: center;\"><strong>MUITO OBRIGADO!<\/strong><\/h3>\n<h3 style=\"text-align: center;\"><strong><a href=\"https:\/\/machupicchubrasil.com.br\/blog\/wp-content\/uploads\/2014\/10\/logonovo-face.jpg\"><img loading=\"lazy\" decoding=\"async\" class=\"alignnone size-full wp-image-1914\" src=\"https:\/\/machupicchubrasil.com.br\/blog\/wp-content\/uploads\/2014\/10\/logonovo-face.jpg\" alt=\"machu picchu brasil\" width=\"180\" height=\"180\" srcset=\"https:\/\/machupicchubrasil.com.br\/blog\/wp-content\/uploads\/2014\/10\/logonovo-face.jpg 180w, https:\/\/machupicchubrasil.com.br\/blog\/wp-content\/uploads\/2014\/10\/logonovo-face-150x150.jpg 150w, https:\/\/machupicchubrasil.com.br\/blog\/wp-content\/uploads\/2014\/10\/logonovo-face-100x100.jpg 100w\" sizes=\"auto, (max-width: 180px) 100vw, 180px\" \/><\/a><br \/>\nMACHU PICCHU BRASIL<\/strong><br \/>\n<em><strong>Juntos num s\u00f3 destino!\u00a0<\/strong><\/em><\/h3>\n","protected":false},"excerpt":{"rendered":"<p>A Festa de Natal da Machu Picchu Brasil foi um grande sucesso. Este sucesso s\u00f3\u00a0foi\u00a0alcan\u00e7ado com a participa\u00e7\u00e3o e colabora\u00e7\u00e3o de todos os volunt\u00e1rios, colaboradores, empresas parceiras e amigos que prestigiaram nossa festa. Muito obrigado! A\u00a0Machu Picchu Brasil\u00a0agradece\u00a0tamb\u00e9m \u00e0 Diretoria da Escola, e a todos que nos ajudaram durante os preparativos e no decorrer da [&hellip;]<\/p>\n","protected":false},"author":1,"featured_media":2089,"comment_status":"open","ping_status":"open","sticky":false,"template":"","format":"standard","meta":{"footnotes":""},"categories":[1],"tags":[50,51,403,67],"class_list":["post-2080","post","type-post","status-publish","format-standard","has-post-thumbnail","hentry","category-uncategorized","tag-cusco","tag-cuzco","tag-festa-de-natal-machu-picchu-brasil","tag-machu-picchu-brasil"],"acf":[],"yoast_head":"<!-- This site is optimized with the Yoast SEO plugin v24.9 - https:\/\/yoast.com\/wordpress\/plugins\/seo\/ -->\n<title>Festa de Natal da Machu Picchu Brasil 2014 - Machu Picchu Brasil | Pacotes para Machu Picchu no Peru<\/title>\n<meta name=\"description\" content=\"Festa de Natal da Machu Picchu Brasil 2014 foi um grande sucesso, para cada pacote tur\u00edstico \u00e9 destinado uma porcentagem para as escolas peruanas.\" \/>\n<meta name=\"robots\" content=\"index, follow, max-snippet:-1, max-image-preview:large, max-video-preview:-1\" \/>\n<link rel=\"canonical\" href=\"https:\/\/machupicchubrasil.com.br\/blog\/festa-de-natal-da-machu-picchu-brasil-2014\/\" \/>\n<meta property=\"og:locale\" content=\"pt_BR\" \/>\n<meta property=\"og:type\" content=\"article\" \/>\n<meta property=\"og:title\" content=\"Festa de Natal da Machu Picchu Brasil 2014 - Machu Picchu Brasil | Pacotes para Machu Picchu no Peru\" \/>\n<meta property=\"og:description\" content=\"Festa de Natal da Machu Picchu Brasil 2014 foi um grande sucesso, para cada pacote tur\u00edstico \u00e9 destinado uma porcentagem para as escolas peruanas.\" \/>\n<meta property=\"og:url\" content=\"https:\/\/machupicchubrasil.com.br\/blog\/festa-de-natal-da-machu-picchu-brasil-2014\/\" \/>\n<meta property=\"og:site_name\" content=\"Machu Picchu Brasil | Pacotes para Machu Picchu no Peru\" \/>\n<meta property=\"article:published_time\" content=\"2014-12-30T11:15:08+00:00\" \/>\n<meta property=\"og:image\" content=\"https:\/\/machupicchubrasil.com.br\/blog\/wp-content\/uploads\/2014\/12\/Festa-de-Natal-da-Machu-Picchu-Brasil-2014.jpg\" \/>\n\t<meta property=\"og:image:width\" content=\"1020\" \/>\n\t<meta property=\"og:image:height\" content=\"765\" \/>\n\t<meta property=\"og:image:type\" content=\"image\/jpeg\" \/>\n<meta name=\"author\" content=\"Adm- MKT\" \/>\n<meta name=\"twitter:card\" content=\"summary_large_image\" \/>\n<meta name=\"twitter:label1\" content=\"Escrito por\" \/>\n\t<meta name=\"twitter:data1\" content=\"Adm- MKT\" \/>\n\t<meta name=\"twitter:label2\" content=\"Est. tempo de leitura\" \/>\n\t<meta name=\"twitter:data2\" content=\"1 minuto\" \/>\n<script type=\"application\/ld+json\" class=\"yoast-schema-graph\">{\"@context\":\"https:\/\/schema.org\",\"@graph\":[{\"@type\":\"WebPage\",\"@id\":\"https:\/\/machupicchubrasil.com.br\/blog\/festa-de-natal-da-machu-picchu-brasil-2014\/\",\"url\":\"https:\/\/machupicchubrasil.com.br\/blog\/festa-de-natal-da-machu-picchu-brasil-2014\/\",\"name\":\"Festa de Natal da Machu Picchu Brasil 2014 - Machu Picchu Brasil | Pacotes para Machu Picchu no Peru\",\"isPartOf\":{\"@id\":\"https:\/\/machupicchubrasil.com.br\/blog\/#website\"},\"primaryImageOfPage\":{\"@id\":\"https:\/\/machupicchubrasil.com.br\/blog\/festa-de-natal-da-machu-picchu-brasil-2014\/#primaryimage\"},\"image\":{\"@id\":\"https:\/\/machupicchubrasil.com.br\/blog\/festa-de-natal-da-machu-picchu-brasil-2014\/#primaryimage\"},\"thumbnailUrl\":\"https:\/\/machupicchubrasil.com.br\/blog\/wp-content\/uploads\/2014\/12\/Festa-de-Natal-da-Machu-Picchu-Brasil-2014.jpg\",\"datePublished\":\"2014-12-30T11:15:08+00:00\",\"author\":{\"@id\":\"https:\/\/machupicchubrasil.com.br\/blog\/#\/schema\/person\/8c88e6e1a1c2554f025e5d4f94f9e88f\"},\"description\":\"Festa de Natal da Machu Picchu Brasil 2014 foi um grande sucesso, para cada pacote tur\u00edstico \u00e9 destinado uma porcentagem para as escolas peruanas.\",\"breadcrumb\":{\"@id\":\"https:\/\/machupicchubrasil.com.br\/blog\/festa-de-natal-da-machu-picchu-brasil-2014\/#breadcrumb\"},\"inLanguage\":\"pt-BR\",\"potentialAction\":[{\"@type\":\"ReadAction\",\"target\":[\"https:\/\/machupicchubrasil.com.br\/blog\/festa-de-natal-da-machu-picchu-brasil-2014\/\"]}]},{\"@type\":\"ImageObject\",\"inLanguage\":\"pt-BR\",\"@id\":\"https:\/\/machupicchubrasil.com.br\/blog\/festa-de-natal-da-machu-picchu-brasil-2014\/#primaryimage\",\"url\":\"https:\/\/machupicchubrasil.com.br\/blog\/wp-content\/uploads\/2014\/12\/Festa-de-Natal-da-Machu-Picchu-Brasil-2014.jpg\",\"contentUrl\":\"https:\/\/machupicchubrasil.com.br\/blog\/wp-content\/uploads\/2014\/12\/Festa-de-Natal-da-Machu-Picchu-Brasil-2014.jpg\",\"width\":1020,\"height\":765,\"caption\":\"Festa de Natal da Machu Picchu Brasil 2014\"},{\"@type\":\"BreadcrumbList\",\"@id\":\"https:\/\/machupicchubrasil.com.br\/blog\/festa-de-natal-da-machu-picchu-brasil-2014\/#breadcrumb\",\"itemListElement\":[{\"@type\":\"ListItem\",\"position\":1,\"name\":\"In\u00edcio\",\"item\":\"https:\/\/machupicchubrasil.com.br\/blog\/\"},{\"@type\":\"ListItem\",\"position\":2,\"name\":\"Festa de Natal da Machu Picchu Brasil 2014\"}]},{\"@type\":\"WebSite\",\"@id\":\"https:\/\/machupicchubrasil.com.br\/blog\/#website\",\"url\":\"https:\/\/machupicchubrasil.com.br\/blog\/\",\"name\":\"Machu Picchu Brasil | Pacotes para Machu Picchu no Peru\",\"description\":\"Machu Picchu Brasil - Experi\u00eancia e Seguran\u00e7a no Peru\",\"potentialAction\":[{\"@type\":\"SearchAction\",\"target\":{\"@type\":\"EntryPoint\",\"urlTemplate\":\"https:\/\/machupicchubrasil.com.br\/blog\/?s={search_term_string}\"},\"query-input\":{\"@type\":\"PropertyValueSpecification\",\"valueRequired\":true,\"valueName\":\"search_term_string\"}}],\"inLanguage\":\"pt-BR\"},{\"@type\":\"Person\",\"@id\":\"https:\/\/machupicchubrasil.com.br\/blog\/#\/schema\/person\/8c88e6e1a1c2554f025e5d4f94f9e88f\",\"name\":\"Adm- MKT\",\"image\":{\"@type\":\"ImageObject\",\"inLanguage\":\"pt-BR\",\"@id\":\"https:\/\/machupicchubrasil.com.br\/blog\/#\/schema\/person\/image\/\",\"url\":\"https:\/\/secure.gravatar.com\/avatar\/9bca0540686e5d221169413db3a41fe316fd34a90e724cebca20d9da28ef19db?s=96&d=mm&r=g\",\"contentUrl\":\"https:\/\/secure.gravatar.com\/avatar\/9bca0540686e5d221169413db3a41fe316fd34a90e724cebca20d9da28ef19db?s=96&d=mm&r=g\",\"caption\":\"Adm- MKT\"},\"sameAs\":[\"http:\/\/bloghomologacao.machupicchubrasil.com.br\"],\"url\":\"https:\/\/machupicchubrasil.com.br\/blog\/author\/admin\/\"}]}<\/script>\n<!-- \/ Yoast SEO plugin. -->","yoast_head_json":{"title":"Festa de Natal da Machu Picchu Brasil 2014 - Machu Picchu Brasil | Pacotes para Machu Picchu no Peru","description":"Festa de Natal da Machu Picchu Brasil 2014 foi um grande sucesso, para cada pacote tur\u00edstico \u00e9 destinado uma porcentagem para as escolas peruanas.","robots":{"index":"index","follow":"follow","max-snippet":"max-snippet:-1","max-image-preview":"max-image-preview:large","max-video-preview":"max-video-preview:-1"},"canonical":"https:\/\/machupicchubrasil.com.br\/blog\/festa-de-natal-da-machu-picchu-brasil-2014\/","og_locale":"pt_BR","og_type":"article","og_title":"Festa de Natal da Machu Picchu Brasil 2014 - Machu Picchu Brasil | Pacotes para Machu Picchu no Peru","og_description":"Festa de Natal da Machu Picchu Brasil 2014 foi um grande sucesso, para cada pacote tur\u00edstico \u00e9 destinado uma porcentagem para as escolas peruanas.","og_url":"https:\/\/machupicchubrasil.com.br\/blog\/festa-de-natal-da-machu-picchu-brasil-2014\/","og_site_name":"Machu Picchu Brasil | Pacotes para Machu Picchu no Peru","article_published_time":"2014-12-30T11:15:08+00:00","og_image":[{"width":1020,"height":765,"url":"https:\/\/machupicchubrasil.com.br\/blog\/wp-content\/uploads\/2014\/12\/Festa-de-Natal-da-Machu-Picchu-Brasil-2014.jpg","type":"image\/jpeg"}],"author":"Adm- MKT","twitter_card":"summary_large_image","twitter_misc":{"Escrito por":"Adm- MKT","Est. tempo de leitura":"1 minuto"},"schema":{"@context":"https:\/\/schema.org","@graph":[{"@type":"WebPage","@id":"https:\/\/machupicchubrasil.com.br\/blog\/festa-de-natal-da-machu-picchu-brasil-2014\/","url":"https:\/\/machupicchubrasil.com.br\/blog\/festa-de-natal-da-machu-picchu-brasil-2014\/","name":"Festa de Natal da Machu Picchu Brasil 2014 - Machu Picchu Brasil | Pacotes para Machu Picchu no Peru","isPartOf":{"@id":"https:\/\/machupicchubrasil.com.br\/blog\/#website"},"primaryImageOfPage":{"@id":"https:\/\/machupicchubrasil.com.br\/blog\/festa-de-natal-da-machu-picchu-brasil-2014\/#primaryimage"},"image":{"@id":"https:\/\/machupicchubrasil.com.br\/blog\/festa-de-natal-da-machu-picchu-brasil-2014\/#primaryimage"},"thumbnailUrl":"https:\/\/machupicchubrasil.com.br\/blog\/wp-content\/uploads\/2014\/12\/Festa-de-Natal-da-Machu-Picchu-Brasil-2014.jpg","datePublished":"2014-12-30T11:15:08+00:00","author":{"@id":"https:\/\/machupicchubrasil.com.br\/blog\/#\/schema\/person\/8c88e6e1a1c2554f025e5d4f94f9e88f"},"description":"Festa de Natal da Machu Picchu Brasil 2014 foi um grande sucesso, para cada pacote tur\u00edstico \u00e9 destinado uma porcentagem para as escolas peruanas.","breadcrumb":{"@id":"https:\/\/machupicchubrasil.com.br\/blog\/festa-de-natal-da-machu-picchu-brasil-2014\/#breadcrumb"},"inLanguage":"pt-BR","potentialAction":[{"@type":"ReadAction","target":["https:\/\/machupicchubrasil.com.br\/blog\/festa-de-natal-da-machu-picchu-brasil-2014\/"]}]},{"@type":"ImageObject","inLanguage":"pt-BR","@id":"https:\/\/machupicchubrasil.com.br\/blog\/festa-de-natal-da-machu-picchu-brasil-2014\/#primaryimage","url":"https:\/\/machupicchubrasil.com.br\/blog\/wp-content\/uploads\/2014\/12\/Festa-de-Natal-da-Machu-Picchu-Brasil-2014.jpg","contentUrl":"https:\/\/machupicchubrasil.com.br\/blog\/wp-content\/uploads\/2014\/12\/Festa-de-Natal-da-Machu-Picchu-Brasil-2014.jpg","width":1020,"height":765,"caption":"Festa de Natal da Machu Picchu Brasil 2014"},{"@type":"BreadcrumbList","@id":"https:\/\/machupicchubrasil.com.br\/blog\/festa-de-natal-da-machu-picchu-brasil-2014\/#breadcrumb","itemListElement":[{"@type":"ListItem","position":1,"name":"In\u00edcio","item":"https:\/\/machupicchubrasil.com.br\/blog\/"},{"@type":"ListItem","position":2,"name":"Festa de Natal da Machu Picchu Brasil 2014"}]},{"@type":"WebSite","@id":"https:\/\/machupicchubrasil.com.br\/blog\/#website","url":"https:\/\/machupicchubrasil.com.br\/blog\/","name":"Machu Picchu Brasil | Pacotes para Machu Picchu no Peru","description":"Machu Picchu Brasil - Experi\u00eancia e Seguran\u00e7a no Peru","potentialAction":[{"@type":"SearchAction","target":{"@type":"EntryPoint","urlTemplate":"https:\/\/machupicchubrasil.com.br\/blog\/?s={search_term_string}"},"query-input":{"@type":"PropertyValueSpecification","valueRequired":true,"valueName":"search_term_string"}}],"inLanguage":"pt-BR"},{"@type":"Person","@id":"https:\/\/machupicchubrasil.com.br\/blog\/#\/schema\/person\/8c88e6e1a1c2554f025e5d4f94f9e88f","name":"Adm- MKT","image":{"@type":"ImageObject","inLanguage":"pt-BR","@id":"https:\/\/machupicchubrasil.com.br\/blog\/#\/schema\/person\/image\/","url":"https:\/\/secure.gravatar.com\/avatar\/9bca0540686e5d221169413db3a41fe316fd34a90e724cebca20d9da28ef19db?s=96&d=mm&r=g","contentUrl":"https:\/\/secure.gravatar.com\/avatar\/9bca0540686e5d221169413db3a41fe316fd34a90e724cebca20d9da28ef19db?s=96&d=mm&r=g","caption":"Adm- MKT"},"sameAs":["http:\/\/bloghomologacao.machupicchubrasil.com.br"],"url":"https:\/\/machupicchubrasil.com.br\/blog\/author\/admin\/"}]}},"_links":{"self":[{"href":"https:\/\/machupicchubrasil.com.br\/blog\/wp-json\/wp\/v2\/posts\/2080","targetHints":{"allow":["GET"]}}],"collection":[{"href":"https:\/\/machupicchubrasil.com.br\/blog\/wp-json\/wp\/v2\/posts"}],"about":[{"href":"https:\/\/machupicchubrasil.com.br\/blog\/wp-json\/wp\/v2\/types\/post"}],"author":[{"embeddable":true,"href":"https:\/\/machupicchubrasil.com.br\/blog\/wp-json\/wp\/v2\/users\/1"}],"replies":[{"embeddable":true,"href":"https:\/\/machupicchubrasil.com.br\/blog\/wp-json\/wp\/v2\/comments?post=2080"}],"version-history":[{"count":0,"href":"https:\/\/machupicchubrasil.com.br\/blog\/wp-json\/wp\/v2\/posts\/2080\/revisions"}],"wp:featuredmedia":[{"embeddable":true,"href":"https:\/\/machupicchubrasil.com.br\/blog\/wp-json\/wp\/v2\/media\/2089"}],"wp:attachment":[{"href":"https:\/\/machupicchubrasil.com.br\/blog\/wp-json\/wp\/v2\/media?parent=2080"}],"wp:term":[{"taxonomy":"category","embeddable":true,"href":"https:\/\/machupicchubrasil.com.br\/blog\/wp-json\/wp\/v2\/categories?post=2080"},{"taxonomy":"post_tag","embeddable":true,"href":"https:\/\/machupicchubrasil.com.br\/blog\/wp-json\/wp\/v2\/tags?post=2080"}],"curies":[{"name":"wp","href":"https:\/\/api.w.org\/{rel}","templated":true}]}}