{"id":1911,"date":"2014-10-27T13:46:11","date_gmt":"2014-10-27T16:46:11","guid":{"rendered":"https:\/\/machupicchubrasil.com.br\/blog\/?p=1911"},"modified":"2014-10-27T13:46:11","modified_gmt":"2014-10-27T16:46:11","slug":"carta-aberta-equipe-machu-picchu-brasil","status":"publish","type":"post","link":"https:\/\/machupicchubrasil.com.br\/blog\/carta-aberta-equipe-machu-picchu-brasil\/","title":{"rendered":"Carta Aberta a Equipe Machu Picchu Brasil"},"content":{"rendered":"<p>Hoje queremos compartilhar com nossos amigos e seguidores, a\u00a0carta enviada pelo Willian Cavalcante (s\u00f3cio-fundador da <strong>Machu Picchu Brasil<\/strong>) a todos os colaboradores que forma parte desta Grande Equipe,\u00a0tanto no escrit\u00f3rio em\u00a0S\u00e3o Paulo e tamb\u00e9m para nosso escrit\u00f3rio em <a title=\"Cuzco Cusco Peru\" href=\"https:\/\/machupicchubrasil.com.br\/blog\/cusco-cuzco-misterio-magico-imperial\/\"><strong>Cuzco<\/strong><\/a> no <a title=\"Machu Picchu Brasil Peru\" href=\"https:\/\/machupicchubrasil.com.br\/blog\/peru\/\"><strong>Peru<\/strong><\/a>. &#8211; Veja abaixo:<\/p>\n<p><!--more--><\/p>\n<p>Boa Tarde Pessoal!!!<\/p>\n<p>Hoje com a ressaca das elei\u00e7\u00f5es decidi compartilhar um texto com voc\u00eas que \u00e9 muito nossa cara! (com alguns ajustes) rs Ontem os brasileiros decidiram que Dilma Rousseff ser\u00e1 nossa presidenta por mais 4 anos e n\u00f3s, independente do que escolhemos nas urnas, temos duas op\u00e7\u00f5es: trabalhar ou reclamar. O Brasil da fam\u00edlia <strong>Machu Picchu Brasil<\/strong>, a qual voc\u00ea faz parte, seguir\u00e1 otimista e trabalhando &#8220;do port\u00e3o para dentro&#8221;. N\u00e3o acreditamos que a queda da bolsa de Xangai, o atentado as torres g\u00eameas ou at\u00e9 o mau humor do mercado nacional frente \u00e0 elei\u00e7\u00e3o podem ditar as regras para o sucesso da nossa empresa.<\/p>\n<p>&nbsp;<\/p>\n<p>Se um dia passamos por momentos delicados ou de crise, ser\u00e1 porque erramos em algum ponto, porque faltou inova\u00e7\u00e3o para aproveitar as oportunidades dessa crise. N\u00e3o h\u00e1 um culpado fora de nossos port\u00f5es. Enquanto todos calculam perdas, pensam em mudar de vez para Miami ou simplesmente esperam pelo pior em 2015, n\u00f3s (<strong>Machu Picchu Brasil<\/strong>) estamos investindo em uma estrat\u00e9gia de expans\u00e3o e esperamos um crescimento de 100% em 2015. Isso mesmo, nossa empresa vai dobrar de tamanho no ano que vem, enquanto todos esperam pelo pior ano para a economia de nosso pa\u00eds. Qual ponto de vista est\u00e1 certo? Entendemos que os dois est\u00e3o certos.<\/p>\n<p>O universo te entrega aquilo em que voc\u00ea acredita! N\u00f3s, da fam\u00edlia <strong>Machu Picchu Brasil<\/strong>, decidimos acreditar que os pr\u00f3ximos quatro anos ser\u00e3o de muito trabalho e crescimento intenso. Nosso pa\u00eds tem mais de 200 milh\u00f5es de pessoas e a maioria delas tem o sonho de viajar a Machu Picchu ou mesmo viajar para o exterior. Ent\u00e3o vamos ter o foco na realiza\u00e7\u00e3o dos sonhos de nossos clientes e na realiza\u00e7\u00e3o de nossos pr\u00f3prio sonhos que poder\u00e3o se tornar realidade com FOCO, FOR\u00c7A e MUITO TRABALHO.<\/p>\n<p>Vamos trabalhar dentro de nossos port\u00f5es, gerando nossas pr\u00f3prias oportunidades. A palavra dos pr\u00f3ximos quatro anos \u00e9 &#8220;inova\u00e7\u00e3o&#8221;. Pensem al\u00e9m, desafiem aquele h\u00e1bito que t\u00eam h\u00e1 muitos anos, n\u00e3o aceitem a frase &#8220;sempre foi assim&#8221; e, principalmente, pensem positivo. Temos uma meta sensacional para o ano que vem e para alcan\u00e7\u00e1-la, precisamos de voc\u00ea otimista em nossa fam\u00edlia <a title=\"Machu Picchu Brasil\" href=\"https:\/\/machupicchubrasil.com.br\/blog\/quem-somos\/\"><strong>Machu Picchu Brasil<\/strong><\/a>.<\/p>\n<p>Tenha uma \u00d3tima Semana!!<\/p>\n<p>Willian Cavalcante<\/p>\n<hr \/>\n<p>&nbsp;<\/p>\n<h4 style=\"text-align: center;\"><strong> eBook, \u00c9\u00a0<\/strong><strong>Gratuito! &#8211;\u00a0<\/strong><a href=\"http:\/\/conteudo.machupicchubrasil.com.br\/10-dicas-para-planejar-sua-viagem-ao-peru\" target=\"_blank\" rel=\"noopener\">10 dicas para organizar a sua VIAGEM AO PERU<\/a><\/h4>\n<p style=\"text-align: center;\"><a href=\"http:\/\/conteudo.machupicchubrasil.com.br\/10-dicas-para-planejar-sua-viagem-ao-peru\"><img loading=\"lazy\" decoding=\"async\" class=\"alignnone wp-image-1846 size-full\" src=\"https:\/\/machupicchubrasil.com.br\/blog\/wp-content\/uploads\/2014\/10\/anuncio-face101.jpg\" alt=\"viagem internacional peru\" width=\"530\" height=\"280\" srcset=\"https:\/\/machupicchubrasil.com.br\/blog\/wp-content\/uploads\/2014\/10\/anuncio-face101.jpg 530w, https:\/\/machupicchubrasil.com.br\/blog\/wp-content\/uploads\/2014\/10\/anuncio-face101-300x158.jpg 300w\" sizes=\"auto, (max-width: 530px) 100vw, 530px\" \/><\/a><\/p>\n<p>&nbsp;<\/p>\n<p>Saiba que o maior perigo de se conhecer o <a href=\"https:\/\/machupicchubrasil.com.br\/blog\/peru\" target=\"_blank\" rel=\"noopener\"><strong>Peru<\/strong><\/a> \u00e9 se apaixonar pelo pa\u00eds e querer ficar mais e mais no lugar. O que est\u00e1 esperando para visit\u00e1-lo e se surpreender com a beleza e com os encantos peruanos? Na volta, conte pra gente o que achou da experi\u00eancia em <a href=\"http:\/\/conteudo.machupicchubrasil.com.br\/muito-alem-de-machu-picchu\" target=\"_blank\" rel=\"noopener\"><strong>Machu Picchu<\/strong><\/a> nos coment\u00e1rios!<\/p>\n<p>Texto :\u00a0<a href=\"https:\/\/plus.google.com\/+MachuPicchuBrasil\" rel=\"publisher\">Machu Picchu Brasil no Google+<\/a><\/p>\n<p><a title=\"Pacote Lima + Machu Picchu\" href=\"https:\/\/www.machupicchubrasil.com.br\/pacotes\/machu-picchu-classico\/\"><img loading=\"lazy\" decoding=\"async\" class=\"alignnone\" title=\"Como organizar as suas malas para viajar ao Peru\" src=\"https:\/\/machupicchubrasil.com.br\/blog\/wp-content\/uploads\/2014\/07\/BANNER-BLOG-011.jpg\" alt=\"viagem internacional peru\" width=\"620\" height=\"227\" \/><\/a><\/p>\n","protected":false},"excerpt":{"rendered":"<p>Hoje queremos compartilhar com nossos amigos e seguidores, a\u00a0carta enviada pelo Willian Cavalcante (s\u00f3cio-fundador da Machu Picchu Brasil) a todos os colaboradores que forma parte desta Grande Equipe,\u00a0tanto no escrit\u00f3rio em\u00a0S\u00e3o Paulo e tamb\u00e9m para nosso escrit\u00f3rio em Cuzco no Peru. &#8211; Veja abaixo:<\/p>\n","protected":false},"author":1,"featured_media":1913,"comment_status":"open","ping_status":"open","sticky":false,"template":"","format":"standard","meta":{"footnotes":""},"categories":[1],"tags":[67],"class_list":["post-1911","post","type-post","status-publish","format-standard","has-post-thumbnail","hentry","category-uncategorized","tag-machu-picchu-brasil"],"acf":[],"yoast_head":"<!-- This site is optimized with the Yoast SEO plugin v24.9 - https:\/\/yoast.com\/wordpress\/plugins\/seo\/ -->\n<title>Carta Aberta a Equipe Machu Picchu Brasil - Machu Picchu Brasil | Pacotes para Machu Picchu no Peru<\/title>\n<meta name=\"description\" content=\"oje queremos compartilhar com nossos amigos e seguidores, a carta enviada pelo Willian Cavalcante (s\u00f3cio-fundador da Machu Picchu Brasil).\" \/>\n<meta name=\"robots\" content=\"index, follow, max-snippet:-1, max-image-preview:large, max-video-preview:-1\" \/>\n<link rel=\"canonical\" href=\"https:\/\/machupicchubrasil.com.br\/blog\/carta-aberta-equipe-machu-picchu-brasil\/\" \/>\n<meta property=\"og:locale\" content=\"pt_BR\" \/>\n<meta property=\"og:type\" content=\"article\" \/>\n<meta property=\"og:title\" content=\"Carta Aberta a Equipe Machu Picchu Brasil - Machu Picchu Brasil | Pacotes para Machu Picchu no Peru\" \/>\n<meta property=\"og:description\" content=\"oje queremos compartilhar com nossos amigos e seguidores, a carta enviada pelo Willian Cavalcante (s\u00f3cio-fundador da Machu Picchu Brasil).\" \/>\n<meta property=\"og:url\" content=\"https:\/\/machupicchubrasil.com.br\/blog\/carta-aberta-equipe-machu-picchu-brasil\/\" \/>\n<meta property=\"og:site_name\" content=\"Machu Picchu Brasil | Pacotes para Machu Picchu no Peru\" \/>\n<meta property=\"article:published_time\" content=\"2014-10-27T16:46:11+00:00\" \/>\n<meta property=\"og:image\" content=\"https:\/\/machupicchubrasil.com.br\/blog\/wp-content\/uploads\/2014\/10\/equipe-machu-picchu-brasil-03.jpg\" \/>\n\t<meta property=\"og:image:width\" content=\"832\" \/>\n\t<meta property=\"og:image:height\" content=\"315\" \/>\n\t<meta property=\"og:image:type\" content=\"image\/jpeg\" \/>\n<meta name=\"author\" content=\"Adm- MKT\" \/>\n<meta name=\"twitter:card\" content=\"summary_large_image\" \/>\n<meta name=\"twitter:label1\" content=\"Escrito por\" \/>\n\t<meta name=\"twitter:data1\" content=\"Adm- MKT\" \/>\n\t<meta name=\"twitter:label2\" content=\"Est. tempo de leitura\" \/>\n\t<meta name=\"twitter:data2\" content=\"3 minutos\" \/>\n<script type=\"application\/ld+json\" class=\"yoast-schema-graph\">{\"@context\":\"https:\/\/schema.org\",\"@graph\":[{\"@type\":\"WebPage\",\"@id\":\"https:\/\/machupicchubrasil.com.br\/blog\/carta-aberta-equipe-machu-picchu-brasil\/\",\"url\":\"https:\/\/machupicchubrasil.com.br\/blog\/carta-aberta-equipe-machu-picchu-brasil\/\",\"name\":\"Carta Aberta a Equipe Machu Picchu Brasil - Machu Picchu Brasil | Pacotes para Machu Picchu no Peru\",\"isPartOf\":{\"@id\":\"https:\/\/machupicchubrasil.com.br\/blog\/#website\"},\"primaryImageOfPage\":{\"@id\":\"https:\/\/machupicchubrasil.com.br\/blog\/carta-aberta-equipe-machu-picchu-brasil\/#primaryimage\"},\"image\":{\"@id\":\"https:\/\/machupicchubrasil.com.br\/blog\/carta-aberta-equipe-machu-picchu-brasil\/#primaryimage\"},\"thumbnailUrl\":\"https:\/\/machupicchubrasil.com.br\/blog\/wp-content\/uploads\/2014\/10\/equipe-machu-picchu-brasil-03.jpg\",\"datePublished\":\"2014-10-27T16:46:11+00:00\",\"author\":{\"@id\":\"https:\/\/machupicchubrasil.com.br\/blog\/#\/schema\/person\/8c88e6e1a1c2554f025e5d4f94f9e88f\"},\"description\":\"oje queremos compartilhar com nossos amigos e seguidores, a carta enviada pelo Willian Cavalcante (s\u00f3cio-fundador da Machu Picchu Brasil).\",\"breadcrumb\":{\"@id\":\"https:\/\/machupicchubrasil.com.br\/blog\/carta-aberta-equipe-machu-picchu-brasil\/#breadcrumb\"},\"inLanguage\":\"pt-BR\",\"potentialAction\":[{\"@type\":\"ReadAction\",\"target\":[\"https:\/\/machupicchubrasil.com.br\/blog\/carta-aberta-equipe-machu-picchu-brasil\/\"]}]},{\"@type\":\"ImageObject\",\"inLanguage\":\"pt-BR\",\"@id\":\"https:\/\/machupicchubrasil.com.br\/blog\/carta-aberta-equipe-machu-picchu-brasil\/#primaryimage\",\"url\":\"https:\/\/machupicchubrasil.com.br\/blog\/wp-content\/uploads\/2014\/10\/equipe-machu-picchu-brasil-03.jpg\",\"contentUrl\":\"https:\/\/machupicchubrasil.com.br\/blog\/wp-content\/uploads\/2014\/10\/equipe-machu-picchu-brasil-03.jpg\",\"width\":832,\"height\":315,\"caption\":\"machu picchu brasil\"},{\"@type\":\"BreadcrumbList\",\"@id\":\"https:\/\/machupicchubrasil.com.br\/blog\/carta-aberta-equipe-machu-picchu-brasil\/#breadcrumb\",\"itemListElement\":[{\"@type\":\"ListItem\",\"position\":1,\"name\":\"In\u00edcio\",\"item\":\"https:\/\/machupicchubrasil.com.br\/blog\/\"},{\"@type\":\"ListItem\",\"position\":2,\"name\":\"Carta Aberta a Equipe Machu Picchu Brasil\"}]},{\"@type\":\"WebSite\",\"@id\":\"https:\/\/machupicchubrasil.com.br\/blog\/#website\",\"url\":\"https:\/\/machupicchubrasil.com.br\/blog\/\",\"name\":\"Machu Picchu Brasil | Pacotes para Machu Picchu no Peru\",\"description\":\"Machu Picchu Brasil - Experi\u00eancia e Seguran\u00e7a no Peru\",\"potentialAction\":[{\"@type\":\"SearchAction\",\"target\":{\"@type\":\"EntryPoint\",\"urlTemplate\":\"https:\/\/machupicchubrasil.com.br\/blog\/?s={search_term_string}\"},\"query-input\":{\"@type\":\"PropertyValueSpecification\",\"valueRequired\":true,\"valueName\":\"search_term_string\"}}],\"inLanguage\":\"pt-BR\"},{\"@type\":\"Person\",\"@id\":\"https:\/\/machupicchubrasil.com.br\/blog\/#\/schema\/person\/8c88e6e1a1c2554f025e5d4f94f9e88f\",\"name\":\"Adm- MKT\",\"image\":{\"@type\":\"ImageObject\",\"inLanguage\":\"pt-BR\",\"@id\":\"https:\/\/machupicchubrasil.com.br\/blog\/#\/schema\/person\/image\/\",\"url\":\"https:\/\/secure.gravatar.com\/avatar\/9bca0540686e5d221169413db3a41fe316fd34a90e724cebca20d9da28ef19db?s=96&d=mm&r=g\",\"contentUrl\":\"https:\/\/secure.gravatar.com\/avatar\/9bca0540686e5d221169413db3a41fe316fd34a90e724cebca20d9da28ef19db?s=96&d=mm&r=g\",\"caption\":\"Adm- MKT\"},\"sameAs\":[\"http:\/\/bloghomologacao.machupicchubrasil.com.br\"],\"url\":\"https:\/\/machupicchubrasil.com.br\/blog\/author\/admin\/\"}]}<\/script>\n<!-- \/ Yoast SEO plugin. -->","yoast_head_json":{"title":"Carta Aberta a Equipe Machu Picchu Brasil - Machu Picchu Brasil | Pacotes para Machu Picchu no Peru","description":"oje queremos compartilhar com nossos amigos e seguidores, a carta enviada pelo Willian Cavalcante (s\u00f3cio-fundador da Machu Picchu Brasil).","robots":{"index":"index","follow":"follow","max-snippet":"max-snippet:-1","max-image-preview":"max-image-preview:large","max-video-preview":"max-video-preview:-1"},"canonical":"https:\/\/machupicchubrasil.com.br\/blog\/carta-aberta-equipe-machu-picchu-brasil\/","og_locale":"pt_BR","og_type":"article","og_title":"Carta Aberta a Equipe Machu Picchu Brasil - Machu Picchu Brasil | Pacotes para Machu Picchu no Peru","og_description":"oje queremos compartilhar com nossos amigos e seguidores, a carta enviada pelo Willian Cavalcante (s\u00f3cio-fundador da Machu Picchu Brasil).","og_url":"https:\/\/machupicchubrasil.com.br\/blog\/carta-aberta-equipe-machu-picchu-brasil\/","og_site_name":"Machu Picchu Brasil | Pacotes para Machu Picchu no Peru","article_published_time":"2014-10-27T16:46:11+00:00","og_image":[{"width":832,"height":315,"url":"https:\/\/machupicchubrasil.com.br\/blog\/wp-content\/uploads\/2014\/10\/equipe-machu-picchu-brasil-03.jpg","type":"image\/jpeg"}],"author":"Adm- MKT","twitter_card":"summary_large_image","twitter_misc":{"Escrito por":"Adm- MKT","Est. tempo de leitura":"3 minutos"},"schema":{"@context":"https:\/\/schema.org","@graph":[{"@type":"WebPage","@id":"https:\/\/machupicchubrasil.com.br\/blog\/carta-aberta-equipe-machu-picchu-brasil\/","url":"https:\/\/machupicchubrasil.com.br\/blog\/carta-aberta-equipe-machu-picchu-brasil\/","name":"Carta Aberta a Equipe Machu Picchu Brasil - Machu Picchu Brasil | Pacotes para Machu Picchu no Peru","isPartOf":{"@id":"https:\/\/machupicchubrasil.com.br\/blog\/#website"},"primaryImageOfPage":{"@id":"https:\/\/machupicchubrasil.com.br\/blog\/carta-aberta-equipe-machu-picchu-brasil\/#primaryimage"},"image":{"@id":"https:\/\/machupicchubrasil.com.br\/blog\/carta-aberta-equipe-machu-picchu-brasil\/#primaryimage"},"thumbnailUrl":"https:\/\/machupicchubrasil.com.br\/blog\/wp-content\/uploads\/2014\/10\/equipe-machu-picchu-brasil-03.jpg","datePublished":"2014-10-27T16:46:11+00:00","author":{"@id":"https:\/\/machupicchubrasil.com.br\/blog\/#\/schema\/person\/8c88e6e1a1c2554f025e5d4f94f9e88f"},"description":"oje queremos compartilhar com nossos amigos e seguidores, a carta enviada pelo Willian Cavalcante (s\u00f3cio-fundador da Machu Picchu Brasil).","breadcrumb":{"@id":"https:\/\/machupicchubrasil.com.br\/blog\/carta-aberta-equipe-machu-picchu-brasil\/#breadcrumb"},"inLanguage":"pt-BR","potentialAction":[{"@type":"ReadAction","target":["https:\/\/machupicchubrasil.com.br\/blog\/carta-aberta-equipe-machu-picchu-brasil\/"]}]},{"@type":"ImageObject","inLanguage":"pt-BR","@id":"https:\/\/machupicchubrasil.com.br\/blog\/carta-aberta-equipe-machu-picchu-brasil\/#primaryimage","url":"https:\/\/machupicchubrasil.com.br\/blog\/wp-content\/uploads\/2014\/10\/equipe-machu-picchu-brasil-03.jpg","contentUrl":"https:\/\/machupicchubrasil.com.br\/blog\/wp-content\/uploads\/2014\/10\/equipe-machu-picchu-brasil-03.jpg","width":832,"height":315,"caption":"machu picchu brasil"},{"@type":"BreadcrumbList","@id":"https:\/\/machupicchubrasil.com.br\/blog\/carta-aberta-equipe-machu-picchu-brasil\/#breadcrumb","itemListElement":[{"@type":"ListItem","position":1,"name":"In\u00edcio","item":"https:\/\/machupicchubrasil.com.br\/blog\/"},{"@type":"ListItem","position":2,"name":"Carta Aberta a Equipe Machu Picchu Brasil"}]},{"@type":"WebSite","@id":"https:\/\/machupicchubrasil.com.br\/blog\/#website","url":"https:\/\/machupicchubrasil.com.br\/blog\/","name":"Machu Picchu Brasil | Pacotes para Machu Picchu no Peru","description":"Machu Picchu Brasil - Experi\u00eancia e Seguran\u00e7a no Peru","potentialAction":[{"@type":"SearchAction","target":{"@type":"EntryPoint","urlTemplate":"https:\/\/machupicchubrasil.com.br\/blog\/?s={search_term_string}"},"query-input":{"@type":"PropertyValueSpecification","valueRequired":true,"valueName":"search_term_string"}}],"inLanguage":"pt-BR"},{"@type":"Person","@id":"https:\/\/machupicchubrasil.com.br\/blog\/#\/schema\/person\/8c88e6e1a1c2554f025e5d4f94f9e88f","name":"Adm- MKT","image":{"@type":"ImageObject","inLanguage":"pt-BR","@id":"https:\/\/machupicchubrasil.com.br\/blog\/#\/schema\/person\/image\/","url":"https:\/\/secure.gravatar.com\/avatar\/9bca0540686e5d221169413db3a41fe316fd34a90e724cebca20d9da28ef19db?s=96&d=mm&r=g","contentUrl":"https:\/\/secure.gravatar.com\/avatar\/9bca0540686e5d221169413db3a41fe316fd34a90e724cebca20d9da28ef19db?s=96&d=mm&r=g","caption":"Adm- MKT"},"sameAs":["http:\/\/bloghomologacao.machupicchubrasil.com.br"],"url":"https:\/\/machupicchubrasil.com.br\/blog\/author\/admin\/"}]}},"_links":{"self":[{"href":"https:\/\/machupicchubrasil.com.br\/blog\/wp-json\/wp\/v2\/posts\/1911","targetHints":{"allow":["GET"]}}],"collection":[{"href":"https:\/\/machupicchubrasil.com.br\/blog\/wp-json\/wp\/v2\/posts"}],"about":[{"href":"https:\/\/machupicchubrasil.com.br\/blog\/wp-json\/wp\/v2\/types\/post"}],"author":[{"embeddable":true,"href":"https:\/\/machupicchubrasil.com.br\/blog\/wp-json\/wp\/v2\/users\/1"}],"replies":[{"embeddable":true,"href":"https:\/\/machupicchubrasil.com.br\/blog\/wp-json\/wp\/v2\/comments?post=1911"}],"version-history":[{"count":0,"href":"https:\/\/machupicchubrasil.com.br\/blog\/wp-json\/wp\/v2\/posts\/1911\/revisions"}],"wp:featuredmedia":[{"embeddable":true,"href":"https:\/\/machupicchubrasil.com.br\/blog\/wp-json\/wp\/v2\/media\/1913"}],"wp:attachment":[{"href":"https:\/\/machupicchubrasil.com.br\/blog\/wp-json\/wp\/v2\/media?parent=1911"}],"wp:term":[{"taxonomy":"category","embeddable":true,"href":"https:\/\/machupicchubrasil.com.br\/blog\/wp-json\/wp\/v2\/categories?post=1911"},{"taxonomy":"post_tag","embeddable":true,"href":"https:\/\/machupicchubrasil.com.br\/blog\/wp-json\/wp\/v2\/tags?post=1911"}],"curies":[{"name":"wp","href":"https:\/\/api.w.org\/{rel}","templated":true}]}}