{"id":10139,"date":"2024-10-24T18:23:58","date_gmt":"2024-10-24T21:23:58","guid":{"rendered":"https:\/\/machupicchubrasil.com.br\/blog\/?p=10139"},"modified":"2024-10-24T18:23:58","modified_gmt":"2024-10-24T21:23:58","slug":"dicas-de-roteiro-para-as-ferias-de-fim-de-ano-em-cusco","status":"publish","type":"post","link":"https:\/\/machupicchubrasil.com.br\/blog\/dicas-de-roteiro-para-as-ferias-de-fim-de-ano-em-cusco\/","title":{"rendered":"Dicas de roteiro para as f\u00e9rias de fim de ano em Cusco"},"content":{"rendered":"<p><span style=\"font-weight: 400;\">Passar as f\u00e9rias de fim de ano em Cusco \u00e9 uma \u00f3tima escolha. O per\u00edodo coincide com temperaturas mais amenas e com a <\/span><a href=\"https:\/\/machupicchubrasil.com.br\/blog\/machu-picchu-em-dezembro\/\"><span style=\"font-weight: 400;\">baixa temporada<\/span><\/a><span style=\"font-weight: 400;\"> tur\u00edstica, o que pode significar atra\u00e7\u00f5es menos concorridas.\u00a0<\/span><\/p>\n<p><span style=\"font-weight: 400;\">E tudo isso com a grande variedade de atrativos da regi\u00e3o \u00e0 sua disposi\u00e7\u00e3o, afinal n\u00e3o h\u00e1 nenhuma altera\u00e7\u00e3o no funcionamento dos pontos tur\u00edsticos. O \u00fanico desafio \u00e9 escolher o que incluir no roteiro em meio a tantas op\u00e7\u00f5es, mas isso voc\u00ea fica sabendo ao continuar a leitura.<\/span><\/p>\n<p>&nbsp;<\/p>\n<h3><span style=\"font-weight: 400;\">Roteiro de f\u00e9rias de fim de ano em Cusco<\/span><\/h3>\n<p><span style=\"font-weight: 400;\">Hist\u00f3ria, cultura, gastronomia. Cusco oferece tudo isso aos seus visitantes. Saiba o que incluir no seu roteiro de viagem com o que h\u00e1 de melhor para fazer por l\u00e1.<\/span><\/p>\n<p>&nbsp;<\/p>\n<h3><span style=\"font-weight: 400;\">Machu Picchu<\/span><\/h3>\n<p><img loading=\"lazy\" decoding=\"async\" class=\"alignnone wp-image-10008\" src=\"https:\/\/machupicchubrasil.com.br\/blog\/wp-content\/uploads\/2024\/06\/1600x1200_019499-300x225.jpg\" alt=\"\" width=\"760\" height=\"570\" srcset=\"https:\/\/machupicchubrasil.com.br\/blog\/wp-content\/uploads\/2024\/06\/1600x1200_019499-300x225.jpg 300w, https:\/\/machupicchubrasil.com.br\/blog\/wp-content\/uploads\/2024\/06\/1600x1200_019499-1024x768.jpg 1024w, https:\/\/machupicchubrasil.com.br\/blog\/wp-content\/uploads\/2024\/06\/1600x1200_019499-768x576.jpg 768w, https:\/\/machupicchubrasil.com.br\/blog\/wp-content\/uploads\/2024\/06\/1600x1200_019499-1536x1152.jpg 1536w, https:\/\/machupicchubrasil.com.br\/blog\/wp-content\/uploads\/2024\/06\/1600x1200_019499.jpg 1600w\" sizes=\"auto, (max-width: 760px) 100vw, 760px\" \/><\/p>\n<p><span style=\"font-weight: 400;\">Vamos come\u00e7ar pelo \u00f3bvio. \u00c9 claro que voc\u00ea ir\u00e1 incluir Machu Picchu no seu roteiro de f\u00e9rias de fim de ano em Cusco. Afinal, os <\/span><a href=\"https:\/\/machupicchubrasil.com.br\/blog\/novos-circuitos-de-machu-picchu-tudo-que-voce-precisa-saber\/\"><span style=\"font-weight: 400;\">circuitos de Machu Picchu<\/span><\/a><span style=\"font-weight: 400;\"> est\u00e3o abertos para visita\u00e7\u00e3o o ano inteiro, com a vantagem de que na baixa temporada o fluxo de visitantes \u00e9 menor.\u00a0<\/span><\/p>\n<p><span style=\"font-weight: 400;\">Isso s\u00f3 n\u00e3o elimina a necessidade de fazer suas reservas com anteced\u00eancia, pois essa \u00e9 uma recomenda\u00e7\u00e3o v\u00e1lida para qualquer \u00e9poca do ano, ok?\u00a0<\/span><\/p>\n<p>&nbsp;<\/p>\n<h3><span style=\"font-weight: 400;\">R\u00e9veillon Amarelo\u00a0<\/span><\/h3>\n<div id=\"attachment_10140\" style=\"width: 773px\" class=\"wp-caption alignnone\"><img loading=\"lazy\" decoding=\"async\" aria-describedby=\"caption-attachment-10140\" class=\" wp-image-10140\" src=\"https:\/\/machupicchubrasil.com.br\/blog\/wp-content\/uploads\/2024\/10\/01-300x178.jpg\" alt=\"\" width=\"763\" height=\"453\" srcset=\"https:\/\/machupicchubrasil.com.br\/blog\/wp-content\/uploads\/2024\/10\/01-300x178.jpg 300w, https:\/\/machupicchubrasil.com.br\/blog\/wp-content\/uploads\/2024\/10\/01-1024x607.jpg 1024w, https:\/\/machupicchubrasil.com.br\/blog\/wp-content\/uploads\/2024\/10\/01-768x456.jpg 768w, https:\/\/machupicchubrasil.com.br\/blog\/wp-content\/uploads\/2024\/10\/01-1536x911.jpg 1536w, https:\/\/machupicchubrasil.com.br\/blog\/wp-content\/uploads\/2024\/10\/01-2048x1215.jpg 2048w\" sizes=\"auto, (max-width: 763px) 100vw, 763px\" \/><p id=\"caption-attachment-10140\" class=\"wp-caption-text\"><span style=\"font-weight: 400;\">Se estamos falando de f\u00e9rias de fim de ano, estamos falando de r\u00e9veillon, n\u00e3o \u00e9 mesmo? E em Cusco esta \u00e9 uma celebra\u00e7\u00e3o muito especial, tanto que tem nome pr\u00f3prio: <\/span><a style=\"font-size: 16px;\" href=\"https:\/\/machupicchubrasil.com.br\/blog\/ano-novo-em-cusco\/\">R\u00e9veillon Amarelo<\/a><span style=\"font-weight: 400;\">.\u00a0<\/span><\/p><\/div>\n<p><span style=\"font-weight: 400;\">A tradi\u00e7\u00e3o \u00e9 a multid\u00e3o se reunir na Plaza de Armas de Cusco vestindo amarelo (da\u00ed o nome da festa) para assistir \u00e0 queima de fogos enquanto se come 12 uvas para ter dinheiro no novo ano que come\u00e7a. Sem d\u00favida, uma experi\u00eancia para incluir no seu roteiro.\u00a0<\/span><\/p>\n<p>&nbsp;<\/p>\n<h3><span style=\"font-weight: 400;\">Museus<\/span><\/h3>\n<p><img loading=\"lazy\" decoding=\"async\" class=\"\" src=\"https:\/\/www.salkantaytrekmachu.com\/img\/museums-in-cusco-06-616.jpg\" alt=\"Regional Historic Museum of Cusco\" width=\"762\" height=\"254\" \/><\/p>\n<p><span style=\"font-weight: 400;\">Quer aproveitar sua viagem para uma imers\u00e3o cultural e hist\u00f3rica? Ent\u00e3o a dica \u00e9 incluir os <\/span><a href=\"https:\/\/machupicchubrasil.com.br\/blog\/5-principais-museus-em-cusco\/\"><span style=\"font-weight: 400;\">museus em Cusco<\/span><\/a><span style=\"font-weight: 400;\"> no seu roteiro de f\u00e9rias de fim de ano.\u00a0<\/span><\/p>\n<p><span style=\"font-weight: 400;\">Considerada ber\u00e7o da civiliza\u00e7\u00e3o Inca, Capital Arqueol\u00f3gica das Am\u00e9ricas e Patrim\u00f4nio Cultural da Na\u00e7\u00e3o, Cusco tem v\u00e1rias op\u00e7\u00f5es de museus, como o Museo Inka, o Museo Machu Picchu, o Museo Hist\u00f3rico Regional de Cusco e o Museo de Arte Popular.<\/span><\/p>\n<p>&nbsp;<\/p>\n<h3><span style=\"font-weight: 400;\">Templos<\/span><\/h3>\n<p><span style=\"font-weight: 400;\">Voc\u00ea sabia que Cusco \u00e9 considerada por pesquisadores a cidade habitada mais antiga de toda a Am\u00e9rica, com vest\u00edgios de ocupa\u00e7\u00e3o humana h\u00e1 pelo menos 3.000 anos? E sabia que voc\u00ea pode testemunhar esse passado conhecendo os <\/span><a href=\"https:\/\/machupicchubrasil.com.br\/blog\/5-templos-de-cusco-para-conhecer\/\"><span style=\"font-weight: 400;\">templos de Cusco<\/span><\/a><span style=\"font-weight: 400;\">?<\/span><\/p>\n<p><span style=\"font-weight: 400;\">Do Qorikancha, tamb\u00e9m chamado de Templo do Sol, \u00e0 Bas\u00edlica da Virgem da Assun\u00e7\u00e3o, essas constru\u00e7\u00f5es te levam da era Inca \u00e0 coloniza\u00e7\u00e3o espanhola e s\u00e3o uma grande aula de hist\u00f3ria.<\/span><\/p>\n<p>&nbsp;<\/p>\n<h3><span style=\"font-weight: 400;\">Restaurantes<\/span><\/h3>\n<p><img loading=\"lazy\" decoding=\"async\" class=\"\" src=\"https:\/\/dynamic-media-cdn.tripadvisor.com\/media\/photo-o\/25\/8a\/12\/a0\/estamos-ubicados-en-el.jpg?w=1200&amp;h=-1&amp;s=1\" alt=\"Estamos ubicados en el centro de Cusco - Per\u00fa\" width=\"749\" height=\"499\" \/><\/p>\n<p><span style=\"font-weight: 400;\">N\u00e3o \u00e9 novidade para ningu\u00e9m que a gastronomia peruana \u00e9 uma das mais aclamadas internacionalmente e que alguns dos <\/span><a href=\"https:\/\/machupicchubrasil.com.br\/blog\/3-restaurantes-peruanos-entre-os-50-melhores-do-mundo-em-2024\/\"><span style=\"font-weight: 400;\">melhores restaurantes do mundo<\/span><\/a><span style=\"font-weight: 400;\"> est\u00e3o no Peru. Aproveite a sua viagem para Cusco e reserve um espa\u00e7o no seu roteiro para saborear tudo isso.<\/span><\/p>\n<p><span style=\"font-weight: 400;\">Um dos estabelecimentos de destaque na cidade \u00e9 o Chicha, comandado pelo renomado chef Gast\u00f3n Acurio, mas h\u00e1 muitas outras op\u00e7\u00f5es de <\/span><a href=\"https:\/\/machupicchubrasil.com.br\/blog\/restaurantes-em-cusco\/\"><span style=\"font-weight: 400;\">restaurantes em Cusco<\/span><\/a><span style=\"font-weight: 400;\"> para voc\u00ea conhecer.<\/span><\/p>\n<p>&nbsp;<\/p>\n<p><b>Quer ajuda para montar o seu roteiro de f\u00e9rias de fim de ano em Cusco? <\/b><a href=\"https:\/\/www.machupicchubrasil.com.br\/contato\/\"><b>Converse com a equipe da Machu Picchu Brasil<\/b><\/a><b>. J\u00e1 realizamos mais de 40.000 viagens ao Peru e estamos prontos para te auxiliar em todas as etapas da sua viagem. Tamb\u00e9m temos condi\u00e7\u00f5es especiais para o seu a\u00e9reo.<\/b><\/p>\n","protected":false},"excerpt":{"rendered":"<p>Passar as f\u00e9rias de fim de ano em Cusco \u00e9 uma \u00f3tima escolha. O per\u00edodo coincide com temperaturas mais amenas e com a baixa temporada tur\u00edstica, o que pode significar atra\u00e7\u00f5es menos concorridas.\u00a0 E tudo isso com a grande variedade de atrativos da regi\u00e3o \u00e0 sua disposi\u00e7\u00e3o, afinal n\u00e3o h\u00e1 nenhuma altera\u00e7\u00e3o no funcionamento dos [&hellip;]<\/p>\n","protected":false},"author":7,"featured_media":10142,"comment_status":"open","ping_status":"open","sticky":false,"template":"","format":"standard","meta":{"footnotes":""},"categories":[1],"tags":[],"class_list":["post-10139","post","type-post","status-publish","format-standard","has-post-thumbnail","hentry","category-uncategorized"],"acf":[],"yoast_head":"<!-- This site is optimized with the Yoast SEO plugin v24.9 - https:\/\/yoast.com\/wordpress\/plugins\/seo\/ -->\n<title>Dicas de roteiro para as f\u00e9rias de fim de ano em Cusco - Machu Picchu Brasil | Pacotes para Machu Picchu no Peru<\/title>\n<meta name=\"description\" content=\"Est\u00e1 pensando em passar as f\u00e9rias de fim de ano em Cusco? Ent\u00e3o confira dicas de roteiro para a sua viagem ao Peru.\" \/>\n<meta name=\"robots\" content=\"index, follow, max-snippet:-1, max-image-preview:large, max-video-preview:-1\" \/>\n<link rel=\"canonical\" href=\"https:\/\/machupicchubrasil.com.br\/blog\/dicas-de-roteiro-para-as-ferias-de-fim-de-ano-em-cusco\/\" \/>\n<meta property=\"og:locale\" content=\"pt_BR\" \/>\n<meta property=\"og:type\" content=\"article\" \/>\n<meta property=\"og:title\" content=\"Dicas de roteiro para as f\u00e9rias de fim de ano em Cusco - Machu Picchu Brasil | Pacotes para Machu Picchu no Peru\" \/>\n<meta property=\"og:description\" content=\"Est\u00e1 pensando em passar as f\u00e9rias de fim de ano em Cusco? Ent\u00e3o confira dicas de roteiro para a sua viagem ao Peru.\" \/>\n<meta property=\"og:url\" content=\"https:\/\/machupicchubrasil.com.br\/blog\/dicas-de-roteiro-para-as-ferias-de-fim-de-ano-em-cusco\/\" \/>\n<meta property=\"og:site_name\" content=\"Machu Picchu Brasil | Pacotes para Machu Picchu no Peru\" \/>\n<meta property=\"article:published_time\" content=\"2024-10-24T21:23:58+00:00\" \/>\n<meta property=\"og:image\" content=\"https:\/\/machupicchubrasil.com.br\/blog\/wp-content\/uploads\/2024\/10\/Depositphotos_27473793_xl-2015-copiar-scaled.jpg\" \/>\n\t<meta property=\"og:image:width\" content=\"2560\" \/>\n\t<meta property=\"og:image:height\" content=\"2169\" \/>\n\t<meta property=\"og:image:type\" content=\"image\/jpeg\" \/>\n<meta name=\"author\" content=\"Aurelio Lima\" \/>\n<meta name=\"twitter:card\" content=\"summary_large_image\" \/>\n<meta name=\"twitter:label1\" content=\"Escrito por\" \/>\n\t<meta name=\"twitter:data1\" content=\"Aurelio Lima\" \/>\n\t<meta name=\"twitter:label2\" content=\"Est. tempo de leitura\" \/>\n\t<meta name=\"twitter:data2\" content=\"5 minutos\" \/>\n<script type=\"application\/ld+json\" class=\"yoast-schema-graph\">{\"@context\":\"https:\/\/schema.org\",\"@graph\":[{\"@type\":\"WebPage\",\"@id\":\"https:\/\/machupicchubrasil.com.br\/blog\/dicas-de-roteiro-para-as-ferias-de-fim-de-ano-em-cusco\/\",\"url\":\"https:\/\/machupicchubrasil.com.br\/blog\/dicas-de-roteiro-para-as-ferias-de-fim-de-ano-em-cusco\/\",\"name\":\"Dicas de roteiro para as f\u00e9rias de fim de ano em Cusco - Machu Picchu Brasil | Pacotes para Machu Picchu no Peru\",\"isPartOf\":{\"@id\":\"https:\/\/machupicchubrasil.com.br\/blog\/#website\"},\"primaryImageOfPage\":{\"@id\":\"https:\/\/machupicchubrasil.com.br\/blog\/dicas-de-roteiro-para-as-ferias-de-fim-de-ano-em-cusco\/#primaryimage\"},\"image\":{\"@id\":\"https:\/\/machupicchubrasil.com.br\/blog\/dicas-de-roteiro-para-as-ferias-de-fim-de-ano-em-cusco\/#primaryimage\"},\"thumbnailUrl\":\"https:\/\/machupicchubrasil.com.br\/blog\/wp-content\/uploads\/2024\/10\/Depositphotos_27473793_xl-2015-copiar-scaled.jpg\",\"datePublished\":\"2024-10-24T21:23:58+00:00\",\"author\":{\"@id\":\"https:\/\/machupicchubrasil.com.br\/blog\/#\/schema\/person\/ea1cb9aa9734b63a67d2974cab6233a8\"},\"description\":\"Est\u00e1 pensando em passar as f\u00e9rias de fim de ano em Cusco? Ent\u00e3o confira dicas de roteiro para a sua viagem ao Peru.\",\"breadcrumb\":{\"@id\":\"https:\/\/machupicchubrasil.com.br\/blog\/dicas-de-roteiro-para-as-ferias-de-fim-de-ano-em-cusco\/#breadcrumb\"},\"inLanguage\":\"pt-BR\",\"potentialAction\":[{\"@type\":\"ReadAction\",\"target\":[\"https:\/\/machupicchubrasil.com.br\/blog\/dicas-de-roteiro-para-as-ferias-de-fim-de-ano-em-cusco\/\"]}]},{\"@type\":\"ImageObject\",\"inLanguage\":\"pt-BR\",\"@id\":\"https:\/\/machupicchubrasil.com.br\/blog\/dicas-de-roteiro-para-as-ferias-de-fim-de-ano-em-cusco\/#primaryimage\",\"url\":\"https:\/\/machupicchubrasil.com.br\/blog\/wp-content\/uploads\/2024\/10\/Depositphotos_27473793_xl-2015-copiar-scaled.jpg\",\"contentUrl\":\"https:\/\/machupicchubrasil.com.br\/blog\/wp-content\/uploads\/2024\/10\/Depositphotos_27473793_xl-2015-copiar-scaled.jpg\",\"width\":2560,\"height\":2169,\"caption\":\"Cuzco Square in Night - Plazza de Armas\"},{\"@type\":\"BreadcrumbList\",\"@id\":\"https:\/\/machupicchubrasil.com.br\/blog\/dicas-de-roteiro-para-as-ferias-de-fim-de-ano-em-cusco\/#breadcrumb\",\"itemListElement\":[{\"@type\":\"ListItem\",\"position\":1,\"name\":\"In\u00edcio\",\"item\":\"https:\/\/machupicchubrasil.com.br\/blog\/\"},{\"@type\":\"ListItem\",\"position\":2,\"name\":\"Dicas de roteiro para as f\u00e9rias de fim de ano em Cusco\"}]},{\"@type\":\"WebSite\",\"@id\":\"https:\/\/machupicchubrasil.com.br\/blog\/#website\",\"url\":\"https:\/\/machupicchubrasil.com.br\/blog\/\",\"name\":\"Machu Picchu Brasil | Pacotes para Machu Picchu no Peru\",\"description\":\"Machu Picchu Brasil - Experi\u00eancia e Seguran\u00e7a no Peru\",\"potentialAction\":[{\"@type\":\"SearchAction\",\"target\":{\"@type\":\"EntryPoint\",\"urlTemplate\":\"https:\/\/machupicchubrasil.com.br\/blog\/?s={search_term_string}\"},\"query-input\":{\"@type\":\"PropertyValueSpecification\",\"valueRequired\":true,\"valueName\":\"search_term_string\"}}],\"inLanguage\":\"pt-BR\"},{\"@type\":\"Person\",\"@id\":\"https:\/\/machupicchubrasil.com.br\/blog\/#\/schema\/person\/ea1cb9aa9734b63a67d2974cab6233a8\",\"name\":\"Aurelio Lima\",\"image\":{\"@type\":\"ImageObject\",\"inLanguage\":\"pt-BR\",\"@id\":\"https:\/\/machupicchubrasil.com.br\/blog\/#\/schema\/person\/image\/\",\"url\":\"https:\/\/secure.gravatar.com\/avatar\/3356c990da06b1330140a89cb5c071681a2353886b4f6adb618d1840d9113bbc?s=96&d=mm&r=g\",\"contentUrl\":\"https:\/\/secure.gravatar.com\/avatar\/3356c990da06b1330140a89cb5c071681a2353886b4f6adb618d1840d9113bbc?s=96&d=mm&r=g\",\"caption\":\"Aurelio Lima\"},\"url\":\"https:\/\/machupicchubrasil.com.br\/blog\/author\/aurelio\/\"}]}<\/script>\n<!-- \/ Yoast SEO plugin. -->","yoast_head_json":{"title":"Dicas de roteiro para as f\u00e9rias de fim de ano em Cusco - Machu Picchu Brasil | Pacotes para Machu Picchu no Peru","description":"Est\u00e1 pensando em passar as f\u00e9rias de fim de ano em Cusco? Ent\u00e3o confira dicas de roteiro para a sua viagem ao Peru.","robots":{"index":"index","follow":"follow","max-snippet":"max-snippet:-1","max-image-preview":"max-image-preview:large","max-video-preview":"max-video-preview:-1"},"canonical":"https:\/\/machupicchubrasil.com.br\/blog\/dicas-de-roteiro-para-as-ferias-de-fim-de-ano-em-cusco\/","og_locale":"pt_BR","og_type":"article","og_title":"Dicas de roteiro para as f\u00e9rias de fim de ano em Cusco - Machu Picchu Brasil | Pacotes para Machu Picchu no Peru","og_description":"Est\u00e1 pensando em passar as f\u00e9rias de fim de ano em Cusco? Ent\u00e3o confira dicas de roteiro para a sua viagem ao Peru.","og_url":"https:\/\/machupicchubrasil.com.br\/blog\/dicas-de-roteiro-para-as-ferias-de-fim-de-ano-em-cusco\/","og_site_name":"Machu Picchu Brasil | Pacotes para Machu Picchu no Peru","article_published_time":"2024-10-24T21:23:58+00:00","og_image":[{"width":2560,"height":2169,"url":"https:\/\/machupicchubrasil.com.br\/blog\/wp-content\/uploads\/2024\/10\/Depositphotos_27473793_xl-2015-copiar-scaled.jpg","type":"image\/jpeg"}],"author":"Aurelio Lima","twitter_card":"summary_large_image","twitter_misc":{"Escrito por":"Aurelio Lima","Est. tempo de leitura":"5 minutos"},"schema":{"@context":"https:\/\/schema.org","@graph":[{"@type":"WebPage","@id":"https:\/\/machupicchubrasil.com.br\/blog\/dicas-de-roteiro-para-as-ferias-de-fim-de-ano-em-cusco\/","url":"https:\/\/machupicchubrasil.com.br\/blog\/dicas-de-roteiro-para-as-ferias-de-fim-de-ano-em-cusco\/","name":"Dicas de roteiro para as f\u00e9rias de fim de ano em Cusco - Machu Picchu Brasil | Pacotes para Machu Picchu no Peru","isPartOf":{"@id":"https:\/\/machupicchubrasil.com.br\/blog\/#website"},"primaryImageOfPage":{"@id":"https:\/\/machupicchubrasil.com.br\/blog\/dicas-de-roteiro-para-as-ferias-de-fim-de-ano-em-cusco\/#primaryimage"},"image":{"@id":"https:\/\/machupicchubrasil.com.br\/blog\/dicas-de-roteiro-para-as-ferias-de-fim-de-ano-em-cusco\/#primaryimage"},"thumbnailUrl":"https:\/\/machupicchubrasil.com.br\/blog\/wp-content\/uploads\/2024\/10\/Depositphotos_27473793_xl-2015-copiar-scaled.jpg","datePublished":"2024-10-24T21:23:58+00:00","author":{"@id":"https:\/\/machupicchubrasil.com.br\/blog\/#\/schema\/person\/ea1cb9aa9734b63a67d2974cab6233a8"},"description":"Est\u00e1 pensando em passar as f\u00e9rias de fim de ano em Cusco? Ent\u00e3o confira dicas de roteiro para a sua viagem ao Peru.","breadcrumb":{"@id":"https:\/\/machupicchubrasil.com.br\/blog\/dicas-de-roteiro-para-as-ferias-de-fim-de-ano-em-cusco\/#breadcrumb"},"inLanguage":"pt-BR","potentialAction":[{"@type":"ReadAction","target":["https:\/\/machupicchubrasil.com.br\/blog\/dicas-de-roteiro-para-as-ferias-de-fim-de-ano-em-cusco\/"]}]},{"@type":"ImageObject","inLanguage":"pt-BR","@id":"https:\/\/machupicchubrasil.com.br\/blog\/dicas-de-roteiro-para-as-ferias-de-fim-de-ano-em-cusco\/#primaryimage","url":"https:\/\/machupicchubrasil.com.br\/blog\/wp-content\/uploads\/2024\/10\/Depositphotos_27473793_xl-2015-copiar-scaled.jpg","contentUrl":"https:\/\/machupicchubrasil.com.br\/blog\/wp-content\/uploads\/2024\/10\/Depositphotos_27473793_xl-2015-copiar-scaled.jpg","width":2560,"height":2169,"caption":"Cuzco Square in Night - Plazza de Armas"},{"@type":"BreadcrumbList","@id":"https:\/\/machupicchubrasil.com.br\/blog\/dicas-de-roteiro-para-as-ferias-de-fim-de-ano-em-cusco\/#breadcrumb","itemListElement":[{"@type":"ListItem","position":1,"name":"In\u00edcio","item":"https:\/\/machupicchubrasil.com.br\/blog\/"},{"@type":"ListItem","position":2,"name":"Dicas de roteiro para as f\u00e9rias de fim de ano em Cusco"}]},{"@type":"WebSite","@id":"https:\/\/machupicchubrasil.com.br\/blog\/#website","url":"https:\/\/machupicchubrasil.com.br\/blog\/","name":"Machu Picchu Brasil | Pacotes para Machu Picchu no Peru","description":"Machu Picchu Brasil - Experi\u00eancia e Seguran\u00e7a no Peru","potentialAction":[{"@type":"SearchAction","target":{"@type":"EntryPoint","urlTemplate":"https:\/\/machupicchubrasil.com.br\/blog\/?s={search_term_string}"},"query-input":{"@type":"PropertyValueSpecification","valueRequired":true,"valueName":"search_term_string"}}],"inLanguage":"pt-BR"},{"@type":"Person","@id":"https:\/\/machupicchubrasil.com.br\/blog\/#\/schema\/person\/ea1cb9aa9734b63a67d2974cab6233a8","name":"Aurelio Lima","image":{"@type":"ImageObject","inLanguage":"pt-BR","@id":"https:\/\/machupicchubrasil.com.br\/blog\/#\/schema\/person\/image\/","url":"https:\/\/secure.gravatar.com\/avatar\/3356c990da06b1330140a89cb5c071681a2353886b4f6adb618d1840d9113bbc?s=96&d=mm&r=g","contentUrl":"https:\/\/secure.gravatar.com\/avatar\/3356c990da06b1330140a89cb5c071681a2353886b4f6adb618d1840d9113bbc?s=96&d=mm&r=g","caption":"Aurelio Lima"},"url":"https:\/\/machupicchubrasil.com.br\/blog\/author\/aurelio\/"}]}},"_links":{"self":[{"href":"https:\/\/machupicchubrasil.com.br\/blog\/wp-json\/wp\/v2\/posts\/10139","targetHints":{"allow":["GET"]}}],"collection":[{"href":"https:\/\/machupicchubrasil.com.br\/blog\/wp-json\/wp\/v2\/posts"}],"about":[{"href":"https:\/\/machupicchubrasil.com.br\/blog\/wp-json\/wp\/v2\/types\/post"}],"author":[{"embeddable":true,"href":"https:\/\/machupicchubrasil.com.br\/blog\/wp-json\/wp\/v2\/users\/7"}],"replies":[{"embeddable":true,"href":"https:\/\/machupicchubrasil.com.br\/blog\/wp-json\/wp\/v2\/comments?post=10139"}],"version-history":[{"count":3,"href":"https:\/\/machupicchubrasil.com.br\/blog\/wp-json\/wp\/v2\/posts\/10139\/revisions"}],"predecessor-version":[{"id":10148,"href":"https:\/\/machupicchubrasil.com.br\/blog\/wp-json\/wp\/v2\/posts\/10139\/revisions\/10148"}],"wp:featuredmedia":[{"embeddable":true,"href":"https:\/\/machupicchubrasil.com.br\/blog\/wp-json\/wp\/v2\/media\/10142"}],"wp:attachment":[{"href":"https:\/\/machupicchubrasil.com.br\/blog\/wp-json\/wp\/v2\/media?parent=10139"}],"wp:term":[{"taxonomy":"category","embeddable":true,"href":"https:\/\/machupicchubrasil.com.br\/blog\/wp-json\/wp\/v2\/categories?post=10139"},{"taxonomy":"post_tag","embeddable":true,"href":"https:\/\/machupicchubrasil.com.br\/blog\/wp-json\/wp\/v2\/tags?post=10139"}],"curies":[{"name":"wp","href":"https:\/\/api.w.org\/{rel}","templated":true}]}}